{"id":9621,"date":"2023-10-27T11:10:22","date_gmt":"2023-10-27T14:10:22","guid":{"rendered":"https:\/\/hcdvillademerlo.com\/?p=9621"},"modified":"2023-10-27T11:23:49","modified_gmt":"2023-10-27T14:23:49","slug":"informe-de-sesion-n-28-cd-2023-fecha-26-de-octubre-del-2023","status":"publish","type":"post","link":"https:\/\/hcdvillademerlo.com\/index.php\/2023\/10\/27\/informe-de-sesion-n-28-cd-2023-fecha-26-de-octubre-del-2023\/","title":{"rendered":"Informe de sesi\u00f3n N\u00b0 28-CD-2023 \u2013 Fecha: 26 de Octubre del 2023"},"content":{"rendered":"\n<p><strong>SESI\u00d3N ORDINARIA N\u00ba 28 del 26 de Octubre de 2023 | \u201c40 A\u00f1os de Democracia Argentina\u201d<br><\/strong><br>Se aprob\u00f3 por unanimidad la Comunicaci\u00f3n a Secretar\u00eda de Gobierno, Desarrollo Social y Coordinaci\u00f3n, Dr. Francisco Oviedo, informa sobre la reuni\u00f3n mantenida con la Jueza de Faltas Municipal, donde se discuti\u00f3 la situaci\u00f3n salarial del personal jer\u00e1rquico de la Instituci\u00f3n.<br><br>Se aprob\u00f3 por unanimidad la Comunicaci\u00f3n a Direcci\u00f3n de Catastro Municipal, Arq. Victoria Ribeiro, se la convoca a reuni\u00f3n que la Comisi\u00f3n \u201cA\u201d de Planeamiento Urbano y Ambiente realizar\u00e1 el jueves 02.11.2023, a las 11:30 hs., a los fines de culminar aspectos relacionados al Texto Ordenado del Nomenclador de la Villa de Merlo.<br><br>Se aprob\u00f3 por unanimidad la Comunicaci\u00f3n al responsable de Hacienda, Dr. Bruno Mini, donde se le informa el d\u00eda y la hora para la continuaci\u00f3n de la revisaci\u00f3n de la documentaci\u00f3n soporte del 2\u00ba Trimestre del 2022.<br><br>Se aprobaron por unanimidad las Comunicaciones a Sec. de Gobierno, a Sec. de Ambiente de la Municipalidad de la Villa de Merlo, al Ministerio de Obras P\u00fablicas de la Provincia de San Luis, a San Luis Agua S.E, al Defensor del Pueblo del Gobierno de la Provincia, a fin que tomen conocimiento de la preocupaci\u00f3n manifestada por los vecinos del barrio Las Magdalenas (Barrio ubicado en cercan\u00eda del Arroyo del tigre) debido a la cercan\u00eda de la \u00e9poca de lluvias y la erosi\u00f3n del arroyo.<br><br>El Instituto Superior de Formaci\u00f3n Docente \u201cMonse\u00f1or Orzali\u201d, invita a participar del Acto Acad\u00e9mico de Egresados, el d\u00eda viernes 27 de octubre de 2023, a las 19:30hs., en el Polideportivo del Instituto.<br><br>La Coordinaci\u00f3n de Nivel Secundario E.P.A. N\u00b0 9 \u201cDr. Horacio de la Mota\u201d, invita a la muestra anual \u201cLa Mota Crea\u201d, a desarrollarse el viernes 27.10.2023, a las 18:00hs., en el edificio escolar.<br><br>La Secretar\u00eda de Ambiente, Producci\u00f3n y Desarrollo Sustentable, T\u00e9c. Stella Maris Cuello, invita a participar del Encuentro de Municipios R.A.M.C.C. (Red Argentina frente al Cambio Clim\u00e1tico), a realizarse los d\u00edas s\u00e1bado 28 y domingo 29.10.2023, en nuestra Villa de Merlo.<\/p>\n\n\n\n<hr class=\"wp-block-separator has-alpha-channel-opacity\"\/>\n\n\n\n<figure class=\"wp-block-gallery has-nested-images columns-2 is-cropped wp-block-gallery-1 is-layout-flex wp-block-gallery-is-layout-flex\">\n<figure class=\"wp-block-image size-medium\"><img loading=\"lazy\" decoding=\"async\" width=\"300\" height=\"300\" data-id=\"9626\" src=\"https:\/\/hcdvillademerlo.com\/wp-content\/uploads\/2023\/10\/sesion-28-b-300x300.jpg\" alt=\"\" class=\"wp-image-9626\" srcset=\"https:\/\/hcdvillademerlo.com\/wp-content\/uploads\/2023\/10\/sesion-28-b-300x300.jpg 300w, https:\/\/hcdvillademerlo.com\/wp-content\/uploads\/2023\/10\/sesion-28-b-150x150.jpg 150w, https:\/\/hcdvillademerlo.com\/wp-content\/uploads\/2023\/10\/sesion-28-b.jpg 600w\" sizes=\"auto, (max-width: 300px) 100vw, 300px\" \/><\/figure>\n\n\n\n<figure class=\"wp-block-image size-medium\"><img loading=\"lazy\" decoding=\"async\" width=\"300\" height=\"300\" data-id=\"9627\" src=\"https:\/\/hcdvillademerlo.com\/wp-content\/uploads\/2023\/10\/sesion-28-c-300x300.jpg\" alt=\"\" class=\"wp-image-9627\" srcset=\"https:\/\/hcdvillademerlo.com\/wp-content\/uploads\/2023\/10\/sesion-28-c-300x300.jpg 300w, https:\/\/hcdvillademerlo.com\/wp-content\/uploads\/2023\/10\/sesion-28-c-150x150.jpg 150w, https:\/\/hcdvillademerlo.com\/wp-content\/uploads\/2023\/10\/sesion-28-c.jpg 600w\" sizes=\"auto, (max-width: 300px) 100vw, 300px\" \/><\/figure>\n\n\n\n<figure class=\"wp-block-image size-medium\"><img loading=\"lazy\" decoding=\"async\" width=\"300\" height=\"300\" data-id=\"9625\" src=\"https:\/\/hcdvillademerlo.com\/wp-content\/uploads\/2023\/10\/sesion-28-a-300x300.jpg\" alt=\"\" class=\"wp-image-9625\" srcset=\"https:\/\/hcdvillademerlo.com\/wp-content\/uploads\/2023\/10\/sesion-28-a-300x300.jpg 300w, https:\/\/hcdvillademerlo.com\/wp-content\/uploads\/2023\/10\/sesion-28-a-150x150.jpg 150w, https:\/\/hcdvillademerlo.com\/wp-content\/uploads\/2023\/10\/sesion-28-a.jpg 600w\" sizes=\"auto, (max-width: 300px) 100vw, 300px\" \/><\/figure>\n\n\n\n<figure class=\"wp-block-image size-medium\"><img loading=\"lazy\" decoding=\"async\" width=\"300\" height=\"300\" data-id=\"9622\" src=\"https:\/\/hcdvillademerlo.com\/wp-content\/uploads\/2023\/10\/sesion-28-principal-300x300.jpg\" alt=\"SESI\u00d3N ORDINARIA N\u00ba 28 del 26 de Octubre de 2023\" class=\"wp-image-9622\" srcset=\"https:\/\/hcdvillademerlo.com\/wp-content\/uploads\/2023\/10\/sesion-28-principal-300x300.jpg 300w, https:\/\/hcdvillademerlo.com\/wp-content\/uploads\/2023\/10\/sesion-28-principal-150x150.jpg 150w, https:\/\/hcdvillademerlo.com\/wp-content\/uploads\/2023\/10\/sesion-28-principal-768x768.jpg 768w, https:\/\/hcdvillademerlo.com\/wp-content\/uploads\/2023\/10\/sesion-28-principal.jpg 800w\" sizes=\"auto, (max-width: 300px) 100vw, 300px\" \/><\/figure>\n<\/figure>\n","protected":false},"excerpt":{"rendered":"<p>Informe de sesi\u00f3n N\u00b0 28-CD-2023 \u2013 Fecha: 26 de Octubre del 2023<\/p>\n","protected":false},"author":1,"featured_media":9622,"comment_status":"closed","ping_status":"closed","sticky":false,"template":"","format":"standard","meta":{"footnotes":""},"categories":[4],"tags":[],"class_list":["post-9621","post","type-post","status-publish","format-standard","has-post-thumbnail","hentry","category-noticias"],"_links":{"self":[{"href":"https:\/\/hcdvillademerlo.com\/index.php\/wp-json\/wp\/v2\/posts\/9621","targetHints":{"allow":["GET"]}}],"collection":[{"href":"https:\/\/hcdvillademerlo.com\/index.php\/wp-json\/wp\/v2\/posts"}],"about":[{"href":"https:\/\/hcdvillademerlo.com\/index.php\/wp-json\/wp\/v2\/types\/post"}],"author":[{"embeddable":true,"href":"https:\/\/hcdvillademerlo.com\/index.php\/wp-json\/wp\/v2\/users\/1"}],"replies":[{"embeddable":true,"href":"https:\/\/hcdvillademerlo.com\/index.php\/wp-json\/wp\/v2\/comments?post=9621"}],"version-history":[{"count":2,"href":"https:\/\/hcdvillademerlo.com\/index.php\/wp-json\/wp\/v2\/posts\/9621\/revisions"}],"predecessor-version":[{"id":9629,"href":"https:\/\/hcdvillademerlo.com\/index.php\/wp-json\/wp\/v2\/posts\/9621\/revisions\/9629"}],"wp:featuredmedia":[{"embeddable":true,"href":"https:\/\/hcdvillademerlo.com\/index.php\/wp-json\/wp\/v2\/media\/9622"}],"wp:attachment":[{"href":"https:\/\/hcdvillademerlo.com\/index.php\/wp-json\/wp\/v2\/media?parent=9621"}],"wp:term":[{"taxonomy":"category","embeddable":true,"href":"https:\/\/hcdvillademerlo.com\/index.php\/wp-json\/wp\/v2\/categories?post=9621"},{"taxonomy":"post_tag","embeddable":true,"href":"https:\/\/hcdvillademerlo.com\/index.php\/wp-json\/wp\/v2\/tags?post=9621"}],"curies":[{"name":"wp","href":"https:\/\/api.w.org\/{rel}","templated":true}]}}