{"id":961,"date":"2016-04-06T14:01:02","date_gmt":"2016-04-06T17:01:02","guid":{"rendered":"http:\/\/hcdvillademerlo.com.ar.j8a.com.ar\/?p=961"},"modified":"2016-04-06T14:01:02","modified_gmt":"2016-04-06T17:01:02","slug":"exime-pago-tasas-a-artistas-locales-y-crea-registro-unico-de-hacedores-de-cultura-local","status":"publish","type":"post","link":"https:\/\/hcdvillademerlo.com\/index.php\/2016\/04\/06\/exime-pago-tasas-a-artistas-locales-y-crea-registro-unico-de-hacedores-de-cultura-local\/","title":{"rendered":"EXIME PAGO TASAS A ARTISTAS LOCALES Y CREA REGISTRO UNICO DE HACEDORES DE CULTURA LOCAL"},"content":{"rendered":"<p style=\"text-align: right\">\u00a0\u00a0\u00a0\u00a0\u00a0\u00a0\u00a0\u00a0\u00a0\u00a0\u00a0\u00a0\u00a0\u00a0\u00a0\u00a0\u00a0\u00a0\u00a0\u00a0\u00a0\u00a0\u00a0\u00a0\u00a0\u00a0\u00a0\u00a0\u00a0\u00a0\u00a0\u00a0\u00a0\u00a0\u00a0\u00a0\u00a0 Villa de Merlo, S.L., 03 de Noviembre de 2004.-<\/p>\n<p>&nbsp;<\/p>\n<p style=\"text-align: center\">\n<p style=\"text-align: center\"><span style=\"text-decoration: underline\"><strong>ORDENANZA N\u00ba 877-HCD-2004<\/strong><\/span><\/p>\n<p style=\"text-align: left\"><span style=\"text-decoration: underline\"><strong>VISTO:\u00a0<\/strong><\/span><\/p>\n<p>&nbsp;<br \/>\nLa Ordenanza N\u00ba 651-HCD-97, Impositiva o Tarifaria Municipal, en su Cap\u00edtulo III, Art. 9\u00ba, Incisos 3\u00ba y 7\u00ba, (apartado 4\u00ba), referido a las Funciones Teatrales, en el que se contempla el pago de un canon, Y:<br \/>\n&nbsp;<br \/>\n<span style=\"text-decoration: underline\"><strong>CONSIDERANDO:<\/strong><\/span><br \/>\nQue siendo la cultura el conjunto de rasgos distintivos, espirituales y materiales, intelectuales y afectivos, que caracterizan a una sociedad, s\u00f3lo puede medirse en t\u00e9rminos de valor pero no de precio.-<br \/>\nQue el t\u00e9rmino \u201ccultura\u201d engloba adem\u00e1s modos de vida, ceremonias, arte, invenciones, tecnolog\u00eda, sistemas de valores, derechos fundamentales del ser humano, tradiciones y creencias.-<br \/>\nQue a trav\u00e9s de la cultura se expresa el hombre, toma conciencia de s\u00ed mismo, cuestiona sus realizaciones, busca nuevos significados y crea obras que le trascienden, aportando a la identidad local.-<br \/>\nQue carece de sost\u00e9n conceptual, la decisi\u00f3n de equiparar a espect\u00e1culos convocados eventualmente a nuestra Villa por empresarios y\/o organizaciones que perciben una rentabilidad.-<br \/>\nQue los hacedores de cultura, dedicados a construirla durante todo el a\u00f1o, muchos de los cuales solo perciben una renta con la metodolog\u00eda conocida como \u201cA la Gorra\u201d, son tambi\u00e9n quienes se distinguen por hacer un aporte solidario a nuestro Municipio cada vez que a colaborar se los convoca.-<br \/>\nQue las tasas municipales que se cobren deben ser siempre la retribuci\u00f3n a un servicio que se presta.-<br \/>\n&nbsp;<br \/>\n<strong>POR TODO LO EXPUESTO, EL HONORABLE CONCEJO DELIBERANTE DE LA CIUDAD VILLA DE MERLO, SAN LUIS, EN USO DE LAS ATRIBUCIONES QUE LE CONFIERE LA LEY SANCIONA LA SIGUIENTE:<\/strong><br \/>\n&nbsp;<\/p>\n<p style=\"text-align: center\"><span style=\"text-decoration: underline\"><strong>ORDENANZA<\/strong><\/span><\/p>\n<p>&nbsp;<br \/>\n<strong>Art.1\u00ba).-\u00a0\u00a0\u00a0\u00a0\u00a0<\/strong>\u00a0\u00a0\u00a0\u00a0\u00a0\u00a0\u00a0\u00a0\u00a0\u00a0\u00a0\u00a0\u00a0\u00a0 <strong>EXIMIR<\/strong> a los hacedores de cultura local de toda tasa para el ejercicio de su arte.-<br \/>\n<strong>Art.2\u00ba).-\u00a0\u00a0\u00a0\u00a0\u00a0<\/strong>\u00a0\u00a0\u00a0\u00a0\u00a0\u00a0\u00a0\u00a0\u00a0\u00a0\u00a0\u00a0\u00a0\u00a0 <strong>CREASE<\/strong> el Registro \u00danico de los Hacedores de la Cultura Local, donde se registrar\u00e1n los destinatarios de la presente, conforme a lo expresado en los considerandos.-<br \/>\n<strong>Art.3\u00ba).-\u00a0\u00a0<\/strong>\u00a0\u00a0\u00a0\u00a0\u00a0\u00a0\u00a0\u00a0\u00a0\u00a0\u00a0\u00a0\u00a0\u00a0\u00a0\u00a0\u00a0 <strong>COMUNIQUESE, REGISTRESE, PUBLIQUESE Y ARCHIVESE.-<\/strong><br \/>\n&nbsp;<br \/>\nVicepresidente HCD.: Eduardo R. Gonz\u00e1lez<br \/>\nSecretario Legislativo HCD.: Dr. Jorge H. Flores<\/p>\n","protected":false},"excerpt":{"rendered":"<p>\u00a0\u00a0\u00a0\u00a0\u00a0\u00a0\u00a0\u00a0\u00a0\u00a0\u00a0\u00a0\u00a0\u00a0\u00a0\u00a0\u00a0\u00a0\u00a0\u00a0\u00a0\u00a0\u00a0\u00a0\u00a0\u00a0\u00a0\u00a0\u00a0\u00a0\u00a0\u00a0\u00a0\u00a0\u00a0\u00a0\u00a0 Villa de Merlo, S.L., 03 de Noviembre de 2004.- &nbsp; ORDENANZA N\u00ba 877-HCD-2004 VISTO:\u00a0 &nbsp; La Ordenanza N\u00ba 651-HCD-97, Impositiva o Tarifaria Municipal, en su Cap\u00edtulo III, Art. 9\u00ba, Incisos 3\u00ba y 7\u00ba, (apartado 4\u00ba), referido a las Funciones Teatrales, en el que se contempla el pago de un canon, Y: &nbsp; CONSIDERANDO: Que<\/p><\/div>\n<div class=\"blog-btn\"><a href=\"https:\/\/hcdvillademerlo.com\/index.php\/2016\/04\/06\/exime-pago-tasas-a-artistas-locales-y-crea-registro-unico-de-hacedores-de-cultura-local\/\" class=\"home-blog-btn\">Leer m\u00e1s<\/a><\/p>\n","protected":false},"author":1,"featured_media":0,"comment_status":"closed","ping_status":"open","sticky":false,"template":"","format":"standard","meta":{"footnotes":""},"categories":[20],"tags":[94],"class_list":["post-961","post","type-post","status-publish","format-standard","hentry","category-hacienda","tag-cultura"],"_links":{"self":[{"href":"https:\/\/hcdvillademerlo.com\/index.php\/wp-json\/wp\/v2\/posts\/961","targetHints":{"allow":["GET"]}}],"collection":[{"href":"https:\/\/hcdvillademerlo.com\/index.php\/wp-json\/wp\/v2\/posts"}],"about":[{"href":"https:\/\/hcdvillademerlo.com\/index.php\/wp-json\/wp\/v2\/types\/post"}],"author":[{"embeddable":true,"href":"https:\/\/hcdvillademerlo.com\/index.php\/wp-json\/wp\/v2\/users\/1"}],"replies":[{"embeddable":true,"href":"https:\/\/hcdvillademerlo.com\/index.php\/wp-json\/wp\/v2\/comments?post=961"}],"version-history":[{"count":0,"href":"https:\/\/hcdvillademerlo.com\/index.php\/wp-json\/wp\/v2\/posts\/961\/revisions"}],"wp:attachment":[{"href":"https:\/\/hcdvillademerlo.com\/index.php\/wp-json\/wp\/v2\/media?parent=961"}],"wp:term":[{"taxonomy":"category","embeddable":true,"href":"https:\/\/hcdvillademerlo.com\/index.php\/wp-json\/wp\/v2\/categories?post=961"},{"taxonomy":"post_tag","embeddable":true,"href":"https:\/\/hcdvillademerlo.com\/index.php\/wp-json\/wp\/v2\/tags?post=961"}],"curies":[{"name":"wp","href":"https:\/\/api.w.org\/{rel}","templated":true}]}}