{"id":9506,"date":"2023-09-21T09:30:55","date_gmt":"2023-09-21T12:30:55","guid":{"rendered":"https:\/\/hcdvillademerlo.com\/?p=9506"},"modified":"2023-09-21T09:58:18","modified_gmt":"2023-09-21T12:58:18","slug":"sesion-ordinaria-23-2023","status":"publish","type":"post","link":"https:\/\/hcdvillademerlo.com\/index.php\/2023\/09\/21\/sesion-ordinaria-23-2023\/","title":{"rendered":"ORDEN DEL D\u00cdA &#8211; SESI\u00d3N ORDINARIA ACTA N\u00b0 23-C.D.-2023 FECHA: 21 DE SEPTIEMBRE DE 2023"},"content":{"rendered":"\n<p><span style=\"text-decoration: underline;\"><strong>BANDERA:<\/strong><\/span> Concejal Gast\u00f3n Fonseca.-<\/p>\n\n\n\n<p><span style=\"text-decoration: underline;\"><strong>De los Despachos de Comisi\u00f3n:<\/strong><\/span><br>\u2022 Despacho de Comisi\u00f3n N\u00b0 203-C.D.-2023.- Proyecto de Resoluci\u00f3n, en ref.: DECLARAR DE INTER\u00c9S MUNICIPAL el evento \u201cMerl\u00edn Jazz Festival Internacional\u201d en su Edici\u00f3n 2023, as\u00ed como en todas las ediciones futuras que se celebren, en virtud de promover el enriquecimiento cultural de nuestra comunidad.-<\/p>\n\n\n\n<p>\u2022 Despacho de Comisi\u00f3n N\u00b0 204-C.D.-2023.- Proyecto de Resoluci\u00f3n, en ref.: Establecer durante el mes de Octubre de 2023 la utilizaci\u00f3n del membrete &#8220;40 A\u00f1os de Democracia Argentina&#8221; en todos los documentos oficiales y medios institucionales del Concejo Deliberante de la Villa de Merlo.-<\/p>\n\n\n\n<p>\u2022 Despacho de Comisi\u00f3n N\u00b0 205-C.D.-2023.- Proyecto de Comunicaci\u00f3n a la Secretar\u00eda de Gobierno, Desarrollo Social y Coordinaci\u00f3n, Dr. Francisco Oviedo, en ref.: solicitar la pronta aplicaci\u00f3n de la Ordenanza N\u00b0 X-0953-H.C.D.-2020, que establece la creaci\u00f3n del Bolet\u00edn Oficial Municipal Digital de la Villa de Merlo.-<\/p>\n\n\n\n<p>\u2022 Despacho de Comisi\u00f3n N\u00b0 206-C.D.-2023.- Proyecto de Comunicaci\u00f3n a la Secretar\u00eda de Gobierno, Desarrollo Social y Coordinaci\u00f3n, Dr. Francisco Oviedo, en ref.: solicitar la implementaci\u00f3n efectiva de la Ordenanza N\u00b0 II-1085-C.D.-2022 de \u201cINTERPRETE DE LENGUA DE SE\u00d1AS ARGENTINAS EN LAS DEPENDENCIAS MUNICIPALES\u201d.-<\/p>\n\n\n\n<p>\u2022 Despacho de Comisi\u00f3n N\u00b0 207-C.D.-2023.- Proyecto de Comunicaci\u00f3n a la Secretar\u00eda de Gobierno, Desarrollo Social y Coordinaci\u00f3n, Dr. Francisco Oviedo, en ref.: solicitar la pronta implementaci\u00f3n de la Ordenanza N\u00b0 II-1039-H.C.D.-2022, la cual declara a la Villa de Merlo como Ciudad Cardioprotegida.-<\/p>\n\n\n\n<p>\u2022 Despacho de Comisi\u00f3n N\u00b0 208-C.D.-2023.- Proyecto de Comunicaci\u00f3n a la Secretar\u00eda de Gobierno, Desarrollo Social y Coordinaci\u00f3n, Dr. Francisco Oviedo, en ref.: enviar copia de la Nota R. N\u00b0 217-C.D.-2023 de los vecinos del Club de Campo Calaguala, donde plantean problemas de mantenimiento de la calle de acceso al Club.-<\/p>\n\n\n\n<p><span style=\"text-decoration: underline;\"><strong>De los Informes y\/o Solicitudes del DEM:<\/strong><\/span><br>\u2022 Nota R. N\u00b0 230-C.D.-2023.- Secretar\u00eda de Gobierno, Desarrollo Social y Coordinaci\u00f3n, Dr. Francisco Oviedo, remite nota de la Direcci\u00f3n de Catastro, en ref.: Responder Comunicaci\u00f3n N\u00b0 160-C.D.-2023 y env\u00eda la informaci\u00f3n solicitada a fin de dar cumplimiento a lo establecido en la Resoluci\u00f3n N\u00b02314-C.D.-2023: Azud de Piedra Blanca.-<br>(Se sugiere pase a la Comisi\u00f3n \u201cA\u201d de Planeamiento Urbano y Ambiente).-<\/p>\n\n\n\n<p>\u2022 Nota R. N\u00b0 231-C.D.-2023.- Secretar\u00eda de Ambiente, Producci\u00f3n y Desarrollo Sustentable, T\u00e9c. Stella Marys Cuello, responde Comunicaci\u00f3n N\u00b0 133-C.D.-2023, en ref.: Informe sobre el funcionamiento del Centro Municipal de Reciclado.-<br>(Se sugiere pase a la Comisi\u00f3n \u201cA\u201d de Planeamiento Urbano y Ambiente).-<\/p>\n\n\n\n<p>\u2022 Nota R. N\u00b0 232-C.D.-2023.- Secretaria de Cultura de la Municipalidad de la Villa de Merlo, Prof. Silvia Lencina, solicita declarar de Inter\u00e9s Tur\u00edstico el 2\u00b0 Encuentro Provincial de Turismo, denominado \u201cPensando y Dise\u00f1ando un Turismo Inteligente y Responsable\u201d a realizarse en la Ciudad de Villa Mercedes, San Luis, el d\u00eda 22.09.2023.-<br>(Se sugiere pase a la Comisi\u00f3n \u201cB\u201d de Econom\u00eda y Gobierno).-<\/p>\n\n\n\n<p>\u2022 Nota R. N\u00b0 234-C.D.-2023.- Intendente Municipal, Dr. Juan \u00c1lvarez Pinto, eleva nota en ref.: rectificar lo solicitado en nota anterior N\u00b0 213-C.D.-2023 sobre la actualizaci\u00f3n de la tasa de inter\u00e9s de la Tarifaria 2023 y expone razones del pedido.-<br>(Se sugiere pase a la Comisi\u00f3n \u201cB\u201d de Econom\u00eda y Gobierno).-<\/p>\n\n\n\n<p>\u2022 Nota R. N\u00b0 236-C.D.-2023.- Secretar\u00eda de Hacienda de la Municipalidad de la Villa de Merlo, eleva nota en ref.: Ejecuci\u00f3n Presupuestaria de Egresos al 16.09.2023.-<br>(Se sugiere pase a la Comisi\u00f3n \u201cB\u201d de Econom\u00eda y Gobierno).-<\/p>\n\n\n\n<p><span style=\"text-decoration: underline;\"><strong>De las Peticiones y\/o Asuntos Particulares:<br><\/strong><\/span>\u2022 Nota R. N\u00ba 229-C.D.-2023.- Sra. Samantha Tenuta, solicita se declare de Inter\u00e9s Municipal el \u201cPrimer Encuentro Regional de Arte Mayor\u201d, a realizarse el d\u00eda 11 de noviembre del corriente a\u00f1o, lugar a definir.-<br>(Se sugiere pase a la Comisi\u00f3n \u201cB\u201d de Econom\u00eda y Gobierno).-<\/p>\n\n\n\n<p>\u2022 Nota R. N\u00ba 233-C.D.-2023.- Gerente de la Empresa de Transporte P\u00fablico de Pasajeros \u201cEl Merlino S.R.L.\u201d, Sr. Fernando Qui\u00f1onez, eleva nota solicitando aumento del servicio .-<br>(Se sugiere pase a la Comisi\u00f3n \u201cB\u201d de Econom\u00eda y Gobierno).-<\/p>\n\n\n\n<p><span style=\"text-decoration: underline;\"><strong>De los Proyectos y\/o Propuestas de los\/las Concejales\/las:<br><\/strong><\/span>\u2022 Nota R. N\u00ba 235-C.D.-2023.- Concejales del Bloque Juntos por el Cambio, elevan Proyecto de Resoluci\u00f3n, en ref.: DECLARAR de Inter\u00e9s Municipal el &#8220;Simposio Cuyano de Cardiometabolismo y Riesgo Cardiovascular&#8221; a desarrollarse en Villa de Merlo los d\u00edas 29 y 30 de Septiembre de 2023.-<br>(Se sugiere pase a la Comisi\u00f3n \u201cB\u201d de Econom\u00eda y Gobierno).-<\/p>\n\n\n\n<p><span style=\"text-decoration: underline;\"><strong>DE LOS ENTES<\/strong><\/span><\/p>\n\n\n\n<div class=\"wp-block-file\"><a id=\"wp-block-file--media-7e3ab170-2133-461d-9e4c-4562d4d17e7e\" href=\"https:\/\/hcdvillademerlo.com\/wp-content\/uploads\/2023\/09\/ORDEN-DEL-DIA-ACTA-N-023-21-09-23-1.pdf\" target=\"_blank\" rel=\"noreferrer noopener\">ORDEN-DEL-DIA-ACTA-N-023-21-09-23-1<\/a><a href=\"https:\/\/hcdvillademerlo.com\/wp-content\/uploads\/2023\/09\/ORDEN-DEL-DIA-ACTA-N-023-21-09-23-1.pdf\" class=\"wp-block-file__button wp-element-button\" download aria-describedby=\"wp-block-file--media-7e3ab170-2133-461d-9e4c-4562d4d17e7e\">Descargar orden del d\u00eda<\/a><\/div>\n","protected":false},"excerpt":{"rendered":"<p>SESI\u00d3N ORDINARIA ACTA N\u00b0 23-C.D.-2023<\/p>\n","protected":false},"author":1,"featured_media":0,"comment_status":"closed","ping_status":"closed","sticky":false,"template":"","format":"standard","meta":{"footnotes":""},"categories":[7],"tags":[],"class_list":["post-9506","post","type-post","status-publish","format-standard","hentry","category-orden-del-dia"],"_links":{"self":[{"href":"https:\/\/hcdvillademerlo.com\/index.php\/wp-json\/wp\/v2\/posts\/9506","targetHints":{"allow":["GET"]}}],"collection":[{"href":"https:\/\/hcdvillademerlo.com\/index.php\/wp-json\/wp\/v2\/posts"}],"about":[{"href":"https:\/\/hcdvillademerlo.com\/index.php\/wp-json\/wp\/v2\/types\/post"}],"author":[{"embeddable":true,"href":"https:\/\/hcdvillademerlo.com\/index.php\/wp-json\/wp\/v2\/users\/1"}],"replies":[{"embeddable":true,"href":"https:\/\/hcdvillademerlo.com\/index.php\/wp-json\/wp\/v2\/comments?post=9506"}],"version-history":[{"count":3,"href":"https:\/\/hcdvillademerlo.com\/index.php\/wp-json\/wp\/v2\/posts\/9506\/revisions"}],"predecessor-version":[{"id":9512,"href":"https:\/\/hcdvillademerlo.com\/index.php\/wp-json\/wp\/v2\/posts\/9506\/revisions\/9512"}],"wp:attachment":[{"href":"https:\/\/hcdvillademerlo.com\/index.php\/wp-json\/wp\/v2\/media?parent=9506"}],"wp:term":[{"taxonomy":"category","embeddable":true,"href":"https:\/\/hcdvillademerlo.com\/index.php\/wp-json\/wp\/v2\/categories?post=9506"},{"taxonomy":"post_tag","embeddable":true,"href":"https:\/\/hcdvillademerlo.com\/index.php\/wp-json\/wp\/v2\/tags?post=9506"}],"curies":[{"name":"wp","href":"https:\/\/api.w.org\/{rel}","templated":true}]}}