{"id":947,"date":"2016-04-06T10:29:38","date_gmt":"2016-04-06T13:29:38","guid":{"rendered":"http:\/\/hcdvillademerlo.com.ar.j8a.com.ar\/?p=947"},"modified":"2016-04-06T10:29:38","modified_gmt":"2016-04-06T13:29:38","slug":"uso-dominio-publico-municipal-por-comercios","status":"publish","type":"post","link":"https:\/\/hcdvillademerlo.com\/index.php\/2016\/04\/06\/uso-dominio-publico-municipal-por-comercios\/","title":{"rendered":"ORDENANZA N\u00ba 872\u2013HCD\u20132004 &quot;USO DOMINIO PUBLICO MUNICIPAL POR COMERCIOS&quot;"},"content":{"rendered":"<p style=\"text-align: right;\">\u00a0\u00a0\u00a0\u00a0\u00a0\u00a0\u00a0\u00a0\u00a0\u00a0\u00a0\u00a0\u00a0\u00a0\u00a0\u00a0\u00a0\u00a0\u00a0\u00a0\u00a0\u00a0\u00a0\u00a0\u00a0\u00a0\u00a0 Villa de Merlo, 24 de setiembre de 2004.-<\/p>\n<p style=\"text-align: center;\"><span style=\"text-decoration: underline;\"><strong>ORDENANZA N\u00ba 872\u2013HCD\u20132004<\/strong><\/span><\/p>\n<p><span style=\"text-decoration: underline;\"><strong>VISTO:<\/strong><\/span><br \/>\nLa Nota R. N\u00ba 296-HCD-04 por medio de la cual el Departamento Ejecutivo Municipal eleva a este Honorable Concejo Deliberante el Decreto N\u00ba 16-IM-04 referido a la restricci\u00f3n en el uso del dominio p\u00fablico municipal por parte de los comercios, y;<br \/>\n&nbsp;<br \/>\n<span style=\"text-decoration: underline;\"><strong>CONSIDERANDO:<\/strong><\/span><br \/>\nQue la Ordenanza N\u00ba 648-HCD-96 legisla sobre el uso del dominio p\u00fablico municipal, haci\u00e9ndose necesario reglamentar la ocupaci\u00f3n del espacio p\u00fablico.-<br \/>\nQue el C\u00f3digo Alimentario Argentino, Ley Nacional N\u00ba 18.248, requiere tratamiento adecuado en lo que se refiere a exposici\u00f3n y manipulaci\u00f3n de productos alimentarios, frutihort\u00edcolas en especial.-<br \/>\nQue es necesario el control bromatol\u00f3gico y el ejercicio de poder de polic\u00eda para la exposici\u00f3n y venta de este tipo de productos.-<br \/>\nQue las fruter\u00edas y verduler\u00edas realizan las exposiciones de los productos en los espacios p\u00fablicos, sobre las veredas de tr\u00e1nsito de peatones y animales.-<br \/>\nQue la Ordenanza N\u00ba 054-HCD-74 establece la vigencia y aplicaci\u00f3n de la Ley Nacional N\u00ba 18.248 y su Decreto Reglamentario N\u00ba 2126\/71 (C\u00f3digo Alimentario Argentino) en el ejido municipal.-<br \/>\n&nbsp;<br \/>\n<strong>POR TODO LO EXPUESTO, EL HONORABLE CONCEJO\u00a0 DELIBERANTE DE LA CIUDAD\u00a0 VILLA DE MERLO, SAN LUIS, EN USO DE LAS ATRIBUCIONES QUE LE CONFIERE LA LEY, SANCIONA LA SIGUIENTE:<\/strong><br \/>\n&nbsp;<\/p>\n<p style=\"text-align: center;\"><span style=\"text-decoration: underline;\"><strong>ORDENANZA<\/strong><\/span><\/p>\n<p><strong>Art.1\u00ba).-\u00a0\u00a0\u00a0<\/strong>\u00a0\u00a0\u00a0\u00a0\u00a0\u00a0\u00a0\u00a0\u00a0\u00a0\u00a0\u00a0\u00a0\u00a0\u00a0\u00a0 <strong>HOMOLOGAR \u00a0<\/strong>el \u00a0Decreto N\u00ba 16-IM-04 del Departamento Ejecutivo Municipal que establece, seg\u00fan su articulado:<br \/>\n1.\u00a0\u00a0\u00a0\u00a0\u00a0\u00a0\u00a0\u00a0 \u201c<strong>PROHIBESE<\/strong> la exposici\u00f3n y venta de todo tipo de alimentos, verduras, frutas y cualquier otro producto alimenticio de consumo humano que se realice en la v\u00eda p\u00fablica o espacios no autorizados para realizarlo.-<br \/>\n2.\u00a0\u00a0\u00a0\u00a0\u00a0\u00a0\u00a0\u00a0 <strong>ESTABLECER<\/strong> que el incumplimiento de lo prescripto en el art\u00edculo anterior ser\u00e1 sancionado con el decomiso de toda la mercader\u00eda expuesta, multas y\/o clausura del establecimiento comercial en infracci\u00f3n, conforme lo establezcan ordenanzas y dem\u00e1s normas legales vigentes\u201d.-<br \/>\n<strong>Art.2\u00ba).-\u00a0\u00a0\u00a0\u00a0\u00a0\u00a0\u00a0\u00a0\u00a0\u00a0\u00a0\u00a0\u00a0\u00a0\u00a0\u00a0\u00a0\u00a0\u00a0 Comun\u00edquese, Reg\u00edstrese, Publ\u00edquese y Arch\u00edvese.-<\/strong><br \/>\n&nbsp;<br \/>\n&nbsp;<br \/>\n&nbsp;<br \/>\n&nbsp;<br \/>\n&nbsp;<br \/>\n&nbsp;<br \/>\n&nbsp;<\/p>\n","protected":false},"excerpt":{"rendered":"<p>\u00a0\u00a0\u00a0\u00a0\u00a0\u00a0\u00a0\u00a0\u00a0\u00a0\u00a0\u00a0\u00a0\u00a0\u00a0\u00a0\u00a0\u00a0\u00a0\u00a0\u00a0\u00a0\u00a0\u00a0\u00a0\u00a0\u00a0 Villa de Merlo, 24 de setiembre de 2004.- ORDENANZA N\u00ba 872\u2013HCD\u20132004 VISTO: La Nota R. N\u00ba 296-HCD-04 por medio de la cual el Departamento Ejecutivo Municipal eleva a este Honorable Concejo Deliberante el Decreto N\u00ba 16-IM-04 referido a la restricci\u00f3n en el uso del dominio p\u00fablico municipal por parte de los comercios, y; &nbsp;<\/p><\/div>\n<div class=\"blog-btn\"><a href=\"https:\/\/hcdvillademerlo.com\/index.php\/2016\/04\/06\/uso-dominio-publico-municipal-por-comercios\/\" class=\"home-blog-btn\">Leer m\u00e1s<\/a><\/p>\n","protected":false},"author":1,"featured_media":0,"comment_status":"closed","ping_status":"open","sticky":false,"template":"","format":"standard","meta":{"footnotes":""},"categories":[20],"tags":[110],"class_list":["post-947","post","type-post","status-publish","format-standard","hentry","category-hacienda","tag-dominio"],"_links":{"self":[{"href":"https:\/\/hcdvillademerlo.com\/index.php\/wp-json\/wp\/v2\/posts\/947","targetHints":{"allow":["GET"]}}],"collection":[{"href":"https:\/\/hcdvillademerlo.com\/index.php\/wp-json\/wp\/v2\/posts"}],"about":[{"href":"https:\/\/hcdvillademerlo.com\/index.php\/wp-json\/wp\/v2\/types\/post"}],"author":[{"embeddable":true,"href":"https:\/\/hcdvillademerlo.com\/index.php\/wp-json\/wp\/v2\/users\/1"}],"replies":[{"embeddable":true,"href":"https:\/\/hcdvillademerlo.com\/index.php\/wp-json\/wp\/v2\/comments?post=947"}],"version-history":[{"count":0,"href":"https:\/\/hcdvillademerlo.com\/index.php\/wp-json\/wp\/v2\/posts\/947\/revisions"}],"wp:attachment":[{"href":"https:\/\/hcdvillademerlo.com\/index.php\/wp-json\/wp\/v2\/media?parent=947"}],"wp:term":[{"taxonomy":"category","embeddable":true,"href":"https:\/\/hcdvillademerlo.com\/index.php\/wp-json\/wp\/v2\/categories?post=947"},{"taxonomy":"post_tag","embeddable":true,"href":"https:\/\/hcdvillademerlo.com\/index.php\/wp-json\/wp\/v2\/tags?post=947"}],"curies":[{"name":"wp","href":"https:\/\/api.w.org\/{rel}","templated":true}]}}