{"id":9055,"date":"2023-04-03T10:52:44","date_gmt":"2023-04-03T13:52:44","guid":{"rendered":"https:\/\/hcdvillademerlo.com\/?p=9055"},"modified":"2023-04-03T10:52:56","modified_gmt":"2023-04-03T13:52:56","slug":"informe-de-sesion-n-06-cd-2023-fecha-30-de-marzo-del-2023","status":"publish","type":"post","link":"https:\/\/hcdvillademerlo.com\/index.php\/2023\/04\/03\/informe-de-sesion-n-06-cd-2023-fecha-30-de-marzo-del-2023\/","title":{"rendered":"Informe de sesi\u00f3n N\u00b0 06-CD-2023 \u2013 Fecha: 30 de Marzo del 2023"},"content":{"rendered":"\n<p><strong>En la SESI\u00d3N ORDINARIA N\u00ba 06 del 30 de Marzo de 2023 se trataron los siguientes temas:<\/strong><\/p>\n\n\n\n<p><br>Se aprob\u00f3 por unanimidad la Ordenanza, autorizando nuevo cuadro de tarifas para el servicio de Taxis de la Villa de Merlo.-<\/p>\n\n\n\n<p><br>Se aprob\u00f3 por unanimidad el Decreto, para disponer el reordenamiento general de la Ordenanza N\u00b0 VIII-0489-H.C.D.-2012: \u201cNomenclador de la Villa de Merlo\u201d.-<\/p>\n\n\n\n<p><br>Se aprob\u00f3 por unanimidad en enviar copia de Nota R. N\u00b0 016-C.D.-2023 de vecinos de Piedra Blanca Abajo a la Secretar\u00eda de Gobierno, Desarrollo Social y Coordinaci\u00f3n, Dr. Francisco Oviedo, por reclamos del chipiadero, realizados en la Banca Ciudadana del jueves 23-03-2023.-<\/p>\n\n\n\n<p><br>Se le comunic\u00f3 a la Secretar\u00eda de Ambiente, Producci\u00f3n y Desarrollo Sustentable, T\u00e9c. Stella Maris Cuello, para hacerle saber que la Concejala ANA MARIA NICOLETTI, ser\u00e1 la representante de este C.D. en el Proyecto denominado \u201cAn\u00e1lisis de la Calidad de Aire y Agua en la Villa de Merlo\u201d.<\/p>\n\n\n\n<p><br>Se aprob\u00f3 por unanimidad el pase a la comisi\u00f3n de Planeamiento Urbano y Ambiente, las notas del Sr. V\u00edctor Hugo Arg\u00fcello, donde solicita que se declare Patrimonio y Monumento Hist\u00f3rico Cultural Municipal y Zona intangible, la casa donde vivi\u00f3 Do\u00f1a Damiana Vega; y la documentaci\u00f3n del Sr. Leonardo Orona y Sra. Mary Vega de la propiedad donde vivi\u00f3 Damiana Vega.<\/p>\n\n\n\n<p><br>Se aprob\u00f3 por unanimidad el Homenaje a Declarar de Inter\u00e9s Municipal los 30 a\u00f1os de trayectoria de Paisa Brandan y Pepo Brandan\u201d.-<\/p>\n","protected":false},"excerpt":{"rendered":"<p>En la SESI\u00d3N ORDINARIA N\u00ba 06 del 30 de Marzo de 2023 se trataron los siguientes temas: Se aprob\u00f3 por unanimidad la Ordenanza, autorizando nuevo cuadro de tarifas para el servicio de Taxis de la Villa de Merlo.- Se aprob\u00f3 por unanimidad el Decreto, para disponer el reordenamiento general de la Ordenanza N\u00b0 VIII-0489-H.C.D.-2012: \u201cNomenclador<\/p><\/div>\n<div class=\"blog-btn\"><a href=\"https:\/\/hcdvillademerlo.com\/index.php\/2023\/04\/03\/informe-de-sesion-n-06-cd-2023-fecha-30-de-marzo-del-2023\/\" class=\"home-blog-btn\">Leer m\u00e1s<\/a><\/p>\n","protected":false},"author":1,"featured_media":9053,"comment_status":"closed","ping_status":"closed","sticky":false,"template":"","format":"standard","meta":{"footnotes":""},"categories":[4],"tags":[],"class_list":["post-9055","post","type-post","status-publish","format-standard","has-post-thumbnail","hentry","category-noticias"],"_links":{"self":[{"href":"https:\/\/hcdvillademerlo.com\/index.php\/wp-json\/wp\/v2\/posts\/9055","targetHints":{"allow":["GET"]}}],"collection":[{"href":"https:\/\/hcdvillademerlo.com\/index.php\/wp-json\/wp\/v2\/posts"}],"about":[{"href":"https:\/\/hcdvillademerlo.com\/index.php\/wp-json\/wp\/v2\/types\/post"}],"author":[{"embeddable":true,"href":"https:\/\/hcdvillademerlo.com\/index.php\/wp-json\/wp\/v2\/users\/1"}],"replies":[{"embeddable":true,"href":"https:\/\/hcdvillademerlo.com\/index.php\/wp-json\/wp\/v2\/comments?post=9055"}],"version-history":[{"count":1,"href":"https:\/\/hcdvillademerlo.com\/index.php\/wp-json\/wp\/v2\/posts\/9055\/revisions"}],"predecessor-version":[{"id":9056,"href":"https:\/\/hcdvillademerlo.com\/index.php\/wp-json\/wp\/v2\/posts\/9055\/revisions\/9056"}],"wp:featuredmedia":[{"embeddable":true,"href":"https:\/\/hcdvillademerlo.com\/index.php\/wp-json\/wp\/v2\/media\/9053"}],"wp:attachment":[{"href":"https:\/\/hcdvillademerlo.com\/index.php\/wp-json\/wp\/v2\/media?parent=9055"}],"wp:term":[{"taxonomy":"category","embeddable":true,"href":"https:\/\/hcdvillademerlo.com\/index.php\/wp-json\/wp\/v2\/categories?post=9055"},{"taxonomy":"post_tag","embeddable":true,"href":"https:\/\/hcdvillademerlo.com\/index.php\/wp-json\/wp\/v2\/tags?post=9055"}],"curies":[{"name":"wp","href":"https:\/\/api.w.org\/{rel}","templated":true}]}}