{"id":8994,"date":"2023-03-20T11:01:32","date_gmt":"2023-03-20T14:01:32","guid":{"rendered":"https:\/\/hcdvillademerlo.com\/?p=8994"},"modified":"2023-03-20T11:04:02","modified_gmt":"2023-03-20T14:04:02","slug":"informe-de-sesion-n-04-c-d-2023-fecha-16-de-marzo-de-2023","status":"publish","type":"post","link":"https:\/\/hcdvillademerlo.com\/index.php\/2023\/03\/20\/informe-de-sesion-n-04-c-d-2023-fecha-16-de-marzo-de-2023\/","title":{"rendered":"Informe de sesi\u00f3n N\u00b0 04-CD-2023 &#8211; Fecha: 16 de Marzo del 2023"},"content":{"rendered":"\n<p><strong>En la Sesi\u00f3n Ordinaria N\u00ba 04 del 16 de Marzo del 2023 se trataron los siguientes temas:<\/strong><\/p>\n\n\n\n<p><strong><br><\/strong>Particip\u00f3 de la Banca Ciudadana Agrupaci\u00f3n Juvennat, para tratar la apertura de traza del camino tur\u00edstico \u201cPepe Mercau\u201d, que une Cerro de Oro y Carpinter\u00eda. El tema abordado paso a la respectiva comisi\u00f3n de trabajo que continuara evaluando el pedido.<\/p>\n\n\n\n<p><br>Se Acept\u00f3 y Homolog\u00f3 la donaci\u00f3n efectuada mediante Acta de Donaci\u00f3n, de un inmueble ubicado en Cerro de Oro, cuyo propietario es el Sr. Perfelio Yedro.<\/p>\n\n\n\n<p><br>Se respondi\u00f3 la solicitud de Nota R. N\u00b0020-C.D.-2023, sobre pedido de ampliaci\u00f3n de la Ordenanza N\u00b0 XI-0558-H.C.D.-13, a MOVIPRO Merlo.<\/p>\n\n\n\n<p><br>El Instituto Federal de Gobierno, invit\u00f3 a la Instituci\u00f3n a participar del Curso \u201cHabilidades para la Gesti\u00f3n en el Concejo Deliberante\u201d.<\/p>\n\n\n\n<p><br>La Direcci\u00f3n de Mujeres, G\u00e9nero y Diversidad del Municipio de la Villa de Merlo, env\u00eda Recursero Institucional, realizado durante el a\u00f1o 2022.<\/p>\n\n\n\n<p><br>El Intendente Municipal, Dr. Juan \u00c1lvarez Pinto y Secretario de Gobierno, Dr. Francisco Oviedo, elevan Decreto N\u00b008-IM-2023, en ref.: Adherir al Decreto Provincial N\u00b0 52MGJyC2023 de convocatoria a Elecciones Provinciales y Decreto N\u00b0 09-IM-2023, en ref.: Declarar Abierto el Registro de Electores Extranjeros.<\/p>\n","protected":false},"excerpt":{"rendered":"<p>En la Sesi\u00f3n Ordinaria N\u00ba 04 del 16 de Marzo del 2023 se trataron los siguientes temas: Particip\u00f3 de la Banca Ciudadana Agrupaci\u00f3n Juvennat, para tratar la apertura de traza del camino tur\u00edstico \u201cPepe Mercau\u201d, que une Cerro de Oro y Carpinter\u00eda. El tema abordado paso a la respectiva comisi\u00f3n de trabajo que continuara evaluando<\/p><\/div>\n<div class=\"blog-btn\"><a href=\"https:\/\/hcdvillademerlo.com\/index.php\/2023\/03\/20\/informe-de-sesion-n-04-c-d-2023-fecha-16-de-marzo-de-2023\/\" class=\"home-blog-btn\">Leer m\u00e1s<\/a><\/p>\n","protected":false},"author":1,"featured_media":8990,"comment_status":"closed","ping_status":"closed","sticky":false,"template":"","format":"standard","meta":{"footnotes":""},"categories":[4],"tags":[],"class_list":["post-8994","post","type-post","status-publish","format-standard","has-post-thumbnail","hentry","category-noticias"],"_links":{"self":[{"href":"https:\/\/hcdvillademerlo.com\/index.php\/wp-json\/wp\/v2\/posts\/8994","targetHints":{"allow":["GET"]}}],"collection":[{"href":"https:\/\/hcdvillademerlo.com\/index.php\/wp-json\/wp\/v2\/posts"}],"about":[{"href":"https:\/\/hcdvillademerlo.com\/index.php\/wp-json\/wp\/v2\/types\/post"}],"author":[{"embeddable":true,"href":"https:\/\/hcdvillademerlo.com\/index.php\/wp-json\/wp\/v2\/users\/1"}],"replies":[{"embeddable":true,"href":"https:\/\/hcdvillademerlo.com\/index.php\/wp-json\/wp\/v2\/comments?post=8994"}],"version-history":[{"count":4,"href":"https:\/\/hcdvillademerlo.com\/index.php\/wp-json\/wp\/v2\/posts\/8994\/revisions"}],"predecessor-version":[{"id":9000,"href":"https:\/\/hcdvillademerlo.com\/index.php\/wp-json\/wp\/v2\/posts\/8994\/revisions\/9000"}],"wp:featuredmedia":[{"embeddable":true,"href":"https:\/\/hcdvillademerlo.com\/index.php\/wp-json\/wp\/v2\/media\/8990"}],"wp:attachment":[{"href":"https:\/\/hcdvillademerlo.com\/index.php\/wp-json\/wp\/v2\/media?parent=8994"}],"wp:term":[{"taxonomy":"category","embeddable":true,"href":"https:\/\/hcdvillademerlo.com\/index.php\/wp-json\/wp\/v2\/categories?post=8994"},{"taxonomy":"post_tag","embeddable":true,"href":"https:\/\/hcdvillademerlo.com\/index.php\/wp-json\/wp\/v2\/tags?post=8994"}],"curies":[{"name":"wp","href":"https:\/\/api.w.org\/{rel}","templated":true}]}}