{"id":848,"date":"2016-03-30T12:25:18","date_gmt":"2016-03-30T15:25:18","guid":{"rendered":"http:\/\/hcdvillademerlo.com.ar.j8a.com.ar\/?p=848"},"modified":"2016-03-30T12:25:18","modified_gmt":"2016-03-30T15:25:18","slug":"reglamentacion-de-transito-modifica-ord-711","status":"publish","type":"post","link":"https:\/\/hcdvillademerlo.com\/index.php\/2016\/03\/30\/reglamentacion-de-transito-modifica-ord-711\/","title":{"rendered":"REGLAMENTACION DE TRANSITO (MODIFICA ORD. 711)"},"content":{"rendered":"<p style=\"text-align: right\">Villa de Merlo (S.L) 29 de noviembre de 2002.-<\/p>\n<p>&nbsp;<\/p>\n<p style=\"text-align: center\"><span style=\"text-decoration: underline\"><strong>ORDENANZA N\u00ba 801-HCD-2002<\/strong><\/span>\n<\/p>\n<p><strong>VISTO:<\/strong><br \/>\nLa Ordenanza N\u00ba 711 HCD\/98; y<br \/>\n&nbsp;<br \/>\n<strong>CONSIDERANDO:<\/strong><br \/>\nQue se ha incrementado considerablemente la poblaci\u00f3n de nuestra Villa, aumentando en consecuencia el parque automotor, la actividad comercial y la afluencia de turistas.<br \/>\nQue es necesario adecuar la normativa vigente a las circunstancias actuales, resultando conveniente efectuar modificaciones a la misma a fin de lograr un mejor ordenamiento vehicular.<br \/>\n&nbsp;<br \/>\n<strong>POR TODO ELLO EL HONORABLE CONCEJO DELIBERANTE DE VILLA DE MERLO (S.L) EN USO DE SUS ATRIBUCIONES LEGALES SANCIONA LA SIGUIENTE:<\/strong><br \/>\n&nbsp;<\/p>\n<p style=\"text-align: center\"><span style=\"text-decoration: underline\"><strong>ORDENANZA<\/strong><\/span><\/p>\n<p>Art.1\u00ba).-\u00a0\u00a0\u00a0\u00a0\u00a0\u00a0\u00a0\u00a0\u00a0\u00a0\u00a0\u00a0\u00a0\u00a0\u00a0\u00a0\u00a0\u00a0\u00a0 Modif\u00edcanse los siguientes art\u00edculos de la Ordenanza N\u00ba 711\/98, los que quedar\u00e1n redactados de la siguiente manera:<br \/>\na)\u00a0\u00a0\u00a0 \u201cART. 2) Delim\u00edtase el Microcentro de esta Ciudad como la Zona Central establecida en la Ordenanza N\u00ba 744 HCD\/00.\u201d<br \/>\nb)\u00a0\u00a0 \u201cART.3) Incorp\u00f3rase como segundo apartado el siguiente texto: Los\u00a0 \u00f3mnibus de media y larga distancia s\u00f3lo podr\u00e1n ingresar al microcentro ajust\u00e1ndose a las exigencias establecidas en la Ordenanza N\u00ba 800 HCD\/02\u201d.<br \/>\nc)\u00a0\u00a0\u00a0 \u201cART.4) Autor\u00edzase como horario de carga y descarga de mercader\u00edas y otros materiales, el comprendido desde las 00:00 hora hasta las 09:00 hs y desde las 14:00 hs hasta las 16:00 hs. en los meses de Abril a Setiembre inclusive. Desde el mes de Octubre a Marzo desde las 00:00 hs, hasta las 09:00 hs y desde las 14:00 hs. hasta las 17:00 hs\u201d.-<br \/>\nd)\u00a0\u00a0 \u201cART. 5) Inc. 2) apart. b) \u201cEn calle Poeta Aguero, entre Sobremonte y Los Huarpes, sobre el costado oeste.\u201d<br \/>\n&#8212;&#8212;&#8212;&#8212;&#8212;&#8212;&#8212;&#8212;&#8211;apart. f) \u201cEn calle Pringles, entre Comechingones y Avda. del Sol, sobre el costado este y oeste.\u201d<br \/>\n&#8212;&#8212;&#8212;&#8212;&#8212;&#8212;&#8212;&#8212;&#8211;apart. g)\u00a0\u2018\u2019En Avda. Pablo Tissera, entre Presb\u00edtero Becerra y Pringl\u00e9s, sobre el costado Norte.\u201d<br \/>\nArt.2\u00ba).-\u00a0\u00a0\u00a0\u00a0\u00a0\u00a0\u00a0\u00a0\u00a0\u00a0\u00a0\u00a0\u00a0\u00a0\u00a0\u00a0\u00a0\u00a0\u00a0 Incorp\u00f3ranse al inc. 2) del Art. 5 los siguientes apartados:<br \/>\n&#8211;\u00a0\u00a0\u00a0\u00a0\u00a0\u00a0\u00a0\u00a0\u00a0 \u201cApart. j) En calle Presidente Per\u00f3n, entre El Algarrobo y Coronel Mercau, sobre el costado sur.\u201d<br \/>\n&#8211;\u00a0\u00a0\u00a0\u00a0\u00a0\u00a0\u00a0\u00a0\u00a0 \u201cApart. k) Proh\u00edbese el estacionamiento en calle Poeta Ag\u00fcero, en ambas manos, desde Independencia hasta Marques de Sobremonte.\u201d<br \/>\nArt.3\u00ba).-\u00a0\u00a0\u00a0\u00a0\u00a0\u00a0\u00a0\u00a0\u00a0\u00a0\u00a0\u00a0\u00a0\u00a0\u00a0\u00a0\u00a0\u00a0\u00a0 Modif\u00edcase el Art. 9 de la Ordenanza N\u00ba 711\/98 el que quedar\u00e1 redactado de la siguiente manera: \u201cEl Departamento Ejecutivo Municipal podr\u00e1 favorecer la instalaci\u00f3n de playas de estacionamiento, disponiendo la exenci\u00f3n de las tasas y derechos municipales de los predios afectados durante el tiempo de funcionamiento como tales.\u201d<br \/>\nArt.4\u00ba).-\u00a0\u00a0\u00a0\u00a0\u00a0\u00a0\u00a0\u00a0\u00a0\u00a0\u00a0\u00a0\u00a0\u00a0\u00a0\u00a0\u00a0\u00a0\u00a0 El Departamento Ejecutivo Municipal, en la reglamentaci\u00f3n de la presente, podr\u00e1 determinar horarios de cumplimiento de los estacionamientos establecidos.<br \/>\nArt.5\u00ba).-\u00a0\u00a0\u00a0\u00a0\u00a0\u00a0\u00a0\u00a0\u00a0\u00a0\u00a0\u00a0\u00a0\u00a0\u00a0\u00a0\u00a0\u00a0\u00a0 Comun\u00edquese, Publ\u00edquese, Reg\u00edstrese y Arch\u00edvese.-<br \/>\n&nbsp;<br \/>\nPresidente HCD: Dr. Mario E. Mini<br \/>\nSecretaria Legislativa HCD: Dra. Susana Segura<br \/>\n&nbsp;<\/p>\n","protected":false},"excerpt":{"rendered":"<p>Villa de Merlo (S.L) 29 de noviembre de 2002.- &nbsp; ORDENANZA N\u00ba 801-HCD-2002 VISTO: La Ordenanza N\u00ba 711 HCD\/98; y &nbsp; CONSIDERANDO: Que se ha incrementado considerablemente la poblaci\u00f3n de nuestra Villa, aumentando en consecuencia el parque automotor, la actividad comercial y la afluencia de turistas. Que es necesario adecuar la normativa vigente a las<\/p><\/div>\n<div class=\"blog-btn\"><a href=\"https:\/\/hcdvillademerlo.com\/index.php\/2016\/03\/30\/reglamentacion-de-transito-modifica-ord-711\/\" class=\"home-blog-btn\">Leer m\u00e1s<\/a><\/p>\n","protected":false},"author":1,"featured_media":0,"comment_status":"closed","ping_status":"open","sticky":false,"template":"","format":"standard","meta":{"footnotes":""},"categories":[16],"tags":[263],"class_list":["post-848","post","type-post","status-publish","format-standard","hentry","category-transporte","tag-transito"],"_links":{"self":[{"href":"https:\/\/hcdvillademerlo.com\/index.php\/wp-json\/wp\/v2\/posts\/848","targetHints":{"allow":["GET"]}}],"collection":[{"href":"https:\/\/hcdvillademerlo.com\/index.php\/wp-json\/wp\/v2\/posts"}],"about":[{"href":"https:\/\/hcdvillademerlo.com\/index.php\/wp-json\/wp\/v2\/types\/post"}],"author":[{"embeddable":true,"href":"https:\/\/hcdvillademerlo.com\/index.php\/wp-json\/wp\/v2\/users\/1"}],"replies":[{"embeddable":true,"href":"https:\/\/hcdvillademerlo.com\/index.php\/wp-json\/wp\/v2\/comments?post=848"}],"version-history":[{"count":0,"href":"https:\/\/hcdvillademerlo.com\/index.php\/wp-json\/wp\/v2\/posts\/848\/revisions"}],"wp:attachment":[{"href":"https:\/\/hcdvillademerlo.com\/index.php\/wp-json\/wp\/v2\/media?parent=848"}],"wp:term":[{"taxonomy":"category","embeddable":true,"href":"https:\/\/hcdvillademerlo.com\/index.php\/wp-json\/wp\/v2\/categories?post=848"},{"taxonomy":"post_tag","embeddable":true,"href":"https:\/\/hcdvillademerlo.com\/index.php\/wp-json\/wp\/v2\/tags?post=848"}],"curies":[{"name":"wp","href":"https:\/\/api.w.org\/{rel}","templated":true}]}}