{"id":7944,"date":"2022-03-17T10:43:28","date_gmt":"2022-03-17T13:43:28","guid":{"rendered":"https:\/\/hcdvillademerlo.com\/?p=7944"},"modified":"2022-03-17T10:59:39","modified_gmt":"2022-03-17T13:59:39","slug":"orden-del-dia-sesion-ordinaria-acta-no-03-hcd-2022-fecha-17-de-marzo-del-2022","status":"publish","type":"post","link":"https:\/\/hcdvillademerlo.com\/index.php\/2022\/03\/17\/orden-del-dia-sesion-ordinaria-acta-no-03-hcd-2022-fecha-17-de-marzo-del-2022\/","title":{"rendered":"ORDEN DEL D\u00cdA &#8211; SESI\u00d3N ORDINARIA ACTA N\u00b0 03-HCD-2022 FECHA: 17 DE MARZO DEL 2022"},"content":{"rendered":"\n<p><strong><u>BANCA DEL VECINO:<\/u><\/strong><\/p>\n\n\n\n<p>Sra. Fanny Lorca, en ref.: limpieza de veredas de los Barrios adyacentes al Cementerio, entre otros temas.-<\/p>\n\n\n\n<p><strong><u>De las Actas puestas a consideraci\u00f3n:<\/u><\/strong><\/p>\n\n\n\n<ul class=\"wp-block-list\"><li>Acta Sesi\u00f3n Extraordinaria del 18-01-22\u2026\u2026\u2026\u2026\u2026\u2026\u2026\u2026\u2026<\/li><li>Acta Sesi\u00f3n Extraordinaria del 02-02-22\u2026\u2026\u2026\u2026\u2026\u2026\u2026\u2026\u2026<\/li><li>Acta Sesi\u00f3n Especial Inicio del Periodo Legislativo del 02-03-22\u2026\u2026\u2026\u2026\u2026\u2026\u2026<\/li><\/ul>\n\n\n\n<p><strong><u>De los Despachos de Comisi\u00f3n:<\/u><\/strong><\/p>\n\n\n\n<ul class=\"wp-block-list\"><li><strong>Despacho de Comisi\u00f3n N\u00b0 036-HCD-2022.- <\/strong>Proyecto de Ordenanza, en ref.: Declarar a&nbsp; Villa de Merlo como&nbsp; \u201cCiudad Cardioprotegida\u201d.-<\/li><\/ul>\n\n\n\n<ul class=\"wp-block-list\"><li><strong>Despacho de Comisi\u00f3n N\u00b0 037-HCD-2022.- <\/strong>Proyecto de Ordenanza, en ref.: Aceptar y Homologar Donaci\u00f3n efectuada mediante Acta, por el Sr. Ivar Fern\u00e1ndez.-<\/li><\/ul>\n\n\n\n<ul class=\"wp-block-list\"><li><strong>Despacho de Comisi\u00f3n N\u00b0 038-HCD-2022.- <\/strong>Proyecto de Ordenanza, en ref.: Aceptar y Homologar Donaci\u00f3n efectuada mediante Acta, del Sr. Pablo y Sra. Elizabeth Miguel.-<\/li><\/ul>\n\n\n\n<ul class=\"wp-block-list\"><li><strong>Despacho de Comisi\u00f3n N\u00b0 039-HCD-2022.- <\/strong>Proyecto de Ordenanza, en ref.: Aceptar y Homologar Donaci\u00f3n efectuada mediante Acta, por el Sr. Waldo Olmos.-<\/li><\/ul>\n\n\n\n<ul class=\"wp-block-list\"><li><strong>Despacho de Comisi\u00f3n N\u00b0 040-HCD-2022.- <\/strong>Proyecto de Resoluci\u00f3n, en ref.: Establecer el d\u00eda de la Sesi\u00f3n Ordinaria N\u00b0 04, para el Mi\u00e9rcoles 23 de Marzo.-<\/li><li><strong>Despacho de Comisi\u00f3n N\u00b0 041-HCD-2022.- <\/strong>Proyecto de Resoluci\u00f3n, en ref.: Establecer la Sesi\u00f3n Especial del d\u00eda de la \u201cVerdad, Memoria y Justicia\u201d para el Mi\u00e9rcoles 23 de Marzo a las 17.00 hs..-<\/li><\/ul>\n\n\n\n<ul class=\"wp-block-list\"><li><strong>Despacho de Comisi\u00f3n<\/strong> <strong>N\u00b0 042-HCD-2022.- <\/strong>Proyecto de Nota M\u00faltiple invitando a participar de la Sesi\u00f3n Especial por el d\u00eda de la \u201cVerdad, Memoria y Justicia\u201d.-<\/li><\/ul>\n\n\n\n<ul class=\"wp-block-list\"><li><strong>Despacho de Comisi\u00f3n<\/strong> <strong>N\u00b0 030-HCD-2022.- <\/strong>Proyecto de&nbsp; Nota, &nbsp;al Sr. Andr\u00e9s del Carmen Busto<strong>, <\/strong>en ref.: convocarlo para&nbsp; el pr\u00f3ximo d\u00eda Lunes 21.03.2022, a las 16:00 hs., a la Reuni\u00f3n de Comisi\u00f3n a realizarse&nbsp; en el Recinto de este Concejo por su N.R. N\u00b0 024\/22.-<\/li><\/ul>\n\n\n\n<ul class=\"wp-block-list\"><li><strong>Despacho de Comisi\u00f3n<\/strong> <strong>N\u00b0 031-HCD-2022.- <\/strong>Proyecto de Nota a Direcci\u00f3n de Catastro, por la N.R. N\u00b0 032\/22 &nbsp;en ref.: a un pedido de &nbsp;para asignar nombre a una calle, a fin de que constate en el Nomenclador&nbsp; la posibilidad de tal designaci\u00f3n.-<\/li><\/ul>\n\n\n\n<ul class=\"wp-block-list\"><li><strong>Despacho de Comisi\u00f3n N\u00b0 035-HCD-2022.- <\/strong>Proyecto de Nota a Direcci\u00f3n de Catastro, en relaci\u00f3n a la Nota Recibida N\u00b0 369-HCD-2021, sobre pedido para asignar nombre a una calle, a fin de que constate en el Nomenclador&nbsp; la posibilidad de tal designaci\u00f3n.-<\/li><\/ul>\n\n\n\n<ul class=\"wp-block-list\"><li><strong>Despacho de Comisi\u00f3n<\/strong> <strong>N\u00b0 032-HCD-2022.- <\/strong>Proyecto de Nota a COAMA, a fin de convocarlos a Reuni\u00f3n de Comisi\u00f3n Plenario para el pr\u00f3ximo d\u00eda Martes 22.03.2022, a las 16 hs., en el Recinto de este Concejo.-<\/li><\/ul>\n\n\n\n<ul class=\"wp-block-list\"><li><strong>Despacho de Comisi\u00f3n N\u00b0 033-HCD-2022.- <\/strong>Proyecto de Nota a COAMA en ref.: a la Nota Recibida N\u00b0 368-HCD-2021, sobre la propuesta de privados de intercambio de parcelas que componen la Reserva Natural Manejada y Paisaje Protegido El Rinc\u00f3n, para vuestro conocimiento y dictamen.-<\/li><\/ul>\n\n\n\n<ul class=\"wp-block-list\"><li><strong>Despacho de Comisi\u00f3n N\u00b0 034-HCD-2022.- <\/strong>Proyecto de Nota a Direcci\u00f3n de Catastro, en relaci\u00f3n a la Nota Recibida N\u00b0 368-HCD-2021, propuesta de privados de intercambio de parcelas que componen la Reserva Natural Manejada y Paisaje Protegido El Rinc\u00f3n, solicitando se nos remita documentaci\u00f3n faltante.-<\/li><\/ul>\n\n\n\n<p><strong><u>De los Proyectos y\/o Propuestas de los Concejales:<\/u><\/strong><\/p>\n\n\n\n<ul class=\"wp-block-list\"><li><strong>Nota R. N\u00b0 048-HCD-22: <\/strong>Bloque Unidad Justicialista San Luis, elevan Proyecto de Resoluci\u00f3n en ref.: Declarar de Inter\u00e9s Municipal, la miniserie \u201cLa Maykel\u201d<\/li><\/ul>\n\n\n\n<p><strong>(A criterio de los\/las Concejales)<\/strong><\/p>\n\n\n\n<ul class=\"wp-block-list\"><li><strong>Nota R. N\u00b0 050-HCD-22: <\/strong>Bloque Juntos por el Cambio, elevan Proyecto de Resoluci\u00f3n en ref.: Declarar de Inter\u00e9s Municipal, la miniserie \u201cLa Maykel\u201d de producci\u00f3n local.-<\/li><\/ul>\n\n\n\n<p><strong>(A criterio de los\/las Concejales)<\/strong><\/p>\n\n\n\n<p><strong><u>De las Comunicaciones Oficiales:<\/u><\/strong><\/p>\n\n\n\n<ul class=\"wp-block-list\"><li><strong>Nota R. N\u00b0 041-HCD-22.<\/strong>&#8211; Asociaci\u00f3n de Autismo San Luis, Sede Merlo y alrededores, elevan nota solicitando Declarar de Inter\u00e9s Municipal, el mes de Abril, como \u201cMes de Concientizaci\u00f3n y Visibilizaci\u00f3n del Autismo\u201d.-<\/li><\/ul>\n\n\n\n<p><strong>(Se sugiere Pase a Comisi\u00f3n N\u00b0 2- Gobierno<\/strong><strong>)<\/strong><\/p>\n\n\n\n<ul class=\"wp-block-list\"><li><strong>Nota R. N\u00b0 042-HCD-22.<\/strong>&#8211; Cooperativa de Agua Potable, eleva nota informando la culminaci\u00f3n de la Emergencia H\u00eddrica.-<\/li><\/ul>\n\n\n\n<p><strong>(Se sugiere Toma de Conocimiento y Pase a Archivo<\/strong><strong>)<\/strong><\/p>\n\n\n\n<ul class=\"wp-block-list\"><li><strong>Nota R. N\u00b0 044-HCD-22.<\/strong>&#8211; Instituto Monse\u00f1or Orzali, invita a la Misa de Acci\u00f3n de Gracias y Acto Acad\u00e9mico por el 60\u00b0 Aniversario de la fundaci\u00f3n de la Instituci\u00f3n, el pr\u00f3ximo 18 de Marzo, a las 10.00 hs.&#8211;<\/li><\/ul>\n\n\n\n<p><strong>(Se sugiere Toma de Conocimiento y Pase a Archivo<\/strong><strong>)<\/strong><\/p>\n\n\n\n<p><strong><u>De los informes y\/o solicitudes del DEM:<\/u><\/strong><\/p>\n\n\n\n<ul class=\"wp-block-list\"><li><strong>Nota R. N\u00b0 040-HCD-22.<\/strong>&#8211; Sr. Secretario de Gobierno, Dr. Francisco Oviedo, remitenota de la Direcci\u00f3n de Catastro sobre solicitud del Sr. Rub\u00e9n Enrique San Juan. \u2013<\/li><\/ul>\n\n\n\n<p><strong>(Se sugiere Pase a Comisi\u00f3n N\u00b0 1- Planeamiento<\/strong><strong>)<\/strong><\/p>\n\n\n\n<ul class=\"wp-block-list\"><li><strong>Nota R. N\u00b0 045-HCD-22.<\/strong>&#8211; Sr. Secretario de Gobierno, Dr. Francisco Oviedo, formaliza invitaci\u00f3n&nbsp; a integrar el 1\u00b0 Encuentro Interinstitucional de abordaje en Ni\u00f1ez, Adolescencia y Familia, a realizarse el pr\u00f3ximo 23 de marzo.-<\/li><\/ul>\n\n\n\n<p><strong>(A criterio de los\/las Concejales)<\/strong><\/p>\n\n\n\n<ul class=\"wp-block-list\"><li><strong>Nota R. N\u00b0 047-HCD-22.<\/strong>&#8211; Sr. Secretario de Gobierno, Dr. Francisco Oviedo, remite nota de la Direcci\u00f3n de Catastro, la cual responde a N.E. N\u00b0 005, solicitud del Plano de zonificaci\u00f3n digital de la Villa de Merlo.-<\/li><\/ul>\n\n\n\n<p><strong>(Se sugiere Pase a Comisi\u00f3n N\u00b0 1- Planeamiento<\/strong><strong>)<\/strong><\/p>\n\n\n\n<p><strong><u>De los Asuntos Particulares:<\/u><\/strong><strong><\/strong><\/p>\n\n\n\n<ul class=\"wp-block-list\"><li><strong>Nota R. N\u00b0 046-HCD-22.<\/strong>&#8211; Artesanos de la Villa de Merlo, presentan documentaci\u00f3n en Reuni\u00f3n de Comisi\u00f3n, para agregar al Expediente.-<\/li><\/ul>\n\n\n\n<p><strong>(Se sugiere Pase a Comisi\u00f3n N\u00b0 2- Gobierno<\/strong><strong>)<\/strong><\/p>\n\n\n\n<p><strong><u>DE LOS ENTES<\/u><\/strong><\/p>\n\n\n\n<div class=\"wp-block-file\"><a href=\"https:\/\/hcdvillademerlo.com\/wp-content\/uploads\/2022\/03\/ORDEN-DEL-DIA-ACTA-N-003-17-03-22.pdf\" target=\"_blank\" rel=\"noreferrer noopener\">ORDEN-DEL-DIA-ACTA-N-003-17-03-22<\/a><a href=\"https:\/\/hcdvillademerlo.com\/wp-content\/uploads\/2022\/03\/ORDEN-DEL-DIA-ACTA-N-003-17-03-22.pdf\" class=\"wp-block-file__button\" download target=\"_blank\" rel=\"noopener\">Descargar orden del d\u00eda<\/a><\/div>\n\n\n\n<p><\/p>\n","protected":false},"excerpt":{"rendered":"<p>SESI\u00d3N ORDINARIA ACTA N\u00ba 03-HCD-2022<\/p>\n","protected":false},"author":1,"featured_media":0,"comment_status":"closed","ping_status":"closed","sticky":false,"template":"","format":"standard","meta":{"footnotes":""},"categories":[7],"tags":[],"class_list":["post-7944","post","type-post","status-publish","format-standard","hentry","category-orden-del-dia"],"_links":{"self":[{"href":"https:\/\/hcdvillademerlo.com\/index.php\/wp-json\/wp\/v2\/posts\/7944","targetHints":{"allow":["GET"]}}],"collection":[{"href":"https:\/\/hcdvillademerlo.com\/index.php\/wp-json\/wp\/v2\/posts"}],"about":[{"href":"https:\/\/hcdvillademerlo.com\/index.php\/wp-json\/wp\/v2\/types\/post"}],"author":[{"embeddable":true,"href":"https:\/\/hcdvillademerlo.com\/index.php\/wp-json\/wp\/v2\/users\/1"}],"replies":[{"embeddable":true,"href":"https:\/\/hcdvillademerlo.com\/index.php\/wp-json\/wp\/v2\/comments?post=7944"}],"version-history":[{"count":5,"href":"https:\/\/hcdvillademerlo.com\/index.php\/wp-json\/wp\/v2\/posts\/7944\/revisions"}],"predecessor-version":[{"id":7951,"href":"https:\/\/hcdvillademerlo.com\/index.php\/wp-json\/wp\/v2\/posts\/7944\/revisions\/7951"}],"wp:attachment":[{"href":"https:\/\/hcdvillademerlo.com\/index.php\/wp-json\/wp\/v2\/media?parent=7944"}],"wp:term":[{"taxonomy":"category","embeddable":true,"href":"https:\/\/hcdvillademerlo.com\/index.php\/wp-json\/wp\/v2\/categories?post=7944"},{"taxonomy":"post_tag","embeddable":true,"href":"https:\/\/hcdvillademerlo.com\/index.php\/wp-json\/wp\/v2\/tags?post=7944"}],"curies":[{"name":"wp","href":"https:\/\/api.w.org\/{rel}","templated":true}]}}