{"id":7792,"date":"2022-01-25T09:42:32","date_gmt":"2022-01-25T12:42:32","guid":{"rendered":"https:\/\/hcdvillademerlo.com\/?p=7792"},"modified":"2022-01-25T09:42:32","modified_gmt":"2022-01-25T12:42:32","slug":"el-concejo-deliberante-cedio-su-recinto-para-llevar-adelante-una-reunion-sobre-la-problematica-del-agua","status":"publish","type":"post","link":"https:\/\/hcdvillademerlo.com\/index.php\/2022\/01\/25\/el-concejo-deliberante-cedio-su-recinto-para-llevar-adelante-una-reunion-sobre-la-problematica-del-agua\/","title":{"rendered":"El Concejo Deliberante cedi\u00f3 su recinto para llevar adelante una reuni\u00f3n sobre la problem\u00e1tica del Agua"},"content":{"rendered":"\n<p>Esta ma\u00f1ana el Concejo Deliberante cedi\u00f3 su recinto para recibir a autoridades del Municipio, representantes de San Luis Agua S.E. y representantes de la Cooperativa de Agua de la Villa de Merlo; para llevar adelante una reuni\u00f3n sobre la problem\u00e1tica del Agua.<\/p>\n\n\n\n<p>Luego de tratar el tema se determin\u00f3 organizar una nueva reuni\u00f3n con los asesores t\u00e9cnicos especializados en temas h\u00eddricos de las tres instituciones para que brinden informaci\u00f3n espec\u00edfica sobre la situaci\u00f3n y as\u00ed abordar las posibles soluciones, entendiendo que no depende de una sola variable sino que son distintas las acciones que deber\u00edan realizarse.<\/p>\n\n\n\n<p>Desde el Concejo Deliberante quedamos a disposici\u00f3n de las partes para trabajar y modificar las legilaciones necesarias que colaboren en la resoluci\u00f3n futura del problema, entendiendo adem\u00e1s que el crecimiento de nuestra Villa y la recepci\u00f3n de turismo, nos obliga a pensar un Merlo a largo plazo.<\/p>\n","protected":false},"excerpt":{"rendered":"<p>Esta ma\u00f1ana el Concejo Deliberante cedi\u00f3 su recinto para recibir a autoridades del Municipio, representantes de San Luis Agua S.E. y representantes de la Cooperativa de Agua de la Villa de Merlo; para llevar adelante una reuni\u00f3n sobre la problem\u00e1tica del Agua. Luego de tratar el tema se determin\u00f3 organizar una nueva reuni\u00f3n con los<\/p><\/div>\n<div class=\"blog-btn\"><a href=\"https:\/\/hcdvillademerlo.com\/index.php\/2022\/01\/25\/el-concejo-deliberante-cedio-su-recinto-para-llevar-adelante-una-reunion-sobre-la-problematica-del-agua\/\" class=\"home-blog-btn\">Leer m\u00e1s<\/a><\/p>\n","protected":false},"author":1,"featured_media":7793,"comment_status":"closed","ping_status":"closed","sticky":false,"template":"","format":"standard","meta":{"footnotes":""},"categories":[4],"tags":[],"class_list":["post-7792","post","type-post","status-publish","format-standard","has-post-thumbnail","hentry","category-noticias"],"_links":{"self":[{"href":"https:\/\/hcdvillademerlo.com\/index.php\/wp-json\/wp\/v2\/posts\/7792","targetHints":{"allow":["GET"]}}],"collection":[{"href":"https:\/\/hcdvillademerlo.com\/index.php\/wp-json\/wp\/v2\/posts"}],"about":[{"href":"https:\/\/hcdvillademerlo.com\/index.php\/wp-json\/wp\/v2\/types\/post"}],"author":[{"embeddable":true,"href":"https:\/\/hcdvillademerlo.com\/index.php\/wp-json\/wp\/v2\/users\/1"}],"replies":[{"embeddable":true,"href":"https:\/\/hcdvillademerlo.com\/index.php\/wp-json\/wp\/v2\/comments?post=7792"}],"version-history":[{"count":1,"href":"https:\/\/hcdvillademerlo.com\/index.php\/wp-json\/wp\/v2\/posts\/7792\/revisions"}],"predecessor-version":[{"id":7794,"href":"https:\/\/hcdvillademerlo.com\/index.php\/wp-json\/wp\/v2\/posts\/7792\/revisions\/7794"}],"wp:featuredmedia":[{"embeddable":true,"href":"https:\/\/hcdvillademerlo.com\/index.php\/wp-json\/wp\/v2\/media\/7793"}],"wp:attachment":[{"href":"https:\/\/hcdvillademerlo.com\/index.php\/wp-json\/wp\/v2\/media?parent=7792"}],"wp:term":[{"taxonomy":"category","embeddable":true,"href":"https:\/\/hcdvillademerlo.com\/index.php\/wp-json\/wp\/v2\/categories?post=7792"},{"taxonomy":"post_tag","embeddable":true,"href":"https:\/\/hcdvillademerlo.com\/index.php\/wp-json\/wp\/v2\/tags?post=7792"}],"curies":[{"name":"wp","href":"https:\/\/api.w.org\/{rel}","templated":true}]}}