{"id":7755,"date":"2021-12-17T10:25:58","date_gmt":"2021-12-17T13:25:58","guid":{"rendered":"https:\/\/hcdvillademerlo.com\/?p=7755"},"modified":"2024-09-18T12:44:26","modified_gmt":"2024-09-18T15:44:26","slug":"ordenanza-n-x-1024-hcd-2021","status":"publish","type":"post","link":"https:\/\/hcdvillademerlo.com\/index.php\/2021\/12\/17\/ordenanza-n-x-1024-hcd-2021\/","title":{"rendered":"ORDENANZA N\u00b0 X-1024-HCD-2021 &#8211; INSTAURAR EL D\u00cdA DEL HIMNO A MERLO"},"content":{"rendered":"\n<p>Villa de Merlo, (San Luis), 09 de Diciembre de 2021.-<\/p>\n\n\n\n<p>ORDENANZA N\u00b0 X-1024-HCD-2021<\/p>\n\n\n\n<p>Instaurar el D\u00eda del Himno a Merlo 20 de Mayo<\/p>\n\n\n\n<p>VISTO:<\/p>\n\n\n\n<p>Que, es nuestro deber conocer los protagonistas de nuestra historia, para mantener su recuerdo e impulsar su reconocimiento.-<br>Que el objetivo es difundir toda acci\u00f3n cultural que acreciente el conocimiento de nuestra comunidad; y:<\/p>\n\n\n\n<p>CONSIDERANDO:<\/p>\n\n\n\n<p>Jorge Luis Altamirano, m\u00e1s conocido como \u201cCoco\u201d, naci\u00f3 en Villa Mercedes el 20 de mayo de 1951.-<br>Desde los 12 a\u00f1os se dedic\u00f3 a escribir canciones y poco m\u00e1s tarde inici\u00f3 sus estudios de guitarra cursando al mismo tiempo tres a\u00f1os del profesorado de literatura y castellano dependiente de la Universidad Nacional de San Juan.-<br>Con el tiempo descubri\u00f3 la poes\u00eda de Antonio Esteban Ag\u00fcero, y escuchando como Serrat musicaliz\u00f3 a Hern\u00e1ndez y Machado, C\u00e9sar Isella a Pedroni y V\u00edctor Heredia a Pablo Neruda, es como decidi\u00f3 hacerlo con este poeta que tanto lo impactaba.-<br>En 1995 se radica en Merlo, donde vacacionaba desde los cinco a\u00f1os, aqu\u00ed sent\u00eda una protecci\u00f3n muy especial, y se dedica exclusivamente a la m\u00fasica.-<br>Coco Altamirano compuso el Himno de la Villa de Merlo, y que fue seleccionado por un prestigioso jurado en el marco de la elecci\u00f3n de los s\u00edmbolos de Merlo.-<br>En junio de 1996 con motivo de la inauguraci\u00f3n de la plazoleta Juan de Videla en la Rotonda, el Himno a Merlo fue presentado en sociedad.-<br>Grab\u00f3 su primer casette llamado \u201cCielo sin aviones\u201d donde aparece entre otros el \u201cHimno de la Villa de Merlo\u201d, \u201cDigo la Tonada\u201d, \u201cRomance del ni\u00f1o del agua\u201d, \u201cDigo a Juana Koslay\u201d, \u201cYo Presidente.\u201d.-<br>Durante algunos a\u00f1os Jorge Altamirano estuvo a cargo de la Casa del Poeta difundiendo su obra.-<br>Jorge Luis Altamirano destaca en el estribillo de su himno la caracter\u00edstica fundamental para la difusi\u00f3n del turismo en el pa\u00eds:<\/p>\n\n\n\n<p>\u201cYo quisiera el verbo m\u00e1gico de Ag\u00fcero<br>Y contarle a todo el mundo como es Merlo<br>Para\u00edso natural, vergel divino<br>Custodiado por los \u00e1ngeles del cerro<br>Si alg\u00fan d\u00eda sube el agua de los mares<br>A resguardo voy a estar, aqu\u00ed en mi pueblo<br>Tengo un arca generosa en tierra firme<br>Y en su proa esperanzada dice Merlo.<\/p>\n\n\n\n<p>En el a\u00f1o 2017 Jorge Altamirano fue declarado ciudadano ilustre por la Municipalidad de Merlo.-<\/p>\n\n\n\n<p>POR TODO LO EXPUESTO, ESTE HONORABLE CONCEJO DELIBERANTE DE LA CIUDAD VILLA DE MERLO, SAN LUIS, EN USO DE LAS ATRIBUCIONES Y FACULTADES QUE LE CONFIERE LA LEY SANCIONA LA SIGUIENTE:<\/p>\n\n\n\n<p>ORDENANZA<\/p>\n\n\n\n<p>Art. 1\u00ba: Instaurar como \u201cd\u00eda del Himno a Merlo\u201d el d\u00eda 20 de Mayo.-<br><br>Art. 2\u00ba: Apoyar todas las iniciativas y homenajes que se realicen en la Ciudad.-<br><br>Art. 3\u00ba: COMUNIQUESE, NOTIFIQUESE, PUBLIQUESE, REGISTRESE Y OPORTUNAMENTE ARCHIVESE.-<\/p>\n\n\n\n<div class=\"wp-block-file btn-descarga-ordenanza\"><a id=\"wp-block-file--media-106a277d-6677-444c-94a5-0b60e310438e\" href=\"https:\/\/hcdvillademerlo.com\/wp-content\/uploads\/2021\/12\/1024-X-INSTAURAR-EL-DIA-DEL-HIMNO-A-MERLO.docx\" target=\"_blank\" rel=\"noreferrer noopener\">1024-X- INSTAURAR EL DIA DEL HIMNO A MERLO<\/a><a href=\"https:\/\/hcdvillademerlo.com\/wp-content\/uploads\/2021\/12\/1024-X-INSTAURAR-EL-DIA-DEL-HIMNO-A-MERLO.docx\" class=\"wp-block-file__button wp-element-button\" download aria-describedby=\"wp-block-file--media-106a277d-6677-444c-94a5-0b60e310438e\"><i class=\"fa fa-download\"><\/i>Descargar ordenanza<\/a><\/div>\n","protected":false},"excerpt":{"rendered":"<p>INSTAURAR EL D\u00cdA DEL HIMNO A MERLO<\/p>\n","protected":false},"author":1,"featured_media":0,"comment_status":"closed","ping_status":"closed","sticky":false,"template":"","format":"standard","meta":{"footnotes":""},"categories":[8,296],"tags":[],"class_list":["post-7755","post","type-post","status-publish","format-standard","hentry","category-ordenanza","category-ordenanzas-2021"],"_links":{"self":[{"href":"https:\/\/hcdvillademerlo.com\/index.php\/wp-json\/wp\/v2\/posts\/7755","targetHints":{"allow":["GET"]}}],"collection":[{"href":"https:\/\/hcdvillademerlo.com\/index.php\/wp-json\/wp\/v2\/posts"}],"about":[{"href":"https:\/\/hcdvillademerlo.com\/index.php\/wp-json\/wp\/v2\/types\/post"}],"author":[{"embeddable":true,"href":"https:\/\/hcdvillademerlo.com\/index.php\/wp-json\/wp\/v2\/users\/1"}],"replies":[{"embeddable":true,"href":"https:\/\/hcdvillademerlo.com\/index.php\/wp-json\/wp\/v2\/comments?post=7755"}],"version-history":[{"count":3,"href":"https:\/\/hcdvillademerlo.com\/index.php\/wp-json\/wp\/v2\/posts\/7755\/revisions"}],"predecessor-version":[{"id":10895,"href":"https:\/\/hcdvillademerlo.com\/index.php\/wp-json\/wp\/v2\/posts\/7755\/revisions\/10895"}],"wp:attachment":[{"href":"https:\/\/hcdvillademerlo.com\/index.php\/wp-json\/wp\/v2\/media?parent=7755"}],"wp:term":[{"taxonomy":"category","embeddable":true,"href":"https:\/\/hcdvillademerlo.com\/index.php\/wp-json\/wp\/v2\/categories?post=7755"},{"taxonomy":"post_tag","embeddable":true,"href":"https:\/\/hcdvillademerlo.com\/index.php\/wp-json\/wp\/v2\/tags?post=7755"}],"curies":[{"name":"wp","href":"https:\/\/api.w.org\/{rel}","templated":true}]}}