{"id":771,"date":"2016-03-29T13:59:16","date_gmt":"2016-03-29T16:59:16","guid":{"rendered":"http:\/\/hcdvillademerlo.com.ar.j8a.com.ar\/?p=771"},"modified":"2016-03-29T13:59:16","modified_gmt":"2016-03-29T16:59:16","slug":"dispone-cierre-camino-inti-raymi-en-periodos-afectados-por-fenomenos-atmosfericos","status":"publish","type":"post","link":"https:\/\/hcdvillademerlo.com\/index.php\/2016\/03\/29\/dispone-cierre-camino-inti-raymi-en-periodos-afectados-por-fenomenos-atmosfericos\/","title":{"rendered":"DISPONE CIERRE CAMINO INTI- RAYMI EN PERIODOS AFECTADOS POR FEN\u00d3MENOS ATMOSFERICOS"},"content":{"rendered":"<p>&nbsp;<\/p>\n<p style=\"text-align: right\">Villa de Merlo, (S.L.), 22 de Junio de 2001.-<\/p>\n<p>&nbsp;<\/p>\n<p style=\"text-align: center\"><span style=\"text-decoration: underline\"><strong>ORDENANZA\u00a0 N\u00ba 767-HCD-2001<\/strong><\/span><\/p>\n<p><span style=\"text-decoration: underline\"><strong>VISTO:<\/strong><\/span><br \/>\nLa apertura al libre tr\u00e1nsito del camino denominado \u201cInti Raimi\u201d (Ruta N\u00ba 5) y la necesidad de reglamentar su uso dentro del ejido de la Municipalidad de Villa de Merlo; y<br \/>\n&nbsp;<br \/>\n<strong><span style=\"text-decoration: underline\">CONSIDERANDO<\/span>:<\/strong><br \/>\nQue por tratarse de un camino de alta monta\u00f1a presupone un alto grado de peligrosidad.<br \/>\nQue los distintos fen\u00f3menos atmosf\u00e9ricos pueden afectar su transitabilidad.<br \/>\nQue fundamentalmente, en el periodo invernal la presencia de hielo o nieve sobre la capa asf\u00e1ltica pueden representar un peligro para la seguridad de los eventuales usuarios.<br \/>\nQue es un deber de las autoridades velar por la vida y la seguridad de los habitantes y de los turistas que transitan por el camino mencionado.<br \/>\nQue se hace necesario solicitar la colaboraci\u00f3n de la polic\u00eda de la provincia para hacer efectivo su control.<br \/>\n&nbsp;<br \/>\n<strong>POR TODO ELLO, EL HONORABLE CONCEJO DELIBERANTE DE VILLA DE MERLO (S.L) EN USO DE SUS ATRIBUCIONES LEGALES, SANCIONA LA SIGUIENTE:<\/strong><br \/>\n&nbsp;<\/p>\n<p style=\"text-align: center\"><span style=\"text-decoration: underline\"><strong>ORDENANZA<\/strong><\/span><\/p>\n<p>&nbsp;<br \/>\nArt.1\u00ba).-\u00a0\u00a0\u00a0\u00a0\u00a0\u00a0\u00a0\u00a0\u00a0\u00a0\u00a0\u00a0\u00a0\u00a0\u00a0\u00a0\u00a0\u00a0\u00a0 Disponer el cierre del camino \u201cInti Raimi\u201d durante los per\u00edodos en que los fen\u00f3menos atmosf\u00e9ricos afecten su transitabilidad, conforme la reglamentaci\u00f3n que establezca el Departamento Ejecutivo Municipal.<br \/>\nArt.2\u00ba).-\u00a0\u00a0\u00a0\u00a0\u00a0\u00a0\u00a0\u00a0\u00a0\u00a0\u00a0\u00a0\u00a0\u00a0\u00a0\u00a0\u00a0\u00a0\u00a0 Solicitar, a los fines de hacer efectivo el cumplimiento de lo dispuesto en el art\u00edculo anterior, la colaboraci\u00f3n de la Polic\u00eda de la Provincia de San Luis.<br \/>\nArt.3\u00ba).-\u00a0\u00a0\u00a0\u00a0\u00a0\u00a0\u00a0\u00a0\u00a0\u00a0\u00a0\u00a0\u00a0\u00a0\u00a0\u00a0\u00a0\u00a0\u00a0 Comun\u00edquese, Publ\u00edquese, Reg\u00edstrese y Arch\u00edvese.<br \/>\n&nbsp;<br \/>\n&nbsp;<br \/>\nConcejal H.C.D.: Cecilia Fern\u00e1ndez de Gabriel<br \/>\nSecretaria Legislativa H.C.D.: Dra. Susana Segura<br \/>\n<span style=\"line-height: 1.5\">a<\/span><\/p>\n","protected":false},"excerpt":{"rendered":"<p>&nbsp; Villa de Merlo, (S.L.), 22 de Junio de 2001.- &nbsp; ORDENANZA\u00a0 N\u00ba 767-HCD-2001 VISTO: La apertura al libre tr\u00e1nsito del camino denominado \u201cInti Raimi\u201d (Ruta N\u00ba 5) y la necesidad de reglamentar su uso dentro del ejido de la Municipalidad de Villa de Merlo; y &nbsp; CONSIDERANDO: Que por tratarse de un camino de<\/p><\/div>\n<div class=\"blog-btn\"><a href=\"https:\/\/hcdvillademerlo.com\/index.php\/2016\/03\/29\/dispone-cierre-camino-inti-raymi-en-periodos-afectados-por-fenomenos-atmosfericos\/\" class=\"home-blog-btn\">Leer m\u00e1s<\/a><\/p>\n","protected":false},"author":1,"featured_media":0,"comment_status":"closed","ping_status":"open","sticky":false,"template":"","format":"standard","meta":{"footnotes":""},"categories":[16],"tags":[61],"class_list":["post-771","post","type-post","status-publish","format-standard","hentry","category-transporte","tag-camino"],"_links":{"self":[{"href":"https:\/\/hcdvillademerlo.com\/index.php\/wp-json\/wp\/v2\/posts\/771","targetHints":{"allow":["GET"]}}],"collection":[{"href":"https:\/\/hcdvillademerlo.com\/index.php\/wp-json\/wp\/v2\/posts"}],"about":[{"href":"https:\/\/hcdvillademerlo.com\/index.php\/wp-json\/wp\/v2\/types\/post"}],"author":[{"embeddable":true,"href":"https:\/\/hcdvillademerlo.com\/index.php\/wp-json\/wp\/v2\/users\/1"}],"replies":[{"embeddable":true,"href":"https:\/\/hcdvillademerlo.com\/index.php\/wp-json\/wp\/v2\/comments?post=771"}],"version-history":[{"count":0,"href":"https:\/\/hcdvillademerlo.com\/index.php\/wp-json\/wp\/v2\/posts\/771\/revisions"}],"wp:attachment":[{"href":"https:\/\/hcdvillademerlo.com\/index.php\/wp-json\/wp\/v2\/media?parent=771"}],"wp:term":[{"taxonomy":"category","embeddable":true,"href":"https:\/\/hcdvillademerlo.com\/index.php\/wp-json\/wp\/v2\/categories?post=771"},{"taxonomy":"post_tag","embeddable":true,"href":"https:\/\/hcdvillademerlo.com\/index.php\/wp-json\/wp\/v2\/tags?post=771"}],"curies":[{"name":"wp","href":"https:\/\/api.w.org\/{rel}","templated":true}]}}