{"id":7695,"date":"2021-12-08T14:32:40","date_gmt":"2021-12-08T17:32:40","guid":{"rendered":"https:\/\/hcdvillademerlo.com\/?p=7695"},"modified":"2021-12-08T14:38:28","modified_gmt":"2021-12-08T17:38:28","slug":"el-concejo-deliberante-hizo-oficial-la-firma-de-dos-convenios","status":"publish","type":"post","link":"https:\/\/hcdvillademerlo.com\/index.php\/2021\/12\/08\/el-concejo-deliberante-hizo-oficial-la-firma-de-dos-convenios\/","title":{"rendered":"El Concejo Deliberante hizo oficial la firma de dos convenios"},"content":{"rendered":"\n<p>En el d\u00eda de ayer el Concejo Deliberante, representado por su Presidenta, Ana Mar\u00eda Nicoletti, hizo oficial la firma de dos convenios, uno del tipo Marco con el Rector de la Universidad Nacional de San Luis, Victor Mori\u00f1igo y otro del tipo espec\u00edfico con la Decana de la Facultad de Ciencias F\u00edsico Matem\u00e1ticas y Naturales, de la misma Universidad, Dra Marcela Printista.<\/p>\n\n\n\n<p>Este \u00faltimo permiti\u00f3 que estudiantes de esa Facultad trabajaran en el desarrollo e implementaci\u00f3n de la aplicaci\u00f3n de gesti\u00f3n y acceso al Bolet\u00edn Oficial, el cual tendr\u00e1 como objetivo mantener informado a los vecinos sobre toda la gesti\u00f3n de gobierno.<\/p>\n\n\n\n<p> En lo que respecta al convenio Marco, establece un acuerdo, entre el Concejo Deliberante y la Universidad, de cooperaci\u00f3n mutua e intercambio rec\u00edproco de informaci\u00f3n cient\u00edfica, tecnol\u00f3gica y de nuevos conocimientos, seg\u00fan las actividades que desarrollan.<\/p>\n\n\n\n<p>La firma de estos convenios significa el inicio de futuros convenios y realza la importancia de las articulaciones entre Instituciones p\u00fablicas e Instituciones educativas, tanto p\u00fablicas como privadas, potenciando el trabajo conjunto y colaborativo.<\/p>\n\n\n\n<hr class=\"wp-block-separator\"\/>\n\n\n\n<figure class=\"wp-block-gallery columns-2 is-cropped wp-block-gallery-1 is-layout-flex wp-block-gallery-is-layout-flex\"><ul class=\"blocks-gallery-grid\"><li class=\"blocks-gallery-item\"><figure><img loading=\"lazy\" decoding=\"async\" width=\"575\" height=\"634\" src=\"https:\/\/hcdvillademerlo.com\/wp-content\/uploads\/2021\/12\/convenio-02.jpg\" alt=\"\" data-id=\"7700\" data-link=\"https:\/\/hcdvillademerlo.com\/index.php\/2021\/12\/08\/el-concejo-deliberante-hizo-oficial-la-firma-de-dos-convenios\/convenio-02\/\" class=\"wp-image-7700\" srcset=\"https:\/\/hcdvillademerlo.com\/wp-content\/uploads\/2021\/12\/convenio-02.jpg 575w, https:\/\/hcdvillademerlo.com\/wp-content\/uploads\/2021\/12\/convenio-02-272x300.jpg 272w\" sizes=\"auto, (max-width: 575px) 100vw, 575px\" \/><\/figure><\/li><li class=\"blocks-gallery-item\"><figure><img loading=\"lazy\" decoding=\"async\" width=\"555\" height=\"610\" src=\"https:\/\/hcdvillademerlo.com\/wp-content\/uploads\/2021\/12\/convenio-03.jpg\" alt=\"\" data-id=\"7701\" data-full-url=\"https:\/\/hcdvillademerlo.com\/wp-content\/uploads\/2021\/12\/convenio-03.jpg\" data-link=\"https:\/\/hcdvillademerlo.com\/index.php\/2021\/12\/08\/el-concejo-deliberante-hizo-oficial-la-firma-de-dos-convenios\/convenio-03\/\" class=\"wp-image-7701\" srcset=\"https:\/\/hcdvillademerlo.com\/wp-content\/uploads\/2021\/12\/convenio-03.jpg 555w, https:\/\/hcdvillademerlo.com\/wp-content\/uploads\/2021\/12\/convenio-03-273x300.jpg 273w\" sizes=\"auto, (max-width: 555px) 100vw, 555px\" \/><\/figure><\/li><\/ul><\/figure>\n","protected":false},"excerpt":{"rendered":"<p>La firma de estos convenios significa el inicio de futuros convenios y realza la importancia de las articulaciones entre Instituciones p\u00fablicas e Instituciones educativas, tanto p\u00fablicas como privadas, potenciando el trabajo conjunto y colaborativo.<\/p>\n","protected":false},"author":1,"featured_media":7696,"comment_status":"closed","ping_status":"closed","sticky":false,"template":"","format":"standard","meta":{"footnotes":""},"categories":[4],"tags":[],"class_list":["post-7695","post","type-post","status-publish","format-standard","has-post-thumbnail","hentry","category-noticias"],"_links":{"self":[{"href":"https:\/\/hcdvillademerlo.com\/index.php\/wp-json\/wp\/v2\/posts\/7695","targetHints":{"allow":["GET"]}}],"collection":[{"href":"https:\/\/hcdvillademerlo.com\/index.php\/wp-json\/wp\/v2\/posts"}],"about":[{"href":"https:\/\/hcdvillademerlo.com\/index.php\/wp-json\/wp\/v2\/types\/post"}],"author":[{"embeddable":true,"href":"https:\/\/hcdvillademerlo.com\/index.php\/wp-json\/wp\/v2\/users\/1"}],"replies":[{"embeddable":true,"href":"https:\/\/hcdvillademerlo.com\/index.php\/wp-json\/wp\/v2\/comments?post=7695"}],"version-history":[{"count":3,"href":"https:\/\/hcdvillademerlo.com\/index.php\/wp-json\/wp\/v2\/posts\/7695\/revisions"}],"predecessor-version":[{"id":7702,"href":"https:\/\/hcdvillademerlo.com\/index.php\/wp-json\/wp\/v2\/posts\/7695\/revisions\/7702"}],"wp:featuredmedia":[{"embeddable":true,"href":"https:\/\/hcdvillademerlo.com\/index.php\/wp-json\/wp\/v2\/media\/7696"}],"wp:attachment":[{"href":"https:\/\/hcdvillademerlo.com\/index.php\/wp-json\/wp\/v2\/media?parent=7695"}],"wp:term":[{"taxonomy":"category","embeddable":true,"href":"https:\/\/hcdvillademerlo.com\/index.php\/wp-json\/wp\/v2\/categories?post=7695"},{"taxonomy":"post_tag","embeddable":true,"href":"https:\/\/hcdvillademerlo.com\/index.php\/wp-json\/wp\/v2\/tags?post=7695"}],"curies":[{"name":"wp","href":"https:\/\/api.w.org\/{rel}","templated":true}]}}