{"id":752,"date":"2016-03-28T14:47:53","date_gmt":"2016-03-28T17:47:53","guid":{"rendered":"http:\/\/hcdvillademerlo.com.ar.j8a.com.ar\/?p=752"},"modified":"2016-03-28T14:47:53","modified_gmt":"2016-03-28T17:47:53","slug":"designa-calle-inti-raymi-a-tramo-de-avda-de-los-cesares","status":"publish","type":"post","link":"https:\/\/hcdvillademerlo.com\/index.php\/2016\/03\/28\/designa-calle-inti-raymi-a-tramo-de-avda-de-los-cesares\/","title":{"rendered":"DESIGNA CALLE INTI RAYMI A TRAMO DE AVDA. DE LOS CESARES"},"content":{"rendered":"<p style=\"text-align: right\">\n<p style=\"text-align: center\"><span style=\"text-decoration: underline\"><strong>ORDENANZA\u00a0 N\u00ba 745-HCD-2000<\/strong><\/span><\/p>\n<p style=\"text-align: center\">\n<p><span style=\"text-decoration: underline\"><strong>VISTO:<\/strong><\/span><br \/>\nLa proximidad de la culminaci\u00f3n de los trabajos realizados en la Ruta N\u00ba 5, tramo Mirador del Sol y l\u00edmite con la provincia de C\u00f3rdoba; y<br \/>\n&nbsp;<br \/>\n<span style=\"text-decoration: underline\"><strong>CONSIDERANDO:<\/strong><\/span><br \/>\nQue dicho tramo se realiza en su totalidad en la Sierra Comechingones, principal recurso natural del Municipio Villa de Merlo, dentro del ejido municipal y en la Zona Tur\u00edstica 4 protegida por Ordenanza N\u00ba 741 HCD-2000.<br \/>\nQue este recurso natural es la principal oferta como producto tur\u00edstico.<br \/>\nQue dicho territorio es la \u00fanica fuente de provisi\u00f3n de agua con la que se abastecen los pobladores de la comunidad.<br \/>\nQue se hace imprescindible preservar este recurso de todo tipo de contaminaci\u00f3n o impacto ambiental que pueda degradar el medio y producir deterioro en la biodiversidad\u00a0 y en la calidad de vida de los habitantes.<br \/>\nQue por las caracter\u00edsticas de su trazado, la Ruta\u00a0 referida es susceptible de controles estrictos referidos\u00a0 a su conservaci\u00f3n y prevenci\u00f3n de accidentes.<br \/>\nQue es preocupaci\u00f3n de los integrantes de este Cuerpo, que el camino sea usado con exclusivos fines tur\u00edsticos que permitan transitar a los visitantes en un marco de seguridad, que les brinde la posibilidad de gozar de la majestuosidad del paisaje sin interferencias o trabas.<br \/>\nQue se hace necesario, a los mismos fines, preservar las restantes v\u00edas de acceso hacia las zonas tur\u00edsticas de similares caracter\u00edsticas.<br \/>\nQue en virtud de la adhesi\u00f3n, mediante Ordenanza N\u00ba 710-HCD-98, a la Ley Nacional de Tr\u00e1nsito N\u00ba 24.449 y Ley Provincial N\u00ba 5068, y lo dispuesto por el Art. 2 de ambas leyes, el municipio es autoridad de aplicaci\u00f3n y comprobaci\u00f3n de las normas de tr\u00e1nsito contenidas en las mismas.<br \/>\nQue conforme lo establece el Art. 14 de la Ley Provincial N\u00ba 5068, los Municipios pueden, dentro de sus respectivas jurisdicciones, dictar disposiciones complementarias de la Ley en inter\u00e9s del orden p\u00fablico, de la seguridad o del ordenamiento del tr\u00e1nsito.<br \/>\n&nbsp;<br \/>\n<strong>POR TODO ELLO EL HONORABLE CONCEJO DELIBERANTE DE LA CIUDAD DE VILLA DE MERLO (S.L) EN USO DE SUS ATRIBUCIONES LEGALES, SANCIONA LA SIGUIENTE<\/strong><\/p>\n<p style=\"text-align: center\"><span style=\"text-decoration: underline\"><strong>ORDENANZA<\/strong><\/span>\n<\/p>\n<p>Art.1\u00ba).-\u00a0\u00a0\u00a0\u00a0\u00a0 Des\u00edgnase con el nombre de \u201cINTI-RAYMI\u201d (del Quechua: Fiesta del Sol\u201d) al tramo del camino comprendido entre Avenida de los C\u00e9sares 2300 hasta el l\u00edmite de la jurisdicci\u00f3n municipal.<br \/>\nArt.2\u00ba).-\u00a0\u00a0\u00a0\u00a0\u00a0 Decl\u00e1ranse de uso tur\u00edstico exclusivo:<br \/>\na.\u00a0 El camino mencionado en el Art. 1\u00ba,<br \/>\nb.\u00a0 El camino de acceso a Pasos Malos desde Av. Dos Venados; y<br \/>\nc.\u00a0 El camino Damiana Vega.<br \/>\nArt.3\u00ba).-\u00a0\u00a0\u00a0\u00a0\u00a0 Proh\u00edbase la circulaci\u00f3n del transporte de carga, transporte de sustancias peligrosas y maquinaria especial en: calle Poeta Ag\u00fcero, desde plazoleta Juan de Videla hasta Sobremonte; desde Poeta Ag\u00fcero hasta Avenida del Sol; Avenida del Sol en toda su extensi\u00f3n; Avenida Dos Venados hasta Avenida Los C\u00e9sares; Avenida Los C\u00e9sares en toda su extensi\u00f3n; Inti Raymi hasta el l\u00edmite del ejido municipal; camino de acceso a Pasos Malos y camino Damiana Vega.<br \/>\nArt.4\u00ba).-\u00a0\u00a0\u00a0\u00a0\u00a0 Comun\u00edquese, Publ\u00edquese, Reg\u00edstrese y Arch\u00edvese.<br \/>\n&nbsp;<br \/>\n&nbsp;<br \/>\nVice- Presidente HCD: Dr. Manuel Cano<br \/>\nSecretaria Legislativa HCD: Dra. Susana Segura<br \/>\n&nbsp;<\/p>\n","protected":false},"excerpt":{"rendered":"<p>ORDENANZA\u00a0 N\u00ba 745-HCD-2000 VISTO: La proximidad de la culminaci\u00f3n de los trabajos realizados en la Ruta N\u00ba 5, tramo Mirador del Sol y l\u00edmite con la provincia de C\u00f3rdoba; y &nbsp; CONSIDERANDO: Que dicho tramo se realiza en su totalidad en la Sierra Comechingones, principal recurso natural del Municipio Villa de Merlo, dentro del ejido<\/p><\/div>\n<div class=\"blog-btn\"><a href=\"https:\/\/hcdvillademerlo.com\/index.php\/2016\/03\/28\/designa-calle-inti-raymi-a-tramo-de-avda-de-los-cesares\/\" class=\"home-blog-btn\">Leer m\u00e1s<\/a><\/p>\n","protected":false},"author":1,"featured_media":0,"comment_status":"closed","ping_status":"open","sticky":false,"template":"","format":"standard","meta":{"footnotes":""},"categories":[9],"tags":[59],"class_list":["post-752","post","type-post","status-publish","format-standard","hentry","category-planeamiento-urbano","tag-calles"],"_links":{"self":[{"href":"https:\/\/hcdvillademerlo.com\/index.php\/wp-json\/wp\/v2\/posts\/752","targetHints":{"allow":["GET"]}}],"collection":[{"href":"https:\/\/hcdvillademerlo.com\/index.php\/wp-json\/wp\/v2\/posts"}],"about":[{"href":"https:\/\/hcdvillademerlo.com\/index.php\/wp-json\/wp\/v2\/types\/post"}],"author":[{"embeddable":true,"href":"https:\/\/hcdvillademerlo.com\/index.php\/wp-json\/wp\/v2\/users\/1"}],"replies":[{"embeddable":true,"href":"https:\/\/hcdvillademerlo.com\/index.php\/wp-json\/wp\/v2\/comments?post=752"}],"version-history":[{"count":0,"href":"https:\/\/hcdvillademerlo.com\/index.php\/wp-json\/wp\/v2\/posts\/752\/revisions"}],"wp:attachment":[{"href":"https:\/\/hcdvillademerlo.com\/index.php\/wp-json\/wp\/v2\/media?parent=752"}],"wp:term":[{"taxonomy":"category","embeddable":true,"href":"https:\/\/hcdvillademerlo.com\/index.php\/wp-json\/wp\/v2\/categories?post=752"},{"taxonomy":"post_tag","embeddable":true,"href":"https:\/\/hcdvillademerlo.com\/index.php\/wp-json\/wp\/v2\/tags?post=752"}],"curies":[{"name":"wp","href":"https:\/\/api.w.org\/{rel}","templated":true}]}}