{"id":748,"date":"2016-03-28T14:42:30","date_gmt":"2016-03-28T17:42:30","guid":{"rendered":"http:\/\/hcdvillademerlo.com.ar.j8a.com.ar\/?p=748"},"modified":"2016-03-28T14:42:30","modified_gmt":"2016-03-28T17:42:30","slug":"incorpora-art-9-en-la-tarifaria-65197","status":"publish","type":"post","link":"https:\/\/hcdvillademerlo.com\/index.php\/2016\/03\/28\/incorpora-art-9-en-la-tarifaria-65197\/","title":{"rendered":"INCORPORA ART. 9 EN LA TARIFARIA 651\/97"},"content":{"rendered":"<p style=\"text-align: right\">Villa de Merlo, (S.L.), 2 de Junio de 2000<\/p>\n<p>&nbsp;<\/p>\n<p style=\"text-align: center\"><span style=\"text-decoration: underline\"><strong>ORDENANZA\u00a0 N\u00ba 742-HCD-2000<\/strong><\/span><\/p>\n<p style=\"text-align: center\">\n<p><span style=\"text-decoration: underline\"><strong>VISTO:<\/strong><\/span><br \/>\nLa nota N\u00ba 2025\/00, presentada a este Concejo por la Asociaci\u00f3n Empresaria Hotelera Gastron\u00f3mica de Villa de Merlo, referida al incumplimiento de las exigencias impositivas en cuanto a la habilitaci\u00f3n de comercios; y<br \/>\n<span style=\"text-decoration: underline\"><strong>CONSIDERANDO:<\/strong><\/span><br \/>\nQue las condiciones, requisitos y obligaciones tributarias que se exigen para la habilitaci\u00f3n de establecimientos comerciales, est\u00e1n reglamentados por la Ordenanza N\u00ba 651 \u2013HCD\/97, en el Art\u00edculo 9 Bis, Cap\u00edtulo III.<br \/>\nQue existen establecimientos comerciales que no cumplen con las exigencias legales referidas al pago de tasas municipales, e impuestos provinciales y nacionales.<br \/>\nQue esta situaci\u00f3n genera una desigualdad de condiciones en la que deben competir quienes desarrollan una actividad comercial cumpliendo estrictamente con todas las exigencias impositivas establecidas por ley.<br \/>\nQue resulta necesario contemplar y reglamentar tal situaci\u00f3n, fijando normas equitativas que aseguren un marco de igualdad para todos aquellos que desarrollen una actividad comercial, para lo cual debe incorporarse un nuevo inciso al art\u00edculo 9 Bis de la Ordenanza N\u00ba 651\/97.<br \/>\nQue en virtud de las relaciones jur\u00eddicas, de colaboraci\u00f3n y cooperaci\u00f3n existentes entre el Estado Nacional, Provincial y Municipal, es obligaci\u00f3n del municipio velar por el cumplimiento de las leyes provinciales y nacionales.<br \/>\n&nbsp;<br \/>\n<strong>POR TODO ELLO, EL HONORABLE CONCEJO DELIBERANTE DE LA CIUDAD VILLA DE MERLO (S.L) EN USO DE LAS ATRIBUCIONES QUE LE CONFIERE LA LEY, SANCIONA LA SIGUIENTE<\/strong><\/p>\n<p style=\"text-align: center\"><span style=\"text-decoration: underline\"><strong>ORDENANZA<\/strong><\/span><br \/>\n<strong>\u00a0<\/strong><\/p>\n<p>Art.1\u00ba).-\u00a0\u00a0\u00a0\u00a0\u00a0\u00a0\u00a0\u00a0\u00a0\u00a0\u00a0\u00a0\u00a0\u00a0\u00a0\u00a0\u00a0\u00a0\u00a0 Incorp\u00f3rase como inciso 4) al art. 9 Bis de la Ordenanza N\u00ba 651\/97 el siguiente texto: \u201c Para toda habilitaci\u00f3n comercial deber\u00e1 presentarse, adem\u00e1s del certificado exigido por el inciso anterior , la inscripci\u00f3n ante la Direcci\u00f3n Provincial de Ingresos P\u00fablicos y en la A.F.I.P. o los organismos que en el futuro la reemplacen o sustituyan.<br \/>\nArt.2\u00ba).-\u00a0\u00a0\u00a0\u00a0\u00a0\u00a0\u00a0\u00a0\u00a0\u00a0\u00a0\u00a0\u00a0\u00a0\u00a0\u00a0\u00a0\u00a0\u00a0 Comun\u00edquese, Publ\u00edquese, Reg\u00edstrese y Arch\u00edvese.<br \/>\n&nbsp;<br \/>\nPresidente HCD: Dr. Mario E. Mini<br \/>\nSecretaria Legislativa HCD: Dra. Susana Segura<br \/>\n&nbsp;<\/p>\n","protected":false},"excerpt":{"rendered":"<p>Villa de Merlo, (S.L.), 2 de Junio de 2000 &nbsp; ORDENANZA\u00a0 N\u00ba 742-HCD-2000 VISTO: La nota N\u00ba 2025\/00, presentada a este Concejo por la Asociaci\u00f3n Empresaria Hotelera Gastron\u00f3mica de Villa de Merlo, referida al incumplimiento de las exigencias impositivas en cuanto a la habilitaci\u00f3n de comercios; y CONSIDERANDO: Que las condiciones, requisitos y obligaciones tributarias<\/p><\/div>\n<div class=\"blog-btn\"><a href=\"https:\/\/hcdvillademerlo.com\/index.php\/2016\/03\/28\/incorpora-art-9-en-la-tarifaria-65197\/\" class=\"home-blog-btn\">Leer m\u00e1s<\/a><\/p>\n","protected":false},"author":1,"featured_media":0,"comment_status":"closed","ping_status":"open","sticky":false,"template":"","format":"standard","meta":{"footnotes":""},"categories":[20],"tags":[],"class_list":["post-748","post","type-post","status-publish","format-standard","hentry","category-hacienda"],"_links":{"self":[{"href":"https:\/\/hcdvillademerlo.com\/index.php\/wp-json\/wp\/v2\/posts\/748","targetHints":{"allow":["GET"]}}],"collection":[{"href":"https:\/\/hcdvillademerlo.com\/index.php\/wp-json\/wp\/v2\/posts"}],"about":[{"href":"https:\/\/hcdvillademerlo.com\/index.php\/wp-json\/wp\/v2\/types\/post"}],"author":[{"embeddable":true,"href":"https:\/\/hcdvillademerlo.com\/index.php\/wp-json\/wp\/v2\/users\/1"}],"replies":[{"embeddable":true,"href":"https:\/\/hcdvillademerlo.com\/index.php\/wp-json\/wp\/v2\/comments?post=748"}],"version-history":[{"count":0,"href":"https:\/\/hcdvillademerlo.com\/index.php\/wp-json\/wp\/v2\/posts\/748\/revisions"}],"wp:attachment":[{"href":"https:\/\/hcdvillademerlo.com\/index.php\/wp-json\/wp\/v2\/media?parent=748"}],"wp:term":[{"taxonomy":"category","embeddable":true,"href":"https:\/\/hcdvillademerlo.com\/index.php\/wp-json\/wp\/v2\/categories?post=748"},{"taxonomy":"post_tag","embeddable":true,"href":"https:\/\/hcdvillademerlo.com\/index.php\/wp-json\/wp\/v2\/tags?post=748"}],"curies":[{"name":"wp","href":"https:\/\/api.w.org\/{rel}","templated":true}]}}