{"id":719,"date":"2016-03-28T14:14:57","date_gmt":"2016-03-28T17:14:57","guid":{"rendered":"http:\/\/hcdvillademerlo.com.ar.j8a.com.ar\/?p=719"},"modified":"2016-03-28T14:14:57","modified_gmt":"2016-03-28T17:14:57","slug":"declara-de-interes-municipal-5o-congreso-de-ecologia","status":"publish","type":"post","link":"https:\/\/hcdvillademerlo.com\/index.php\/2016\/03\/28\/declara-de-interes-municipal-5o-congreso-de-ecologia\/","title":{"rendered":"DECLARA DE INTERES MUNICIPAL 5\u00ba CONGRESO DE ECOLOGIA"},"content":{"rendered":"<p style=\"text-align: right\">Villa de Merlo, (San Luis), 17 de Setiembre de 1999<\/p>\n<p>&nbsp;<\/p>\n<p style=\"text-align: center\"><strong><span style=\"text-decoration: underline\">ORDENANZA\u00a0 N\u00ba 717-HCD-1999<\/span><\/strong><\/p>\n<p><strong><span style=\"text-decoration: underline\">VISTO<\/span><\/strong>:<br \/>\nLa Nota R. N\u00ba 1916 HCD HCD\/99 enviada por la Asociaci\u00f3n Ambientalista sin fines de lucro M\u00fcnay Allpa por la cual solicitaba al Honorable Concejo Deliberante de Villa de Merlo, declarar de Inter\u00e9s Municipal el \u201cPRIMER CONGRESO MULTIDISCIPLINARIO DE ECOLOG\u00cdA\u201d\u00a0 a realizarse en nuestra Villa los d\u00edas 30 de Setiembre y 1\u00ba y 2\u00ba de Octubre de 1999, y<br \/>\n&nbsp;<br \/>\n<span style=\"text-decoration: underline\">CONSIDERANDO:<\/span><br \/>\nQue la Ordenanza Municipal N\u00ba 530-HCD\/93 declara de Inter\u00e9s Municipal todas las acciones que tiendan a la preservaci\u00f3n del patrimonio ecol\u00f3gico de nuestra Villa.<br \/>\nQue seg\u00fan la programaci\u00f3n, tres proyectos beneficios para nuestra Villa de Merlo ser\u00e1n tratados en las mesas de trabajo de dicho Congreso a saber:<br \/>\nA)\u00a0\u00a0\u00a0 Planta de tratamiento de residuos.<br \/>\nB)\u00a0\u00a0\u00a0 Nuestros cumbranos. Autora: Estrella Martinelli. Con connotaciones culturales, de salud de integraci\u00f3n y ecologista.<br \/>\nC)\u00a0\u00a0\u00a0 Guardaparques\u00a0 Municipales, Refugio y Brigada de ataque inicial contra incendios. Autora Estrella Martinelli.<br \/>\nQue en dicho Congreso se realizar\u00e1n contactos con\u00a0 entidades a nivel internacional\u00a0 con la posibilidad\u00a0 de conseguir fondos para proyectos ecol\u00f3gicos en beneficios de la biodiversidad y calidad de vida para la Villa de Merlo.<br \/>\n&nbsp;<br \/>\n<strong>POR TODO ELLO EL HONORABLE CONCEJO DELIBERANTE DE LA CIUDAD DE VILLA DE MERLO, SAN LUIS, EN USO DE SUS ATRIBUCIONES LEGALES SANCIONA LA PRESENTE<\/strong><\/p>\n<p style=\"text-align: center\"><span style=\"text-decoration: underline\"><strong>ORDENANZA<\/strong><\/span><br \/>\nArt.1\u00ba).-\u00a0\u00a0\u00a0\u00a0\u00a0\u00a0\u00a0\u00a0\u00a0\u00a0\u00a0\u00a0\u00a0\u00a0\u00a0\u00a0\u00a0\u00a0\u00a0 Declarar de Inter\u00e9s Municipal el 1er. CONGRESO MULTIDISCIPLINARIO DE ECOLOG\u00cdA PARA EL DESARROLLO, a realizarse los d\u00edas 30 de Setiembre, 1\u00ba y 2\u00ba d\u00edas del mes de Octubre de 1999.-<\/p>\n<p>Art.2\u00ba).-\u00a0\u00a0\u00a0\u00a0\u00a0\u00a0\u00a0\u00a0\u00a0\u00a0\u00a0\u00a0\u00a0\u00a0\u00a0\u00a0\u00a0\u00a0\u00a0 Solicitar al Departamento Ejecutivo Municipal su amplia difusi\u00f3n.-<br \/>\nArt.3\u00ba).-\u00a0\u00a0\u00a0\u00a0\u00a0\u00a0\u00a0\u00a0\u00a0\u00a0\u00a0\u00a0\u00a0\u00a0\u00a0\u00a0\u00a0\u00a0\u00a0 Comun\u00edquese, Publ\u00edquese, Reg\u00edstrese y Arch\u00edvese.-<br \/>\n&nbsp;<br \/>\nPresidente HCD: Dr. Mario E. Mini<br \/>\nSecretaria Legislativa HCD: Dra. Susana Segura<br \/>\n&nbsp;<\/p>\n","protected":false},"excerpt":{"rendered":"<p>Villa de Merlo, (San Luis), 17 de Setiembre de 1999 &nbsp; ORDENANZA\u00a0 N\u00ba 717-HCD-1999 VISTO: La Nota R. N\u00ba 1916 HCD HCD\/99 enviada por la Asociaci\u00f3n Ambientalista sin fines de lucro M\u00fcnay Allpa por la cual solicitaba al Honorable Concejo Deliberante de Villa de Merlo, declarar de Inter\u00e9s Municipal el \u201cPRIMER CONGRESO MULTIDISCIPLINARIO DE ECOLOG\u00cdA\u201d\u00a0<\/p><\/div>\n<div class=\"blog-btn\"><a href=\"https:\/\/hcdvillademerlo.com\/index.php\/2016\/03\/28\/declara-de-interes-municipal-5o-congreso-de-ecologia\/\" class=\"home-blog-btn\">Leer m\u00e1s<\/a><\/p>\n","protected":false},"author":1,"featured_media":0,"comment_status":"closed","ping_status":"open","sticky":false,"template":"","format":"standard","meta":{"footnotes":""},"categories":[10],"tags":[],"class_list":["post-719","post","type-post","status-publish","format-standard","hentry","category-poder-ejecutivo"],"_links":{"self":[{"href":"https:\/\/hcdvillademerlo.com\/index.php\/wp-json\/wp\/v2\/posts\/719","targetHints":{"allow":["GET"]}}],"collection":[{"href":"https:\/\/hcdvillademerlo.com\/index.php\/wp-json\/wp\/v2\/posts"}],"about":[{"href":"https:\/\/hcdvillademerlo.com\/index.php\/wp-json\/wp\/v2\/types\/post"}],"author":[{"embeddable":true,"href":"https:\/\/hcdvillademerlo.com\/index.php\/wp-json\/wp\/v2\/users\/1"}],"replies":[{"embeddable":true,"href":"https:\/\/hcdvillademerlo.com\/index.php\/wp-json\/wp\/v2\/comments?post=719"}],"version-history":[{"count":0,"href":"https:\/\/hcdvillademerlo.com\/index.php\/wp-json\/wp\/v2\/posts\/719\/revisions"}],"wp:attachment":[{"href":"https:\/\/hcdvillademerlo.com\/index.php\/wp-json\/wp\/v2\/media?parent=719"}],"wp:term":[{"taxonomy":"category","embeddable":true,"href":"https:\/\/hcdvillademerlo.com\/index.php\/wp-json\/wp\/v2\/categories?post=719"},{"taxonomy":"post_tag","embeddable":true,"href":"https:\/\/hcdvillademerlo.com\/index.php\/wp-json\/wp\/v2\/tags?post=719"}],"curies":[{"name":"wp","href":"https:\/\/api.w.org\/{rel}","templated":true}]}}