{"id":6626,"date":"2021-11-17T11:10:34","date_gmt":"2021-11-17T14:10:34","guid":{"rendered":"https:\/\/hcdvillademerlo.com\/?p=6626"},"modified":"2021-11-17T11:10:34","modified_gmt":"2021-11-17T14:10:34","slug":"orden-del-dia-sesion-ordinaria-fecha-09-de-setiembre-de-2021-acta-n-025-hcd-2021","status":"publish","type":"post","link":"https:\/\/hcdvillademerlo.com\/index.php\/2021\/11\/17\/orden-del-dia-sesion-ordinaria-fecha-09-de-setiembre-de-2021-acta-n-025-hcd-2021\/","title":{"rendered":"ORDEN DEL D\u00cdA &#8211; SESI\u00d3N ORDINARIA FECHA: 09 DE SETIEMBRE DE 2021 ACTA N\u00b0 025-HCD-2021"},"content":{"rendered":"\n<p><strong><u>Banca del Vecino.-<\/u><\/strong><\/p>\n\n\n\n<ul class=\"wp-block-list\"><li><strong>Nota R. N\u00b0 240-HCD-21.<\/strong>&#8211; Agrupaci\u00f3n Juvennat, eleva nota en ref.: Solicitar Banca del Vecino.-<strong><u><\/u><\/strong><\/li><\/ul>\n\n\n\n<p><strong><u>De los Despachos de Comisi\u00f3n. \u2013<\/u><\/strong><\/p>\n\n\n\n<ul class=\"wp-block-list\"><li><strong>Despacho de Comisi\u00f3n<\/strong> <strong>N\u00b0135-HCD-2021.- <\/strong>Proyecto de Nota al Secretario de Gobierno, Dr. Francisco Oviedo en ref.: Proyecto de Divisi\u00f3n en la propiedad del Sr. Patricio R\u00edos Velar.-<\/li><\/ul>\n\n\n\n<ul class=\"wp-block-list\"><li><strong>Despacho de Comisi\u00f3n<\/strong> <strong>N\u00b0136-HCD-2021.- <\/strong>Proyecto de Nota al Director de Obras Privadas, Arq. Jos\u00e9 Barrionuevo en ref.: Responder su Nota Rec. N\u00b0236-HCD-2021 del expediente del Sr. Marcos Ag\u00fcero.-<\/li><\/ul>\n\n\n\n<ul class=\"wp-block-list\"><li><strong>Despacho de Comisi\u00f3n<\/strong> <strong>N\u00b0137-HCD-2021.- <\/strong>Proyecto de Resoluci\u00f3n en ref.: Declarar de Inter\u00e9s Municipal la \u201c1era. Fiesta por el d\u00eda del Caballo Criollo\u201d.-<\/li><\/ul>\n\n\n\n<ul class=\"wp-block-list\"><li><strong>Despacho de Comisi\u00f3n<\/strong> <strong>N\u00b0138-HCD-2021.- <\/strong>Proyecto de Nota al Tribunal de Cuentas de la Provincia de San Luis, en ref.: Solicitar copia de Acuerdos de los per\u00edodos correspondientes a los a\u00f1os 2015 a 2019 inclusive.-<\/li><\/ul>\n\n\n\n<p><strong><u>De los Informes (y\/o solicitudes) del D.E.M.-<\/u><\/strong><strong><\/strong><\/p>\n\n\n\n<ul class=\"wp-block-list\"><li><strong>Nota R. N\u00b0246-HCD-21.<\/strong>&#8211; Secretario de Gobierno, Dr. Francisco Oviedo, eleva nota en ref.: Responde la Nota Emitida N\u00b0131-HCD-2021, construcci\u00f3n en Tierra Cruda.-<strong><u><\/u><\/strong><\/li><\/ul>\n\n\n\n<p><strong>&nbsp;(Se sugiere el pase a Comisi\u00f3n N\u00b01 de Planeamiento)<\/strong><\/p>\n\n\n\n<ul class=\"wp-block-list\"><li><strong>Nota R. N\u00b0247-HCD-21.<\/strong>&#8211; Secretario de Gobierno, Dr. Francisco Oviedo, eleva nota en ref.: Remitir nota de la Secretar\u00eda de Gesti\u00f3n Ambiental y Desarrollo Sustentable, por Ordenanza 917-2005.-<strong><u><\/u><\/strong><\/li><\/ul>\n\n\n\n<p><strong>(Se sugiere el pase a Comisi\u00f3n N\u00b01 Ambiente)<\/strong><\/p>\n\n\n\n<ul class=\"wp-block-list\"><li><strong>Nota R. N\u00b0249-HCD-21.<\/strong>&#8211; Secretario de Gobierno, Dr. Francisco Oviedo, eleva nota en ref.: Remitir nota de la Secretar\u00eda de Gesti\u00f3n Ambiental y Desarrollo Sustentable, con motivo de solicitar modificaci\u00f3n de tarifaria.-<strong><u><\/u><\/strong><\/li><\/ul>\n\n\n\n<p><strong>(Se sugiere el pase a Comisi\u00f3n N\u00b02 Hacienda)<\/strong><\/p>\n\n\n\n<p><strong><u>De las Peticiones o Asuntos Particulares. \u2013<\/u><\/strong><\/p>\n\n\n\n<ul class=\"wp-block-list\"><li><strong>Nota R. N\u00b0 245-HCD-21.<\/strong>&#8211; Cooperativa de Provisi\u00f3n de Agua, Obras y Servicios Merlo Ltda. eleva nota en ref.: Responder Nota Rec. N\u00b0145-HCD-2021, Informe de situaci\u00f3n h\u00eddrica de la Villa de Merlo.- <strong><u><\/u><\/strong><\/li><\/ul>\n\n\n\n<p><strong>(Se sugiere el pase a Comisi\u00f3n N\u00b01 Ambiente)<\/strong><\/p>\n\n\n\n<ul class=\"wp-block-list\"><li><strong>Nota R. N\u00b0 248-HCD-21.<\/strong>&#8211; Sr. Mariano D. Fern\u00e1ndez solicita audiencia para tratar la Nota Recibida N\u00b0 182\/21 ref.: parcela Parque Industrial.- <strong><u><\/u><\/strong><\/li><\/ul>\n\n\n\n<p><strong>(Se sugiere el pase a Comisi\u00f3n N\u00b01 Parque Industrial)<\/strong><\/p>\n\n\n\n<p><strong>FUERA DE SESION<\/strong><\/p>\n\n\n\n<ul class=\"wp-block-list\"><li><strong>Nota R. N\u00b0 250-HCD-21.<\/strong>&#8211; Sec. De Gobierno eleva nota en ref: a Ord. VII 0985-21(<strong>AUTORIZAR <\/strong>al DEM a otorgar en los t\u00e9rminos legales que considere adecuados a la Agrupaci\u00f3n Dar\u00edo Santill\u00e1n)<\/li><\/ul>\n\n\n\n<ul class=\"wp-block-list\"><li><strong>Nota R. N\u00b0 251-HCD-21.<\/strong>&#8211; Srita. Florencia Aravena, solicita ayuda financiera para realizar cortometraje)<\/li><\/ul>\n\n\n\n<ul class=\"wp-block-list\"><li><strong>Nota R. N\u00b0 252-HCD-21.<\/strong>&#8211; Sr. Urquiza Cristina eleva nota solicitando espacio para food truck<\/li><\/ul>\n\n\n\n<ul class=\"wp-block-list\"><li><strong>Nota R. N\u00b0 253-HCD-21.<\/strong>&#8211; Sec. De Gesti\u00f3n Ambiental, remite informe sobre las acciones realizada en relaci\u00f3n a la explotaci\u00f3n de \u00e1ridos en Arroyo de Piedra Blanca.<\/li><\/ul>\n\n\n\n<p><strong><u>De los Informes de los ENTES. \u2013<\/u><\/strong><\/p>\n","protected":false},"excerpt":{"rendered":"<p>ACTA N\u00b0 25-HCD-2021<\/p>\n","protected":false},"author":1,"featured_media":0,"comment_status":"closed","ping_status":"closed","sticky":false,"template":"","format":"standard","meta":{"footnotes":""},"categories":[7],"tags":[],"class_list":["post-6626","post","type-post","status-publish","format-standard","hentry","category-orden-del-dia"],"_links":{"self":[{"href":"https:\/\/hcdvillademerlo.com\/index.php\/wp-json\/wp\/v2\/posts\/6626","targetHints":{"allow":["GET"]}}],"collection":[{"href":"https:\/\/hcdvillademerlo.com\/index.php\/wp-json\/wp\/v2\/posts"}],"about":[{"href":"https:\/\/hcdvillademerlo.com\/index.php\/wp-json\/wp\/v2\/types\/post"}],"author":[{"embeddable":true,"href":"https:\/\/hcdvillademerlo.com\/index.php\/wp-json\/wp\/v2\/users\/1"}],"replies":[{"embeddable":true,"href":"https:\/\/hcdvillademerlo.com\/index.php\/wp-json\/wp\/v2\/comments?post=6626"}],"version-history":[{"count":1,"href":"https:\/\/hcdvillademerlo.com\/index.php\/wp-json\/wp\/v2\/posts\/6626\/revisions"}],"predecessor-version":[{"id":6627,"href":"https:\/\/hcdvillademerlo.com\/index.php\/wp-json\/wp\/v2\/posts\/6626\/revisions\/6627"}],"wp:attachment":[{"href":"https:\/\/hcdvillademerlo.com\/index.php\/wp-json\/wp\/v2\/media?parent=6626"}],"wp:term":[{"taxonomy":"category","embeddable":true,"href":"https:\/\/hcdvillademerlo.com\/index.php\/wp-json\/wp\/v2\/categories?post=6626"},{"taxonomy":"post_tag","embeddable":true,"href":"https:\/\/hcdvillademerlo.com\/index.php\/wp-json\/wp\/v2\/tags?post=6626"}],"curies":[{"name":"wp","href":"https:\/\/api.w.org\/{rel}","templated":true}]}}