{"id":640,"date":"2016-03-21T14:22:11","date_gmt":"2016-03-21T17:22:11","guid":{"rendered":"http:\/\/hcdvillademerlo.com.ar.j8a.com.ar\/?p=640"},"modified":"2016-03-21T14:22:11","modified_gmt":"2016-03-21T17:22:11","slug":"homologa-decreto-46-im-98-revoca-parcela-parque-industrial","status":"publish","type":"post","link":"https:\/\/hcdvillademerlo.com\/index.php\/2016\/03\/21\/homologa-decreto-46-im-98-revoca-parcela-parque-industrial\/","title":{"rendered":"HOMOLOGA DECRETO 46-IM-98 REVOCA PARCELA PARQUE INDUSTRIAL"},"content":{"rendered":"<p style=\"text-align: right\">Villa de Merlo (S.L.) 29 de enero \u00a0de 1998<\/p>\n<p><strong>\u00a0<\/strong><\/p>\n<p style=\"text-align: center\"><strong><u>ORDENANZA N\u00ba 673\u2013HCD-1998<\/u><\/strong><\/p>\n<p><strong>\u00a0<\/strong><br \/>\n<strong><u>VISTO<\/u>:<\/strong><br \/>\nEl Decreto N\u00ba 46 IM\/97 por el cual el Departamento Ejecutivo revoca la donaci\u00f3n de una parcela en el Parque Industrial \u201cEliseo Mercau\u201d realizada mediante Ordenanza 598-HCD-95 a la firma Carlos Peralta; y<br \/>\n&nbsp;<br \/>\n<strong><u>CONSIDERANDO<\/u>:<\/strong><br \/>\nQue la Municipalidad de Villa de Merlo (S.L.) ha constatado que la firma Carlos Peralta no ha realizado mejora alguna, ni ha iniciado y mantenido actividad industrial en la parcela donada en el Parque Industrial \u201cEliseo Mercau<strong>\u201d<\/strong>.-<br \/>\nQue no se ha cumplido con lo ordenado en el art\u00edculo 2\u00ba de la Ordenanza N\u00ba 598-HCD-95.-<br \/>\nQue el art\u00edculo 3\u00ba de la citada Ordenanza establece la p\u00e9rdida autom\u00e1tica y de pleno derecho de la propiedad donada de no cumplirse con lo estipulado en el art\u00edculo 2\u00ba, la que retornar\u00e1 al dominio de la Municipalidad de la Villa de Merlo.-<strong>\u00a0\u00a0\u00a0\u00a0\u00a0\u00a0\u00a0\u00a0\u00a0\u00a0\u00a0 <\/strong><br \/>\n&nbsp;<br \/>\n<strong>POR TODO ELLO EL HONORABLE CONCEJO DELIBERANTE DE VILLA DE MERLO (S.L.) EN USO DE SUS ATRIBUCIONES LEGALES, SANCIONA LA SIGUIENTE:<\/strong><br \/>\n&nbsp;<\/p>\n<p style=\"text-align: center\"><strong><u>ORDENANZA<\/u><\/strong><\/p>\n<p><strong>\u00a0<\/strong><br \/>\n<strong>ART. 1\u00ba)\u00a0 <\/strong>Homol\u00f3gase el Decreto N\u00ba 46 del Departamento Ejecutivo Municipal por el cual se revoca la donaci\u00f3n de la parcela N\u00ba 2, Manzana 48, Plano N\u00ba 6-22-95, realizada a la firma Carlos Peralta, mediante Ordenanza N 598-HCD-95, en raz\u00f3n de no haber cumplido la misma con los cargos establecidos.-<br \/>\n<strong>ART. 2\u00ba)<\/strong>\u00a0 Comun\u00edquese, Publ\u00edquese, Reg\u00edstrese y Arch\u00edvese.-<br \/>\n&nbsp;<br \/>\nVice Presidente H.C.D.: Dra. Mar\u00eda Cristina Chada<br \/>\nSecretaria H.C.D.: Stella M. H. de Dulcich<br \/>\n&nbsp;<br \/>\n<strong>\u00a0<\/strong><br \/>\n<strong>\u00a0<\/strong><br \/>\n<strong>\u00a0<\/strong><\/p>\n","protected":false},"excerpt":{"rendered":"<p>Villa de Merlo (S.L.) 29 de enero \u00a0de 1998 \u00a0 ORDENANZA N\u00ba 673\u2013HCD-1998 \u00a0 VISTO: El Decreto N\u00ba 46 IM\/97 por el cual el Departamento Ejecutivo revoca la donaci\u00f3n de una parcela en el Parque Industrial \u201cEliseo Mercau\u201d realizada mediante Ordenanza 598-HCD-95 a la firma Carlos Peralta; y &nbsp; CONSIDERANDO: Que la Municipalidad de Villa<\/p><\/div>\n<div class=\"blog-btn\"><a href=\"https:\/\/hcdvillademerlo.com\/index.php\/2016\/03\/21\/homologa-decreto-46-im-98-revoca-parcela-parque-industrial\/\" class=\"home-blog-btn\">Leer m\u00e1s<\/a><\/p>\n","protected":false},"author":1,"featured_media":0,"comment_status":"closed","ping_status":"open","sticky":false,"template":"","format":"standard","meta":{"footnotes":""},"categories":[9],"tags":[209],"class_list":["post-640","post","type-post","status-publish","format-standard","hentry","category-planeamiento-urbano","tag-parque-industrial"],"_links":{"self":[{"href":"https:\/\/hcdvillademerlo.com\/index.php\/wp-json\/wp\/v2\/posts\/640","targetHints":{"allow":["GET"]}}],"collection":[{"href":"https:\/\/hcdvillademerlo.com\/index.php\/wp-json\/wp\/v2\/posts"}],"about":[{"href":"https:\/\/hcdvillademerlo.com\/index.php\/wp-json\/wp\/v2\/types\/post"}],"author":[{"embeddable":true,"href":"https:\/\/hcdvillademerlo.com\/index.php\/wp-json\/wp\/v2\/users\/1"}],"replies":[{"embeddable":true,"href":"https:\/\/hcdvillademerlo.com\/index.php\/wp-json\/wp\/v2\/comments?post=640"}],"version-history":[{"count":0,"href":"https:\/\/hcdvillademerlo.com\/index.php\/wp-json\/wp\/v2\/posts\/640\/revisions"}],"wp:attachment":[{"href":"https:\/\/hcdvillademerlo.com\/index.php\/wp-json\/wp\/v2\/media?parent=640"}],"wp:term":[{"taxonomy":"category","embeddable":true,"href":"https:\/\/hcdvillademerlo.com\/index.php\/wp-json\/wp\/v2\/categories?post=640"},{"taxonomy":"post_tag","embeddable":true,"href":"https:\/\/hcdvillademerlo.com\/index.php\/wp-json\/wp\/v2\/tags?post=640"}],"curies":[{"name":"wp","href":"https:\/\/api.w.org\/{rel}","templated":true}]}}