{"id":6261,"date":"2021-10-19T12:03:41","date_gmt":"2021-10-19T15:03:41","guid":{"rendered":"https:\/\/hcdvillademerlo.com\/?p=6261"},"modified":"2021-10-19T12:10:16","modified_gmt":"2021-10-19T15:10:16","slug":"orden-del-dia-sesion-ordinaria-fecha-13-de-mayo-de-2021-acta-no-11-hcd-2021","status":"publish","type":"post","link":"https:\/\/hcdvillademerlo.com\/index.php\/2021\/10\/19\/orden-del-dia-sesion-ordinaria-fecha-13-de-mayo-de-2021-acta-no-11-hcd-2021\/","title":{"rendered":"ORDEN DEL D\u00cdA &#8211; SESI\u00d3N ORDINARIA FECHA: 13 DE MAYO DE 2021 ACTA N\u00ba 11-HCD-2021"},"content":{"rendered":"\n<p><strong>De las Actas:<\/strong><\/p>\n\n\n\n<ol class=\"wp-block-list\"><li>Lectura y Aprobaci\u00f3n de Actas Anteriores<br>Acta N\u00b0 003 del d\u00eda 18 de marzo de<br>2021\u2026\u2026\u2026\u2026.\u2026\u2026\u2026\u2026\u2026\u2026\u2026\u2026\u2026\u2026\u2026\u2026\u2026\u2026\u2026\u2026\u2026\u2026<br>Acta N\u00b0 004 del d\u00eda 25 de marzo de<br>2021\u2026\u2026\u2026\u2026..\u2026\u2026\u2026\u2026\u2026\u2026\u2026\u2026\u2026\u2026\u2026\u2026\u2026\u2026\u2026\u2026\u2026\u2026<br><br><strong>De los Despachos de Comisi\u00f3n. \u2013<\/strong><br><\/li><li>Despacho de Comisi\u00f3n N\u00b0050-HCD-2021, Proyecto de Nota al Sr. Christian Guerra<br>y a la Sra. Lilian Zampella en ref.: Responder la Nota Rec. N\u00b0 112-HCD-2021 sobre<br>nombre de calle en Parque Los Nogales.-<\/li><li>Despacho de Comisi\u00f3n N\u00b0051-HCD-2021, Proyecto de Nota a Asociaci\u00f3n<br>Picahuesos en ref.: Invitarlos a reuni\u00f3n de Comisi\u00f3n el d\u00eda 17-05-21 a las 18 horas a<br>trav\u00e9s de plataforma Zoom para tratar su Nota Rec. .N\u00b0 117-HCD-2021.-<\/li><li>Despacho de Comisi\u00f3n N\u00b0052-HCD-2021, Proyecto de Nota al Sr. Juan Carlos<br>Trento en ref.: responder su Nota Rec. N\u00b0 034-HCD-2021 sobre cambio de nombre de<br>Loteo.-<\/li><li>Despacho de Comisi\u00f3n N\u00b0053-HCD-2021, Proyecto de Ordenanza en ref.:<br>Homologar en todas sus partes el Convenio Marco para Actividades Acad\u00e9micas entre<br>la Universidad Empresarial Siglo 21 y la Municipalidad de la Villa de Merlo.-<\/li><li>Despacho de Comisi\u00f3n N\u00b0054-HCD-2021, Proyecto de Ordenanza en ref.: Adherir al<br>marco legal de la Ley Nacional N\u00b0 27350 y a su Decreto regulatorio del uso del<br>Cannabis para fines cient\u00edficos, medicinales, terap\u00e9uticos y\/o paliativos del dolor.-<\/li><li>Despacho de Comisi\u00f3n N\u00b0055-HCD-2021, Proyecto de Resoluci\u00f3n en ref.: Adherir<br>en todos sus t\u00e9rminos a la Ley Nacional N\u00b0 27.130 de Prevenci\u00f3n del Suicidio.-<\/li><li>Despacho de Comisi\u00f3n N\u00b0056-HCD-2021, Proyecto de Nota a los Sres. Sergio<br>Becerra y Ra\u00fal Tropich, en ref.: Responder a su Nota Rec. N\u00b0 121-HCD-2021 sobre<br>Habilitaci\u00f3n de Agencia de Remis.-<br>Proyectos (y\/o propuestas de las\/los Concejales).-<\/li><li>Nota R. N\u00ba127-HCD-21.- Bloque San Luis Unido, eleva Proyecto de Nota, en ref.:<br>Solicitar al Gobierno de la Provincia y al Comit\u00e9 de Crisis revisar la suspensi\u00f3n de las<br>actividades correspondientes a la \u201cEducaci\u00f3n no Formal\u201d<br>(A criterio de los Sres. Concejales)<br>10.Nota R. N\u00ba129-HCD-21.- Bloque \u201cTodos Unidos\u201d, eleva Proyecto de Ordenanza, en<br>ref.: Encomendar al DEM que realice una amplia y masiva campa\u00f1a de difusi\u00f3n de la<br>L\u00ednea \u00danica 104.-<br>(A criterio de los Sres. Concejales)<br>11.Nota R. N\u00ba130-HCD-21.- Bloque \u201cTodos Unidos\u201d, eleva Proyecto de Resoluci\u00f3n, en<br>ref.: Enviar salutaciones al Centro de Educaci\u00f3n Especial Mirlo por su 31\u00b0<br>Aniversario.-<br>(A criterio de los Sres. Concejales)<br>12.Nota R. N\u00ba133-HCD-21.- Bloque Ahora Merlo, eleva Proyecto de Minuta en ref.:<br>Solicita retomar las Sesiones y todas las actividades del HCD de manera presencial.-<br>(A criterio de los Sres. Concejales)<br><br><strong>De las Comunicaciones Oficiales.-<\/strong><br><br>13.Nota R. N\u00ba131-HCD-21.- Directora del Centro de Educaci\u00f3n Mirlo, Mar\u00eda Eugenia<br>G\u00f3mez, eleva nota en ref.: Solicita que se Declarar de Inter\u00e9s Municipal el<br>cumplea\u00f1os del CEE Mirlo.-<br>(Se sugiere pase a la Comisi\u00f3n N\u00b02 de Gobierno)<br><br><strong>De los Informes (y\/o solicitudes) del D.E.M.-<\/strong><br><br>14.Nota R. N\u00b0 123-HCD-21.- Secretario de Gobierno, Dr. Francisco Oviedo eleva nota<br>de la Secretaria de Ordenamiento Territorial en ref.: Solicita Excepci\u00f3n de Subdivisi\u00f3n<br>de \u201cLoteo Bustos Liendo\u201d.-<br>(Se sugiere pase a Comisi\u00f3n N\u00b01 de Planeamiento)<br>15.Nota R. N\u00b0 124-HCD-21.- Secretario de Gobierno, Dr. Francisco Oviedo eleva nota<br>de la Secretaria de Ordenamiento Territorial y Direcci\u00f3n de Catastro en ref.: Remitir<br>Resoluciones 001 y 002-DC-2021.-<br>(Se sugiere pase a Comisi\u00f3n N\u00b0 1 de Planeamiento)<br>16.Nota R. N\u00b0 126-HCD-21.- Secretario de Gobierno, Dr. Francisco Oviedo eleva nota<br>en ref.: Responde Nota E 023-HCD-2021 sobre Fabrica de Helados KINDI.-<br>(Se sugiere pase a Comisi\u00f3n N\u00b02 de Gobierno &#8211; Expediente correspondiente)<br>17.Nota R. N\u00b0 128-HCD-21.- Directora de Cultura de la Municipalidad de Merlo, Prof.<br>Silvia Lencina, eleva nota en ref.: Invitar a la Capacitaci\u00f3n de Cultura Comunitaria a<br>cargo de la Universidad del Litoral.-<br>(Se sugiere pase a Comisi\u00f3n N\u00b02 de Gobierno)<br>18.Nota R. N\u00ba132-HCD-21.- Secretario de Gobierno, Dr. Francisco Oviedo eleva nota en<br>ref.: Responder Nota E. N\u00b0 021-HCD-2021 sobre propuesta de Densificaci\u00f3n<br>Territorial.-<br>(Se sugiere pase a Comisi\u00f3n N\u00b01 de Planeamiento)<br>19.Nota R. N\u00ba134-HCD-21.- Secretario de Gobierno, Dr. Francisco Oviedo eleva nota en<br>ref.: la colocaci\u00f3n de un Food Truck m\u00f3vil en Avda. del Sol, del Sr. Canelli.<br>(Se sugiere pase a Comisi\u00f3n N\u00b01 de Planeamiento)<\/li><\/ol>\n\n\n\n<p><strong>De las Peticiones o Asuntos Particulares. &#8211;<\/strong><br><br>20.Nota R. N\u00ba125-HCD-21.- Representantes de Instituciones de \u201cEducaci\u00f3n no Formal\u201d<br>elevan nota en ref.: Solicitan que se interceda ante el Gobierno de la Provincia de San<br>Luis para que se retrotraiga lo dispuesto en el Decreto N\u00b02038-JGM-2021.-<br>(Se sugiere pase a Comisi\u00f3n N\u00b02 de Gobierno)<br><br><strong>De los Informes de los ENTES. \u2013<\/strong><\/p>\n","protected":false},"excerpt":{"rendered":"<p>ORDEN DEL D\u00cdA &#8211; SESI\u00d3N ORDINARIA FECHA: 13 DE MAYO DE 2021 ACTA N\u00ba 11-HCD-2021<\/p>\n","protected":false},"author":1,"featured_media":0,"comment_status":"closed","ping_status":"closed","sticky":false,"template":"","format":"standard","meta":{"footnotes":""},"categories":[7],"tags":[],"class_list":["post-6261","post","type-post","status-publish","format-standard","hentry","category-orden-del-dia"],"_links":{"self":[{"href":"https:\/\/hcdvillademerlo.com\/index.php\/wp-json\/wp\/v2\/posts\/6261","targetHints":{"allow":["GET"]}}],"collection":[{"href":"https:\/\/hcdvillademerlo.com\/index.php\/wp-json\/wp\/v2\/posts"}],"about":[{"href":"https:\/\/hcdvillademerlo.com\/index.php\/wp-json\/wp\/v2\/types\/post"}],"author":[{"embeddable":true,"href":"https:\/\/hcdvillademerlo.com\/index.php\/wp-json\/wp\/v2\/users\/1"}],"replies":[{"embeddable":true,"href":"https:\/\/hcdvillademerlo.com\/index.php\/wp-json\/wp\/v2\/comments?post=6261"}],"version-history":[{"count":7,"href":"https:\/\/hcdvillademerlo.com\/index.php\/wp-json\/wp\/v2\/posts\/6261\/revisions"}],"predecessor-version":[{"id":6268,"href":"https:\/\/hcdvillademerlo.com\/index.php\/wp-json\/wp\/v2\/posts\/6261\/revisions\/6268"}],"wp:attachment":[{"href":"https:\/\/hcdvillademerlo.com\/index.php\/wp-json\/wp\/v2\/media?parent=6261"}],"wp:term":[{"taxonomy":"category","embeddable":true,"href":"https:\/\/hcdvillademerlo.com\/index.php\/wp-json\/wp\/v2\/categories?post=6261"},{"taxonomy":"post_tag","embeddable":true,"href":"https:\/\/hcdvillademerlo.com\/index.php\/wp-json\/wp\/v2\/tags?post=6261"}],"curies":[{"name":"wp","href":"https:\/\/api.w.org\/{rel}","templated":true}]}}