{"id":618,"date":"2016-03-15T14:31:37","date_gmt":"2016-03-15T17:31:37","guid":{"rendered":"http:\/\/hcdvillademerlo.com.ar.j8a.com.ar\/?p=618"},"modified":"2016-03-15T14:31:37","modified_gmt":"2016-03-15T17:31:37","slug":"registro-municipal-de-personas-con-discapacidad","status":"publish","type":"post","link":"https:\/\/hcdvillademerlo.com\/index.php\/2016\/03\/15\/registro-municipal-de-personas-con-discapacidad\/","title":{"rendered":"REGISTRO MUNICIPAL DE PERSONAS CON DISCAPACIDAD"},"content":{"rendered":"<p style=\"text-align: right\">Villa de Merlo, San Luis, 26 de Diciembre de 1996<\/p>\n<p>&nbsp;<\/p>\n<p style=\"text-align: center\"><strong><u>ORDENANZA N\u00ba 646-HCD-1996<\/u><\/strong><\/p>\n<p>&nbsp;<br \/>\n<strong><u>VISTO:<\/u><\/strong><br \/>\nLo vertido por el Sr. Carlos De Negri, en uso de la banca del Vecino. Sesi\u00f3n Ordinaria del jueves 5 de Diciembre de 1996, (Acta N\u00ba 33-HCD-96) Villa de Merlo, y;<br \/>\n&nbsp;<br \/>\n<strong><u>CONSIDERANDO:<\/u><\/strong><br \/>\nQue es necesario tener un conocimiento de la situaci\u00f3n en nuestro \u00e9jido municipal, de personas con alg\u00fan grado de discapacidad.-<br \/>\nQue, juzgando a partir de un caso particular y otros que, en algunos casos, son de conocimiento de los miembros de este Cuerpo, se trata de situaciones con dificultades de integraci\u00f3n, laborales, sociales, de cobertura integral para la salud, etc.-<br \/>\nQue no se cuenta con ese conocimiento en lo general, ni documentadamente.-<br \/>\nQue ese conocimiento es la condici\u00f3n previa para planificar posibles soluciones a la situaci\u00f3n general y a las particulares en la medida del alcance y pertinencia de las autoridades municipales.-<br \/>\nQue para alcanzar ese conocimiento se hace necesario el accionar de especialistas de distintas ramas de las ciencias y a\u00fan el concurso de personas muy legada a la problem\u00e1tica.-<br \/>\n&nbsp;<br \/>\n<strong>POR TODO ELLO \u00a0EL HONORABLE CONCEJO DELIBERANTE DE VILLA DE MERLO (S.L.) EN USO DE SUS ATRIBUCIONES QUE LE CONFIERE LA LEY, SANCIONA LA SIGUIENTE:<\/strong><\/p>\n<p style=\"text-align: center\"><strong><u>ORDENANZA<\/u><\/strong><\/p>\n<p>&nbsp;<br \/>\n<strong>ART. 1\u00ba)\u00a0 <\/strong>Llevar a cabo un Registro Municipal de Personas con Discapacidad.-<br \/>\n<strong>ART. 2\u00ba)<\/strong>\u00a0 Conformar una Comisi\u00f3n \u201cAd Hoc\u201d para la organizaci\u00f3n de ese registro con criterio profesional, la que deber\u00e1 consultar a quienes considere oportuno, discapacitados, familiares, miembros de Asociaciones, docentes, otros profesionales, etc.- En todos los casos la inscripci\u00f3n se efectuar\u00e1 previa conformidad del discapacitado o familiar a cargo.-<br \/>\n<strong>ART. 3\u00ba)\u00a0 <\/strong>Dicho registro deber\u00e1 estar implementado a partir de 60 d\u00edas a contar de la promulgaci\u00f3n de la presente Ordenanza, y quedar\u00e1 abierto para nuevos inscriptos a cargo de la Direcci\u00f3n de Acci\u00f3n Social del DEM.-<br \/>\n<strong>ART. 4\u00ba)\u00a0 <\/strong>Hasta tanto se cuente con los datos aportados por el mencionado registro y puede planificarse acciones posteriores, la Direcci\u00f3n de Acci\u00f3n Social quedar\u00e1 dispuesta a realizar gestiones que sean necesarias y a su alcance para aportar\u00a0 soluciones a las actuaciones que se vayan presentando.-<br \/>\n<strong>ART. 5\u00ba)\u00a0 <\/strong>Comun\u00edquese, Publ\u00edquese, Reg\u00edstrese y Arch\u00edvese.-<br \/>\n&nbsp;<br \/>\nPresidente H.C.D.: Dr. Mario E. Mini<br \/>\nSecretaria H.C.D.: Stella M. H. De Dulcich<br \/>\n&nbsp;<\/p>\n","protected":false},"excerpt":{"rendered":"<p>Villa de Merlo, San Luis, 26 de Diciembre de 1996 &nbsp; ORDENANZA N\u00ba 646-HCD-1996 &nbsp; VISTO: Lo vertido por el Sr. Carlos De Negri, en uso de la banca del Vecino. Sesi\u00f3n Ordinaria del jueves 5 de Diciembre de 1996, (Acta N\u00ba 33-HCD-96) Villa de Merlo, y; &nbsp; CONSIDERANDO: Que es necesario tener un conocimiento<\/p><\/div>\n<div class=\"blog-btn\"><a href=\"https:\/\/hcdvillademerlo.com\/index.php\/2016\/03\/15\/registro-municipal-de-personas-con-discapacidad\/\" class=\"home-blog-btn\">Leer m\u00e1s<\/a><\/p>\n","protected":false},"author":1,"featured_media":0,"comment_status":"closed","ping_status":"open","sticky":false,"template":"","format":"standard","meta":{"footnotes":""},"categories":[18],"tags":[108],"class_list":["post-618","post","type-post","status-publish","format-standard","hentry","category-accion-social","tag-discapacidad"],"_links":{"self":[{"href":"https:\/\/hcdvillademerlo.com\/index.php\/wp-json\/wp\/v2\/posts\/618","targetHints":{"allow":["GET"]}}],"collection":[{"href":"https:\/\/hcdvillademerlo.com\/index.php\/wp-json\/wp\/v2\/posts"}],"about":[{"href":"https:\/\/hcdvillademerlo.com\/index.php\/wp-json\/wp\/v2\/types\/post"}],"author":[{"embeddable":true,"href":"https:\/\/hcdvillademerlo.com\/index.php\/wp-json\/wp\/v2\/users\/1"}],"replies":[{"embeddable":true,"href":"https:\/\/hcdvillademerlo.com\/index.php\/wp-json\/wp\/v2\/comments?post=618"}],"version-history":[{"count":0,"href":"https:\/\/hcdvillademerlo.com\/index.php\/wp-json\/wp\/v2\/posts\/618\/revisions"}],"wp:attachment":[{"href":"https:\/\/hcdvillademerlo.com\/index.php\/wp-json\/wp\/v2\/media?parent=618"}],"wp:term":[{"taxonomy":"category","embeddable":true,"href":"https:\/\/hcdvillademerlo.com\/index.php\/wp-json\/wp\/v2\/categories?post=618"},{"taxonomy":"post_tag","embeddable":true,"href":"https:\/\/hcdvillademerlo.com\/index.php\/wp-json\/wp\/v2\/tags?post=618"}],"curies":[{"name":"wp","href":"https:\/\/api.w.org\/{rel}","templated":true}]}}