{"id":6176,"date":"2021-10-18T12:05:45","date_gmt":"2021-10-18T15:05:45","guid":{"rendered":"https:\/\/hcdvillademerlo.com\/?p=6176"},"modified":"2024-09-24T10:07:07","modified_gmt":"2024-09-24T13:07:07","slug":"ordenanza-no-ii-1003-hcd-2021","status":"publish","type":"post","link":"https:\/\/hcdvillademerlo.com\/index.php\/2021\/10\/18\/ordenanza-no-ii-1003-hcd-2021\/","title":{"rendered":"ORDENANZA N\u00ba II-1003-HCD-2021 &#8211; D\u00cdA MUNDIAL ENDOMETRIOSIS"},"content":{"rendered":"\n<p>Villa de Merlo, 01 de Julio de 2021<\/p>\n\n\n\n<p><br>ORDENANZA N\u00ba II-1003-HCD-2021<\/p>\n\n\n\n<p>VISTO:<br>Que el 14 de Marzo es el D\u00eda Mundial de la Endometriosis, una ocasi\u00f3n para generar conciencia en la sociedad sobre esta patolog\u00eda y,<\/p>\n\n\n\n<p><br>CONSIDERANDO:<br>Que la endometriosis es la aparici\u00f3n y crecimiento de tejido endometrial fuera del \u00fatero. Este tejido se ubica en la cavidad p\u00e9lvica, en los ovarios, detr\u00e1s del \u00fatero, en los ligamentos uterinos, en la vejiga urinaria, en los intestinos. Con menor frecuencia puede aparecer fuera del abdomen, en las cavidades pulmonares y\/u otras partes del cuerpo.-<\/p>\n\n\n\n<p><br>Que esta patolog\u00eda puede provocar dolor intenso (pelviano cr\u00f3nico, dismenorrea, dispareunia), infertilidad o ambos s\u00edntomas alterando la calidad de vida de las mujeres ya que afecta su vida cotidiana, su vida laboral, social y econ\u00f3mica.-<\/p>\n\n\n\n<p><br>Que si bien la Endometriosis es una enfermedad benigna, las mujeres la sufren tienen el doble de riesgo de desarrollar alg\u00fan tipo de c\u00e1ncer ov\u00e1rico.-<\/p>\n\n\n\n<p><br>Que en nuestro pa\u00eds, esta enfermedad afecta entre el 5% y el 15% de las mujeres en edad f\u00e9rtil, desde la menarqu\u00eda hasta la menopausia, y dado que es una patolog\u00eda sub diagnosticada muchas mujeres pueden padecerlo sin ser diagnosticado correctamente, dado que sus s\u00edntomas pueden confundirse con enfermedades celiacas, inflamaci\u00f3n abdominal, fibromialgia, entre otras.-<\/p>\n\n\n\n<p><br>Que sumado a lo anteriormente descripto, existe un desconocimiento que opera a nivel cultural y a veces inconsciente, de que las menstruaciones dolorosas, abundantes y que perduran durante varios d\u00edas es normal, lo cual contribuye negativamente a la subestimaci\u00f3n de la enfermedad.-<\/p>\n\n\n\n<p><br>Que actualmente no existe cura para la endometriosis, ni tampoco un solo tratamiento indicado, con lo cual es crucial dar con especialistas formados en el tema, para comenzar el tratamiento indicado seg\u00fan cada caso, que permita a las mujeres llevar una vida cotidiana en normalidad y plenitud.-<\/p>\n\n\n\n<p><br>Que desde el \u00e1rea de Salud Municipal debemos incorporar campa\u00f1as de difusi\u00f3n y concientizaci\u00f3n destinada a las vecinas de la Villa de Merlo, brindando la informaci\u00f3n pertinente que permita prevenir y evitar diagn\u00f3sticos err\u00e1ticos.-<\/p>\n\n\n\n<p><br>Que estas campa\u00f1as de prevenci\u00f3n y concientizaci\u00f3n no solo deben estar enfocadas en la mujer adulta, sino tambi\u00e9n a la mujer en el comienzo de su periodo menstrual, d\u00e1ndoles las herramientas que le permitan acudir prontamente al especialista para consultar, obtener un diagn\u00f3stico seguro y precoz y de este modo actuar asertivamente sobre su salud femenina y calidad de vida.-<\/p>\n\n\n\n<p><br>Que la informaci\u00f3n y la formaci\u00f3n son dos pilares fundamentales de esta lucha. La realizaci\u00f3n de campa\u00f1as de informaci\u00f3n es importante para darle el marco de relevancia que reviste esta tem\u00e1tica, sobre todo desde el Departamento Ejecutivo Municipal y el Honorable Concejo Deliberante; y la necesaria formaci\u00f3n de profesionales ginec\u00f3logos especialistas que contribuyan a un r\u00e1pido diagn\u00f3stico y tratamiento.-<\/p>\n\n\n\n<p><br>Que la Organizaci\u00f3n Mundial de la Salud declar\u00f3 el 14 de Marzo como D\u00eda Mundial de la Endometriosis y a Marzo como \u201cMes Amarillo\u201d en referencia al color que representa a la enfermedad, campa\u00f1a a la que se ha sumado la implementaci\u00f3n del \u201clazo amarillo\u201d.-<\/p>\n\n\n\n<p><br>Que en la Provincia de San Luis, la Asociaci\u00f3n \u201cEndolazos\u201d es pionera y trabaja para la concientizaci\u00f3n y difusi\u00f3n de esta enfermedad.-<\/p>\n\n\n\n<p><br>Que el derecho a la salud es un derecho consagrado en nuestra Constituci\u00f3n Nacional y en la Constituci\u00f3n de la Provincia de San Luis.-<\/p>\n\n\n\n<p><br>Que este HCD mantuvo una reuni\u00f3n de comisi\u00f3n con la Sra. Pamela Luna, representante de la Asociaci\u00f3n Endolazos; la Dra. Natali Andreis y el Dr. Pablo Silva, quienes informaron sobre esta problem\u00e1tica y generar as\u00ed una legislaci\u00f3n que de difusi\u00f3n y detecci\u00f3n temprana sobre Endometriosis.-<\/p>\n\n\n\n<p><br>POR TODO LO EXPUESTO, ESTE HONORABLE CONCEJO DELIBERANTE DE LA CIUDAD VILLA DE MERLO, SAN LUIS, EN USO DE LAS ATRIBUCIONES Y FACULTADES QUE LE CONFIERE LA LEY SANCIONA LA SIGUIENTE:<\/p>\n\n\n\n<p>ORDENANZA<\/p>\n\n\n\n<p><br>ARTICULO 1\u00b0: DECLARAR de Inter\u00e9s Municipal en la Ciudad Villa de Merlo, el D\u00eda Mundial de la Endometriosis, establecido por la Organizaci\u00f3n Mundial de la Salud el 14 de Marzo como fecha para difundir y concientizar sobre esta enfermedad.-<\/p>\n\n\n\n<p><br>ARTICULO 2\u00b0: Cada 14 de Marzo, y durante todo el mes, el Departamento Ejecutivo Municipal en conjunto con el Honorable Concejo Deliberante deber\u00e1n realizar jornadas educativas, informativas y de concientizaci\u00f3n sobre la Endometriosis, haciendo participes a los centros de salud p\u00fablicos y privados, centros educativos y a la sociedad civil en general.-<\/p>\n\n\n\n<p><br>ARTICULO 3\u00b0: Invitar a todas las dependencias del Estado Municipal a iluminar y ornamentar con el color amarillo, de manera de sumarse y visibilizar esta lucha de las mujeres.-<\/p>\n\n\n\n<p><br>ARTICULO 4\u00b0: Instar a las C\u00e1maras de Diputados y Senadores de la Provincia de San Luis, a la aprobaci\u00f3n de una ley que contemple esta problem\u00e1tica dando asi, respuestas a las pacientes de \u00e9sta enfermedad cr\u00f3nica.-<\/p>\n\n\n\n<p><br>ARTICULO 5\u00b0: COMUNIQUESE, NOTIFIQUESE, REGISTRESE, PUBLIQUESE Y OPORTUNAMENTE ARCHIVESE.-<\/p>\n\n\n\n<div class=\"wp-block-file btn-descarga-ordenanza\"><a id=\"wp-block-file--media-0863f456-768f-4d44-8472-32e49a63d61c\" href=\"https:\/\/hcdvillademerlo.com\/wp-content\/uploads\/2021\/10\/1003-II-DIA-MUNDIAL-ENDOMETRIOSIS.docx\" target=\"_blank\" rel=\"noreferrer noopener\">1003-II-DIA MUNDIAL ENDOMETRIOSIS<\/a><a href=\"https:\/\/hcdvillademerlo.com\/wp-content\/uploads\/2021\/10\/1003-II-DIA-MUNDIAL-ENDOMETRIOSIS.docx\" class=\"wp-block-file__button wp-element-button\" download aria-describedby=\"wp-block-file--media-0863f456-768f-4d44-8472-32e49a63d61c\"><i class=\"fa fa-download\"><\/i>Descargar ordenanza<\/a><\/div>\n","protected":false},"excerpt":{"rendered":"<p>D\u00cdA MUNDIAL ENDOMETRIOSIS<\/p>\n","protected":false},"author":1,"featured_media":0,"comment_status":"closed","ping_status":"closed","sticky":false,"template":"","format":"standard","meta":{"footnotes":""},"categories":[317,8,296,14],"tags":[],"class_list":["post-6176","post","type-post","status-publish","format-standard","hentry","category-legislacion-sobre-genero","category-ordenanza","category-ordenanzas-2021","category-salud"],"_links":{"self":[{"href":"https:\/\/hcdvillademerlo.com\/index.php\/wp-json\/wp\/v2\/posts\/6176","targetHints":{"allow":["GET"]}}],"collection":[{"href":"https:\/\/hcdvillademerlo.com\/index.php\/wp-json\/wp\/v2\/posts"}],"about":[{"href":"https:\/\/hcdvillademerlo.com\/index.php\/wp-json\/wp\/v2\/types\/post"}],"author":[{"embeddable":true,"href":"https:\/\/hcdvillademerlo.com\/index.php\/wp-json\/wp\/v2\/users\/1"}],"replies":[{"embeddable":true,"href":"https:\/\/hcdvillademerlo.com\/index.php\/wp-json\/wp\/v2\/comments?post=6176"}],"version-history":[{"count":5,"href":"https:\/\/hcdvillademerlo.com\/index.php\/wp-json\/wp\/v2\/posts\/6176\/revisions"}],"predecessor-version":[{"id":10936,"href":"https:\/\/hcdvillademerlo.com\/index.php\/wp-json\/wp\/v2\/posts\/6176\/revisions\/10936"}],"wp:attachment":[{"href":"https:\/\/hcdvillademerlo.com\/index.php\/wp-json\/wp\/v2\/media?parent=6176"}],"wp:term":[{"taxonomy":"category","embeddable":true,"href":"https:\/\/hcdvillademerlo.com\/index.php\/wp-json\/wp\/v2\/categories?post=6176"},{"taxonomy":"post_tag","embeddable":true,"href":"https:\/\/hcdvillademerlo.com\/index.php\/wp-json\/wp\/v2\/tags?post=6176"}],"curies":[{"name":"wp","href":"https:\/\/api.w.org\/{rel}","templated":true}]}}