{"id":6117,"date":"2021-09-30T10:48:08","date_gmt":"2021-09-30T13:48:08","guid":{"rendered":"https:\/\/hcdvillademerlo.com\/?p=6117"},"modified":"2024-09-30T12:31:40","modified_gmt":"2024-09-30T15:31:40","slug":"ordenanza-n-ii-0984-hcd-2021","status":"publish","type":"post","link":"https:\/\/hcdvillademerlo.com\/index.php\/2021\/09\/30\/ordenanza-n-ii-0984-hcd-2021\/","title":{"rendered":"ORDENANZA N\u00b0 II-0984-HCD-2021 &#8211; INSTITUIR SEMANA MUNICIPAL DE LA VOZ"},"content":{"rendered":"\n<p>Villa de Merlo, San Luis, 08 de abril de 2021<\/p>\n\n\n\n<p>ORDENANZA N\u00b0 II-0984-HCD-2021<br>\u201cINSTITUIR SEMANA MUNICIPAL DE LA VOZ\u201d<\/p>\n\n\n\n<p>VISTO:<br>Que D\u00eda Mundial de la voz, se celebra el 16 de abril y fue decretado por la Federaci\u00f3n de Sociedades de Otorrinolaringolog\u00eda con el objetivo de crear conciencia sobre la importancia que tiene la voz, as\u00ed como los cuidados que se deben tener en cuenta para evitar problemas relacionados con el aparato emisor y sus consecuencias sobre la salud vocal.<br>CONSIDERANDO:<br>Que la afon\u00eda es un trastorno que provoca la p\u00e9rdida de la voz. Esto puede ocurrir de forma cr\u00f3nica o aguda y puede deberse a distintas causas. Afecta directamente a las cuerdas vocales.<br>Que la disfon\u00eda, la cual puede deberse a un mal uso o abuso en el uso de la voz que causa alteraciones funcionales o estructurales de las cuerdas vocales. Y siendo que el mayor \u00e1mbito de incidencia de estas alteraciones ocurre entre las personas que necesitan la voz para desempe\u00f1ar sus trabajos, tales como docentes, gu\u00edas de turismo, locutores, periodistas, actores, docentes, psic\u00f3logos, musicoterapeutas, entre otros.<br>Que la voz representa el principal medio de comunicaci\u00f3n a trav\u00e9s del cual las personas expresan pensamientos y emociones. Es una herramienta que nos permite estar en contactos con los otros y de esta forma crear relaciones personales.<br>Que muchas personas sufren de trastornos relacionados con la voz, pero que han \u201cnaturalizado\u201d sin reconocer que no se trata de un estado de salud.<br>Que la iniciativa de celebrar el D\u00eda de la Voz naci\u00f3 en Brasil en 1999, cuando el Dr Nedio Steffen, presidente de la Academia Brasilera de Laringolog\u00eda y Voz, despu\u00e9s de haber comprobado que muchas de las personas que padec\u00edan disfon\u00edas pensaban que eso era normal, organiz\u00f3 junto a otros colegas una Campa\u00f1a Nacional de concientizaci\u00f3n acerca de los cuidados de la salud vocal, a fin de poder transmitir a la poblaci\u00f3n la importancia de un diagn\u00f3stico precoz de las patolog\u00edas de la voz.<br>Que como consecuencia de la campa\u00f1a, y en conjunto con sociedades de laringolog\u00eda del mundo se invit\u00f3 a adherir a esta campa\u00f1a a diferentes pa\u00edses del mundo y esto di\u00f3 origen al D\u00eda Mundial de la Voz, llevado a Europa y Estados Unidos por el Profesor Mario Andrea de Portugal, present\u00e1ndolo en diferente eventos internacionales como una necesidad m\u00e9dica frente a la responsabilidad de concientizar a la poblaci\u00f3n acerca de los cuidados de la voz.<br>Que en nuestro pa\u00eds la Sociedad Argentina de la Voz se sum\u00f3 a la propuesta para celebrar el 16 de abril el D\u00eda Mundial de la Voz en el a\u00f1o 2003, cuyo acto de inauguraci\u00f3n se realiz\u00f3 en la Academia Nacional de Medicina.<br>Que dentro de nuestra estructura Municipal contamos con la Direcci\u00f3n Educaci\u00f3n, Salud y Discapacidad, que cuenta con cuatro centros de salud, ubicados estrat\u00e9gicamente en el territorio municipal, la funci\u00f3n principal es la atenci\u00f3n primaria, promoci\u00f3n, prevenci\u00f3n y difusi\u00f3n de la salud.<br>Que nuestra comunidad cuenta con numerosos trabajadores relacionados con el turismo como gu\u00edas, artistas, locutores -entre otros- que utilizan la voz, incluso de manera intensa para desarrollar sus tareas.<br>Que los docentes muchas veces sobre exigen su voz para poder llevar a cabo su tarea en las aulas siendo esto en muchos casos causante de fatiga vocal y\/o patolog\u00edas vocales de distinta \u00edndole.<br>Que en la actualidad el Hospital Madre Catalina cuenta con dos fonoaudi\u00f3logas dentro de su plantel.<br>Que nuestra Villa de Merlo, hay muchas profesionales fonoaudi\u00f3logas\/fonoaudi\u00f3logos que se desempe\u00f1an en el \u00e1mbito privado y que se han manifestado a favor de esta campa\u00f1a y podr\u00e1n sumar sus conocimientos a la tarea de Prevenci\u00f3n en el Cuidado de la Voz.<br>Que en el abordaje del cuidado de la voz, el trabajo de fonoaudi\u00f3logas y fonoaudi\u00f3logos debe realizarse junto al de Otorrinolaring\u00f3logos, en nuestra ciudad existe muy pocos profesionales de esta especialidad y estos son del \u00e1mbito privado, para ser atendidos a nivel p\u00fablico y los pacientes deben trasladarse al Policl\u00ednico Regional de San Luis.<br>Que este cuerpo legislativo mantuvo reuni\u00f3n con Profesionales Fonoaudi\u00f3logas del \u00e1mbito p\u00fablico y privado y con la Direcci\u00f3n de Salud, Educaci\u00f3n y Discapacidad Municipal quienes realizaron aportes al proyecto.<\/p>\n\n\n\n<p>POR TODO ELLO EL HONORABLE CONCEJO DELIBERANTE DE LA CIUDAD DE VILLA DE MERLO, EN USO DE LAS ATRIBUCIONES Y FACULTADES QUE LE CONFIERE LA LEY, SANCIONA LA SIGUIENTE<\/p>\n\n\n\n<p>ORDENANZA<\/p>\n\n\n\n<p>Art\u00edculo 1\u00ba: ADHERIR a D\u00eda Mundial de la Voz, que se celebra el 16 de abril y fue decretado por la Federaci\u00f3n de Sociedades de Otorrinolaringolog\u00eda y la Sociedad Argentina de la Voz<br>Art\u00edculo 2\u00ba. INSTITUIR la Semana Municipal de la Voz, a fin de que durante la misma se cumplan los objetivos planteados en la presente ordenanza.<br>Art\u00edculo 3\u00ba: La Autoridad de aplicaci\u00f3n de la presente ordenanza ser\u00e1 la Direcci\u00f3n de Salud, Educaci\u00f3n y Discapacidad de la Villa de Merlo o la que en el futuro la reemplace, quien ser\u00e1 la encargada de convocar a los y las profesionales involucrados en la tem\u00e1tica.<br>Art\u00edculo 4\u00ba: Se plantean como Objetivos generales de la presente ordenanza<br>Concientizar a la poblaci\u00f3n acerca de su salud vocal y la necesidad de prevenir y\/o tratar los problemas relacionados con la misma<br>Generar campa\u00f1as que informen acerca de la morbimortalidad lar\u00edngea (c\u00e1ncer y otras) que alienten a la consulta temprana.<br>Se plantean como objetivos espec\u00edficos<br>Educar a la poblaci\u00f3n en la consulta temprana en caso de disfon\u00edas de m\u00e1s de 15 d\u00edas.<br>Instruir a la poblaci\u00f3n sobre los s\u00edntomas m\u00e1s frecuentes que deber\u00edan inducir a la consulta con un profesional especializado (otorrinolaring\u00f3logo y\/o fonoaudi\u00f3logo)<br>Ense\u00f1ar a la poblaci\u00f3n h\u00e1bitos de higiene vocal<br>Instalar en la poblaci\u00f3n la necesidad de entrenarse vocalmente si se va a trabajar con la voz, disminuyendo as\u00ed el riesgo de enfermar de las cuerdas vocales.<br>Trabajar en conjunto con profesionales de la comunidad en la generaci\u00f3n de campa\u00f1as de concientizaci\u00f3n y prevenci\u00f3n en el cuidado de la voz.<br>Art\u00edculo 5: COMUNIQUESE, NOTIFIQUESE, REGISTRESE, PUBLIQUESE Y OPORTUNAMENTE ARCHIVESE.-<\/p>\n\n\n\n<div class=\"wp-block-file btn-descarga-ordenanza\"><a id=\"wp-block-file--media-4f6c9e65-2e6f-4ed3-af6c-397fe2d82205\" href=\"https:\/\/hcdvillademerlo.com\/wp-content\/uploads\/2021\/09\/0984-II-INSTITUIR-LA-SEMANA-MUNICIPAL-DE-LA-VOZ.docx\" target=\"_blank\" rel=\"noreferrer noopener\">0984-II-INSTITUIR LA SEMANA MUNICIPAL DE LA VOZ<\/a><a href=\"https:\/\/hcdvillademerlo.com\/wp-content\/uploads\/2021\/09\/0984-II-INSTITUIR-LA-SEMANA-MUNICIPAL-DE-LA-VOZ.docx\" class=\"wp-block-file__button wp-element-button\" download aria-describedby=\"wp-block-file--media-4f6c9e65-2e6f-4ed3-af6c-397fe2d82205\"><i class=\"fa fa-download\"><\/i>Descargar ordenanza<\/a><\/div>\n","protected":false},"excerpt":{"rendered":"<p>\u201cINSTITUIR SEMANA MUNICIPAL DE LA VOZ\u201d<\/p>\n","protected":false},"author":1,"featured_media":0,"comment_status":"closed","ping_status":"closed","sticky":false,"template":"","format":"standard","meta":{"footnotes":""},"categories":[8,296,14],"tags":[],"class_list":["post-6117","post","type-post","status-publish","format-standard","hentry","category-ordenanza","category-ordenanzas-2021","category-salud"],"_links":{"self":[{"href":"https:\/\/hcdvillademerlo.com\/index.php\/wp-json\/wp\/v2\/posts\/6117","targetHints":{"allow":["GET"]}}],"collection":[{"href":"https:\/\/hcdvillademerlo.com\/index.php\/wp-json\/wp\/v2\/posts"}],"about":[{"href":"https:\/\/hcdvillademerlo.com\/index.php\/wp-json\/wp\/v2\/types\/post"}],"author":[{"embeddable":true,"href":"https:\/\/hcdvillademerlo.com\/index.php\/wp-json\/wp\/v2\/users\/1"}],"replies":[{"embeddable":true,"href":"https:\/\/hcdvillademerlo.com\/index.php\/wp-json\/wp\/v2\/comments?post=6117"}],"version-history":[{"count":4,"href":"https:\/\/hcdvillademerlo.com\/index.php\/wp-json\/wp\/v2\/posts\/6117\/revisions"}],"predecessor-version":[{"id":10980,"href":"https:\/\/hcdvillademerlo.com\/index.php\/wp-json\/wp\/v2\/posts\/6117\/revisions\/10980"}],"wp:attachment":[{"href":"https:\/\/hcdvillademerlo.com\/index.php\/wp-json\/wp\/v2\/media?parent=6117"}],"wp:term":[{"taxonomy":"category","embeddable":true,"href":"https:\/\/hcdvillademerlo.com\/index.php\/wp-json\/wp\/v2\/categories?post=6117"},{"taxonomy":"post_tag","embeddable":true,"href":"https:\/\/hcdvillademerlo.com\/index.php\/wp-json\/wp\/v2\/tags?post=6117"}],"curies":[{"name":"wp","href":"https:\/\/api.w.org\/{rel}","templated":true}]}}