{"id":6094,"date":"2021-09-21T12:45:33","date_gmt":"2021-09-21T15:45:33","guid":{"rendered":"https:\/\/hcdvillademerlo.com\/?p=6094"},"modified":"2024-09-30T12:33:46","modified_gmt":"2024-09-30T15:33:46","slug":"ordenanza-x-0978-hcd-2021","status":"publish","type":"post","link":"https:\/\/hcdvillademerlo.com\/index.php\/2021\/09\/21\/ordenanza-x-0978-hcd-2021\/","title":{"rendered":"ORDENANZA  X-0978-HCD-2021 &#8211; ESTABLECER PERIODO LEGISLATIVO A\u00d1O 2021"},"content":{"rendered":"\n<p>Villa de Merlo, (San Luis), 05 de marzo de 2021<\/p>\n\n\n\n<p><strong><u>ORDENANZA &nbsp;X-0978-HCD-2021<\/u><\/strong><\/p>\n\n\n\n<p><em>\u201c<u>Establecer Periodo Legislativo A\u00f1o 2021\u201d<\/u><\/em><\/p>\n\n\n\n<p><strong><u>VISTO<\/u><\/strong><strong>:<\/strong><\/p>\n\n\n\n<p>La necesidad de establecer el Per\u00edodo Legislativo A\u00f1o 2021; y:<\/p>\n\n\n\n<p><strong><u>CONSIDERANDO<\/u><\/strong><strong>:<\/strong><\/p>\n\n\n\n<p>Que es menester fijar el d\u00eda de inicio y de cierre del Per\u00edodo Legislativo de este H.C.D. para el pr\u00f3ximo A\u00f1o 2021.-<\/p>\n\n\n\n<p>Que asimismo resulta adecuado en esta Ordenanza establecer los d\u00edas de Sesiones Ordinarias y el horario para la realizaci\u00f3n de las mismas.-<\/p>\n\n\n\n<p>Que por todo ello se dispone conforme se expresa a continuaci\u00f3n.-<\/p>\n\n\n\n<p><strong>POR TODO ELLO EL HONORABLE CONCEJO DELIBERANTE DE LA CIUDAD VILLA DE MERLO, SAN LUIS, EN USO DE LAS FACULTADES Y ATRIBUCIONES QUE LE CONFIERE LA LEY, SANCIONA LA SIGUIENTE:<\/strong><\/p>\n\n\n\n<h4 class=\"wp-block-heading\">ORDENANZA<\/h4>\n\n\n\n<p><strong><u>ARTICULO 1\u00ba<\/u><\/strong><strong>: ESTABLECER, <\/strong>que las Sesiones Ordinarias de \u00e9ste H.C.D. para el A\u00f1o 2021, iniciar\u00e1n el d\u00eda Lunes 01 de Marzo con la Sesi\u00f3n Extraordinaria de Apertura de Sesiones y continuar\u00e1 con las Sesiones Ordinarias habituales desde el 02 de Marzo y finalizando el d\u00eda Viernes 10 de Diciembre del respectivo a\u00f1o.-<\/p>\n\n\n\n<p><strong><u>ARTICULO 2\u00ba<\/u><\/strong><strong>: ESTABLECER <\/strong>que las Sesiones Ordinarias para el A\u00f1o 2021, se llevar\u00e1n a cabo los d\u00edas Jueves a las 18.00 Hs.-<\/p>\n\n\n\n<p><strong><u>ARTICULO 3\u00ba<\/u><\/strong><strong>: ESTABLECER <\/strong>que el receso invernal de dos (2) semanas, ser\u00e1 coincidente con el receso escolar fijado por la Provincia de San Luis.-<\/p>\n\n\n\n<p><strong><u>ARTICULO 4\u00ba<\/u><\/strong><strong>: DEROGAR,<\/strong> toda aquella norma que se oponga a la presente.-<\/p>\n\n\n\n<p><strong><u>ARTICULO 5\u00ba<\/u><\/strong><strong>: COMUNIQUESE, NOTIFIQUESE, PUBLIQUESE, REGISTRESE Y OPORTUNAMENTE ARCHIVESE.-<\/strong><\/p>\n\n\n\n<div class=\"wp-block-file btn-descarga-ordenanza\"><a id=\"wp-block-file--media-5b6645cb-d1f9-4ce2-a6e0-9f24c7594d42\" href=\"https:\/\/hcdvillademerlo.com\/wp-content\/uploads\/2021\/09\/0978-X-ORDENANZA-PERIODO-2021.docx\" target=\"_blank\" rel=\"noreferrer noopener\">0978-X- ORDENANZA PERIODO 2021<\/a><a href=\"https:\/\/hcdvillademerlo.com\/wp-content\/uploads\/2021\/09\/0978-X-ORDENANZA-PERIODO-2021.docx\" class=\"wp-block-file__button wp-element-button\" download aria-describedby=\"wp-block-file--media-5b6645cb-d1f9-4ce2-a6e0-9f24c7594d42\"><i class=\"fa fa-download\"><\/i>Descargar ordenanza<\/a><\/div>\n","protected":false},"excerpt":{"rendered":"<p>\u201cESTABLECER PERIODO LEGISLATIVO A\u00d1O 2021\u201d<\/p>\n","protected":false},"author":1,"featured_media":0,"comment_status":"closed","ping_status":"closed","sticky":false,"template":"","format":"standard","meta":{"footnotes":""},"categories":[8,296,12],"tags":[],"class_list":["post-6094","post","type-post","status-publish","format-standard","hentry","category-ordenanza","category-ordenanzas-2021","category-poder-legislativo"],"_links":{"self":[{"href":"https:\/\/hcdvillademerlo.com\/index.php\/wp-json\/wp\/v2\/posts\/6094","targetHints":{"allow":["GET"]}}],"collection":[{"href":"https:\/\/hcdvillademerlo.com\/index.php\/wp-json\/wp\/v2\/posts"}],"about":[{"href":"https:\/\/hcdvillademerlo.com\/index.php\/wp-json\/wp\/v2\/types\/post"}],"author":[{"embeddable":true,"href":"https:\/\/hcdvillademerlo.com\/index.php\/wp-json\/wp\/v2\/users\/1"}],"replies":[{"embeddable":true,"href":"https:\/\/hcdvillademerlo.com\/index.php\/wp-json\/wp\/v2\/comments?post=6094"}],"version-history":[{"count":4,"href":"https:\/\/hcdvillademerlo.com\/index.php\/wp-json\/wp\/v2\/posts\/6094\/revisions"}],"predecessor-version":[{"id":10988,"href":"https:\/\/hcdvillademerlo.com\/index.php\/wp-json\/wp\/v2\/posts\/6094\/revisions\/10988"}],"wp:attachment":[{"href":"https:\/\/hcdvillademerlo.com\/index.php\/wp-json\/wp\/v2\/media?parent=6094"}],"wp:term":[{"taxonomy":"category","embeddable":true,"href":"https:\/\/hcdvillademerlo.com\/index.php\/wp-json\/wp\/v2\/categories?post=6094"},{"taxonomy":"post_tag","embeddable":true,"href":"https:\/\/hcdvillademerlo.com\/index.php\/wp-json\/wp\/v2\/tags?post=6094"}],"curies":[{"name":"wp","href":"https:\/\/api.w.org\/{rel}","templated":true}]}}