{"id":602,"date":"2016-03-15T14:13:15","date_gmt":"2016-03-15T17:13:15","guid":{"rendered":"http:\/\/hcdvillademerlo.com.ar.j8a.com.ar\/?p=602"},"modified":"2016-03-15T14:13:15","modified_gmt":"2016-03-15T17:13:15","slug":"aprueba-simbolos-municipales","status":"publish","type":"post","link":"https:\/\/hcdvillademerlo.com\/index.php\/2016\/03\/15\/aprueba-simbolos-municipales\/","title":{"rendered":"APRUEBA S\u00cdMBOLOS MUNICIPALES"},"content":{"rendered":"<p style=\"text-align: right\">Villa de Merlo (S.L.) 29de agosto de 1996<\/p>\n<p><strong>\u00a0<\/strong><\/p>\n<p style=\"text-align: center\"><strong><u>ORDENANZA N\u00ba 634-HCD-1996<\/u><\/strong><\/p>\n<p><strong>\u00a0<\/strong><br \/>\n<strong><u>VISTO<\/u>: <\/strong><br \/>\n<strong>\u00a0\u00a0\u00a0\u00a0\u00a0\u00a0\u00a0\u00a0\u00a0 <\/strong><br \/>\nLa Nota N\u00ba 125\/IM\/96 solicitando la aprobaci\u00f3n de los s\u00edmbolos de nuestra ciudad, elegidos por convocatoria popular el mes de julio del corriente a\u00f1o, y;<br \/>\n&nbsp;<br \/>\n<strong><u>CONSIDERANDO<\/u>:<\/strong><br \/>\n<strong>\u00a0\u00a0\u00a0\u00a0\u00a0\u00a0\u00a0\u00a0\u00a0\u00a0\u00a0\u00a0 <\/strong>Que el Honorable Concejo Deliberante sancion\u00f3 la Ordenanza N\u00ba 617\/HCD\/96, llamando a concurso para la elecci\u00f3n de los s\u00edmbolos que identifiquen a la Municipalidad de Merlo, San Luis.-<br \/>\nQue como resultado del mismo surgieron, con la participaci\u00f3n activa de la comunidad, s\u00edmbolos que respeten la identidad hist\u00f3rica-cultural que caracterizan a la comunidad.-<br \/>\nQue la proximidad de la celebraci\u00f3n de los 200 a\u00f1os de la Fundaci\u00f3n, es oportunidad propicia para proclamar los s\u00edmbolos municipales.-<strong>\u00a0\u00a0\u00a0\u00a0\u00a0\u00a0\u00a0\u00a0\u00a0\u00a0\u00a0 <\/strong><br \/>\n&nbsp;<br \/>\n<strong>POR TODO ELLO \u00a0EL HONORABLE CONCEJO DELIBERANTE DE VILLA DE MERLO (S.L.) REUNIDO EN QUORUM LEGAL, SANCIONA LA SIGUIENTE:<\/strong><br \/>\n&nbsp;<\/p>\n<p style=\"text-align: center\"><strong><u>ORDENANZA<\/u><\/strong><\/p>\n<p>&nbsp;<br \/>\n<strong>ART. 1\u00ba)\u00a0 <\/strong>Aprobar los s\u00edmbolos Municipales de Merlo, San Luis, resultantes del llamado a concurso por la Ordenanza N\u00ba 617\/HCD\/96, cuyas caracter\u00edsticas obran en los bocetos que como anexo forman parte de esta Ordenanza-<\/p>\n<ol>\n<li>HIMNO DE MERLO: T\u00edtulo: Oda a Merlo- Letra y M\u00fasica del Sr. Jorge Altamirano.-<\/li>\n<li>ESCUDO Y SELLO: Dise\u00f1o confeccionado por el Sr. Jorge Maldonado y aprobado por el Colegio de Her\u00e1ldica de la Rep\u00fablica-<\/li>\n<li>: Con los siguientes colores: celeste (por el cielo), verde (por la naturaleza), amarillo (por el sol). Llevar\u00e1 el Escudo en el centro.-<\/li>\n<li>FLOR DE MERLO: Flor de espinillo (aut\u00f3ctona) y La Rosa (cultivada).-<\/li>\n<\/ol>\n<p><strong>ART. 2\u00ba)<\/strong>\u00a0 Comun\u00edquese, Publ\u00edquese, Reg\u00edstrese y Arch\u00edvese.-<br \/>\n&nbsp;<br \/>\n&nbsp;<br \/>\nPresidente H.C.D.: Dr. Mario E. Mini<br \/>\nSecretaria H.C.D.: Stella M. H. De Dulcich<br \/>\n&nbsp;<br \/>\n&nbsp;<br \/>\n&nbsp;<br \/>\n&nbsp;<br \/>\n&nbsp;<br \/>\n&nbsp;<br \/>\n&nbsp;<br \/>\n&nbsp;<br \/>\n&nbsp;<br \/>\n&nbsp;<br \/>\n&nbsp;<br \/>\n&nbsp;<br \/>\n&nbsp;<br \/>\n&nbsp;<br \/>\n&nbsp;<br \/>\n&nbsp;<br \/>\n&nbsp;<br \/>\n&nbsp;<br \/>\n&nbsp;<br \/>\n&nbsp;<br \/>\n&nbsp;<br \/>\n&nbsp;<br \/>\n&nbsp;<br \/>\n&nbsp;<br \/>\n<strong><u>ODA A MERLO<\/u><\/strong><br \/>\n&nbsp;<br \/>\nVa subiendo el sol tras la monta\u00f1a<br \/>\nya va a amanecer en Merlo<br \/>\nlo presienten pajaritos<br \/>\ncon sus trinos y aleteos<br \/>\nlas flores sueltan su aroma<br \/>\nya va a amanecer en Merlo.<br \/>\n&nbsp;<br \/>\nEl gran faro se prende de golpe<br \/>\npues de un salto trepa el cerro<br \/>\nempieza a esparcir colores<br \/>\ny se encienden tierra y cielo<br \/>\nes la Creaci\u00f3n cada d\u00eda<br \/>\nen este bendito pueblo.<br \/>\n&nbsp;<br \/>\nESTRIBILLO<br \/>\nYo quisiera el verbo m\u00e1gico de Ag\u00fcero<br \/>\ny contarle a todo el mundo c\u00f3mo es Merlo<br \/>\npara\u00edso natural, vergel divino<br \/>\ncustodiado por los angeles del cerro.<br \/>\nSi alg\u00fan d\u00eda sube el agua de los mares<br \/>\nA resguardo voy a estar aqu\u00ed en mi pueblo,<br \/>\ntengo un arca generosa en tierra firme<br \/>\ny en su proa esperanzada dice Merlo.<br \/>\n&nbsp;<br \/>\nVeo el milagro del agua<br \/>\ncristalinos arroyuelos<br \/>\nparecen rios de plata<br \/>\nque van bajando del cielo<br \/>\namamantando nogales y almendros.<br \/>\n&nbsp;<br \/>\nQue misterio, estando el mundo<br \/>\ntan febril y ceniciento,<br \/>\nhaya aqu\u00ed tantos colores<br \/>\ntanta paz y tanto cielo<br \/>\ntanto p\u00e1jaro sin celda<br \/>\ntanto sol brillando en Merlo.<br \/>\n&nbsp;<br \/>\nESTRIBILLO<br \/>\n&nbsp;<br \/>\n&nbsp;<br \/>\n&nbsp;<br \/>\nAUTOR: JORGE \u201cCOCO\u201dALTAMIRANO<br \/>\n&nbsp;<br \/>\n&nbsp;<br \/>\n&nbsp;<br \/>\n&nbsp;<br \/>\n&nbsp;<br \/>\n&nbsp;<br \/>\n&nbsp;<br \/>\n&nbsp;<br \/>\n&nbsp;<br \/>\n&nbsp;<br \/>\n&nbsp;<br \/>\n&nbsp;<br \/>\n&nbsp;<br \/>\n&nbsp;<br \/>\n&nbsp;<br \/>\n&nbsp;<br \/>\n&nbsp;<br \/>\n&nbsp;<br \/>\n&nbsp;<br \/>\n<strong><u>ESCUDO DE MERLO<\/u><\/strong><br \/>\n&nbsp;<br \/>\n<u>LA BASE<\/u> ADOPTADA REMEMORA EL ESCUDO DE FAMILIA QUE IDENTIFICARA LA ESTIRPE DE DISTINGUIDOS HOMBRES DE ESPA\u00d1A, COMO EL DE NUESTRO FUNDADOR <strong>DON JUAN DE VIDELA.<\/strong><br \/>\n<u>LA CORONA<\/u> REPRESENTA A <strong>DON<\/strong> <strong>\u00a0PEDRO MELO DE PORTUGAL Y VILLENA, <\/strong>VIRREY DEL R\u00cdO DE LA PLATA HASTA 1797, EN CUYO HONOR HICIERA LA FUNDACI\u00d3N CON EL NOMBRE DE VILLA DE MELO, <strong>DON<\/strong> <strong>RAFAEL NU\u00d1EZ, <\/strong>MARQUES DE SOBREMONTE.<br \/>\nFUE SIN DUDA AQUEL MANDATO EN NOMBRE DE LOS REYES DE ESPA\u00d1A QUE EMANARA DEL VIRREY SOBREMONTE LA RA\u00cdZ QUE NOS UNIERA POR SIEMPRE CON LA MADRE PATRIA. LAS BANDERAS DE ESPA\u00d1A Y ARGENTINA UNIDAS SIMBOLIZAN NUESTRA RA\u00cdZ HISPANA.<br \/>\n\u201cHAY CAPILLA DONDE SE VENERA LA IMAGEN DE NUESTRA SE\u00d1ORA DEL ROSARIO\u201d DECIA LA PROPUESTA DE FUNDACI\u00d3N. <strong>NUESTRA CAPILLA<\/strong>, ORGULLO DE TODOS LOS MERLINOS, MONUMENTO HISTORICO NACIONAL ESTA REPRESENTADA EN PRIMER PLANO.<br \/>\n<strong>EL CIELO LIMPIO, EL SOL RADIANTE Y LAS MONTA\u00d1AS, <\/strong>APARTE DE SER NUESTRA CARTA DE IDENTIFICACION, HACEN CLARA ALUSION AL PAISAJE DESCRIPTO EN EL ACTA PROPUESTA DE FUNDACI\u00d3N DE LA VILLA.<br \/>\nSAN LUIS DE LOS VENADOS, NUESTRO ESTADO PROVINCIAL, SE IDENTIFICA CON UN CERVIDO: \u201cEL VENADO DE LAS PAMPAS\u201d, NUESTRO C\u00c9RVIDO REGIONAL, LA CORZUELA O <strong>SACHA- CABRA<\/strong> REPRESENTA NUESTRA REGI\u00d3N INSERTA EN LA PROVINCIA DE SAN LUIS.<br \/>\nEL \u00daNICO TESTIGO VIVIENTE DE AQUELLA GESTA FUNDACIONAL NO PUEDE ESTAR AUSENTE, \u201cPADRE Y SE\u00d1OR DEL BOSQUE, CAPITAL DE LOS P\u00c1JAROS, NUESTRO <strong>ABUELO ALGARROBO.<\/strong><br \/>\n&nbsp;<br \/>\nJORGE ANIBAL MALDONADO<br \/>\n&nbsp;<br \/>\n&nbsp;<br \/>\n&nbsp;<br \/>\n&nbsp;<br \/>\n&nbsp;<br \/>\n&nbsp;<br \/>\n&nbsp;<br \/>\n&nbsp;<br \/>\n&nbsp;<br \/>\n&nbsp;<br \/>\n&nbsp;<br \/>\n&nbsp;<br \/>\n&nbsp;<br \/>\n&nbsp;<br \/>\n&nbsp;<br \/>\n&nbsp;<br \/>\n&nbsp;<\/p>\n","protected":false},"excerpt":{"rendered":"<p>Villa de Merlo (S.L.) 29de agosto de 1996 \u00a0 ORDENANZA N\u00ba 634-HCD-1996 \u00a0 VISTO: \u00a0\u00a0\u00a0\u00a0\u00a0\u00a0\u00a0\u00a0\u00a0 La Nota N\u00ba 125\/IM\/96 solicitando la aprobaci\u00f3n de los s\u00edmbolos de nuestra ciudad, elegidos por convocatoria popular el mes de julio del corriente a\u00f1o, y; &nbsp; CONSIDERANDO: \u00a0\u00a0\u00a0\u00a0\u00a0\u00a0\u00a0\u00a0\u00a0\u00a0\u00a0\u00a0 Que el Honorable Concejo Deliberante sancion\u00f3 la Ordenanza N\u00ba 617\/HCD\/96, llamando a<\/p><\/div>\n<div class=\"blog-btn\"><a href=\"https:\/\/hcdvillademerlo.com\/index.php\/2016\/03\/15\/aprueba-simbolos-municipales\/\" class=\"home-blog-btn\">Leer m\u00e1s<\/a><\/p>\n","protected":false},"author":1,"featured_media":0,"comment_status":"closed","ping_status":"open","sticky":false,"template":"","format":"standard","meta":{"footnotes":""},"categories":[10],"tags":[250],"class_list":["post-602","post","type-post","status-publish","format-standard","hentry","category-poder-ejecutivo","tag-simbolos"],"_links":{"self":[{"href":"https:\/\/hcdvillademerlo.com\/index.php\/wp-json\/wp\/v2\/posts\/602","targetHints":{"allow":["GET"]}}],"collection":[{"href":"https:\/\/hcdvillademerlo.com\/index.php\/wp-json\/wp\/v2\/posts"}],"about":[{"href":"https:\/\/hcdvillademerlo.com\/index.php\/wp-json\/wp\/v2\/types\/post"}],"author":[{"embeddable":true,"href":"https:\/\/hcdvillademerlo.com\/index.php\/wp-json\/wp\/v2\/users\/1"}],"replies":[{"embeddable":true,"href":"https:\/\/hcdvillademerlo.com\/index.php\/wp-json\/wp\/v2\/comments?post=602"}],"version-history":[{"count":0,"href":"https:\/\/hcdvillademerlo.com\/index.php\/wp-json\/wp\/v2\/posts\/602\/revisions"}],"wp:attachment":[{"href":"https:\/\/hcdvillademerlo.com\/index.php\/wp-json\/wp\/v2\/media?parent=602"}],"wp:term":[{"taxonomy":"category","embeddable":true,"href":"https:\/\/hcdvillademerlo.com\/index.php\/wp-json\/wp\/v2\/categories?post=602"},{"taxonomy":"post_tag","embeddable":true,"href":"https:\/\/hcdvillademerlo.com\/index.php\/wp-json\/wp\/v2\/tags?post=602"}],"curies":[{"name":"wp","href":"https:\/\/api.w.org\/{rel}","templated":true}]}}