{"id":598,"date":"2016-03-15T14:01:01","date_gmt":"2016-03-15T17:01:01","guid":{"rendered":"http:\/\/hcdvillademerlo.com.ar.j8a.com.ar\/?p=598"},"modified":"2016-03-15T14:01:01","modified_gmt":"2016-03-15T17:01:01","slug":"declara-de-utilidad-publica-y-sujeto-a-expropiacion-rincon-del-este-reserva-natural-manejada-y-paisaje-protegido","status":"publish","type":"post","link":"https:\/\/hcdvillademerlo.com\/index.php\/2016\/03\/15\/declara-de-utilidad-publica-y-sujeto-a-expropiacion-rincon-del-este-reserva-natural-manejada-y-paisaje-protegido\/","title":{"rendered":"DECLARA DE UTILIDAD PUBLICA Y SUJETO A EXPROPIACI\u00d3N RINC\u00d3N DEL ESTE- RESERVA NATURAL MANEJADA Y PAISAJE PROTEGIDO"},"content":{"rendered":"<p style=\"text-align: right\">Villa de Merlo (S.L) 27 de junio de 1996<\/p>\n<p>&nbsp;<\/p>\n<p style=\"text-align: center\"><strong><u>ORDENANZA N\u00ba 629 -HCD-1996<\/u><\/strong><\/p>\n<p><strong><u>VISTO:<\/u><\/strong><br \/>\nLa situaci\u00f3n planteada en la zona del faldeo de la Sierra de Comechingones, dentro del ejido municipal de Merlo, que ha tomado estado p\u00fablico con la consiguiente preocupaci\u00f3n de los distintos sectores de la poblaci\u00f3n, especialmente frente a la posibilidad de emprendimientos de urbanizaci\u00f3n que afecten la adecuada protecci\u00f3n de los recursos naturales, y;<br \/>\n&nbsp;<br \/>\n<strong><u>CONSIDERANDO:<\/u><\/strong><br \/>\nQue la legislaci\u00f3n vigente no alcanza para realizar una protecci\u00f3n efectiva del principal recurso econ\u00f3mico y de esparcimiento de nuestros pobladores.-<br \/>\nQue si bien es cierto que la poblaci\u00f3n y visitantes han usufructuado de las bellezas por mas de 200 a\u00f1os siendo el territorio mencionado de propiedad privada, en este momento se produce un fuerte choque entre los intereses privados y los de toda la comunidad.-<br \/>\nQue si bien las inversiones deben ser aceptadas como factores de desarrollo, estas deber\u00e1n ser orientadas hacia sectores distintos de los que son centros de atracci\u00f3n para recreo y disfrute de turistas y habitantes locales.-<br \/>\nQue se debe ser especialmente cuidadoso ya que se trata de un medio ambiente que por su procedencia milenaria es el m\u00e1s solicitado por las modernas corrientes tur\u00edsticas y el que actualmente da soporte a la econom\u00eda de Merlo.-<br \/>\nQue por sus caracter\u00edsticas geol\u00f3gicas aptas para la retenci\u00f3n de aguas de lluvias y nevadas son a la vez reservorio y fuente de suministro del agua acumulada durante las precipitaciones anuales, es precisamente en esa zona en donde por las razones enunciadas se han desarrollado los mollares que dentro de un delicado equilibrio son los que captan y retienen el agua atmosf\u00e9rica que luego aprovecharan para su desarrollo.-<br \/>\nQue los puntos mas visitados por turistas y lugare\u00f1os son precisamente los que por las caracter\u00edsticas enunciadas en el considerando anterior permiten la presencia de corriente de agua, saltos y ollas, cerrar el paso a estos lugares seria despojar a nuestra poblaci\u00f3n del disfrute del medio natural que ha elegido para desarrollar su vida.-<br \/>\nQue la disposici\u00f3n y las acciones llevadas a cabo por el Poder Publico deben ser coherentes con las disposiciones constitucionales: tanto de la Constituci\u00f3n Provincial en su Art.47, cuanto de la Constituci\u00f3n Nacional en su Art. 41 que establecen \u201clas autoridades proveer\u00e1n a la protecci\u00f3n del derecho de los habitantes de gozar de ambiente sano y equilibrado\u201d y \u201cque las actividades productivas satisfagan las necesidades presentes sin comprometer la de las generaciones futuras y tienen el deber de preservarlo\u201d, todo esto avalado por cientos de firmas de ni\u00f1os y j\u00f3venes de la comunidad que reclaman la preservaci\u00f3n del medio natural para s\u00ed y para sus hijos y nietos y gozar de \u00e9l.-<br \/>\n&nbsp;<br \/>\n<strong>POR TODO ELLO EL HONORABLE CONCEJO DELIBERANTE DE MERLO (S.L) EN USO DE LAS ATRIBUCIONES QUE LE CONFIERE LA LEY, SANCIONA LA SIGUIENTE:<\/strong><br \/>\n&nbsp;<\/p>\n<p style=\"text-align: center\"><strong><u>ORDENANZA<\/u><\/strong><\/p>\n<p>&nbsp;<br \/>\n<strong>ART. 1\u00ba) <\/strong>Decl\u00e1rese de utilidad publica y sujetos a expropiaci\u00f3n los inmuebles ubicados en el Rinc\u00f3n del Este de esta localidad de Merlo, Departamento Jun\u00edn, Provincia de San Luis, dentro de los limites que a continuaci\u00f3n se establecen: Norte: el eje del arroyo La Estancia del Molino. Sur: una l\u00ednea imaginaria equidistante del limite norte trazada a 250mts. Este: una l\u00ednea quebrada que arrancando al Norte del punto LL del plano N 8305 aprobado por la Direcci\u00f3n de Geodesia y Catastro el\u00a0 25\/01\/74, se dirige hacia el sur pasando por los puntos M, N y \u00d1, hasta interceptar el limite Sur. Oeste. Una l\u00ednea imaginaria que arrancando al Norte del centro del Bad\u00e9n ubicado a la altura de la curva de nivel de los 1160mts, aproximadamente, se dirige hacia el Sur hasta interceptar dicho l\u00edmite.-<br \/>\n<strong>ART. 2\u00ba) <\/strong>Establ\u00e9cese que la fracci\u00f3n de terreno a que se refiere el Art.1, ser\u00e1 destinada a una \u00e1rea natural protegida con la categor\u00eda de \u201cReserva Natural Manejada y Paisaje Protegido\u201d, para la conservaci\u00f3n de los recursos floro-faun\u00edsticos, paisaj\u00edsticos y los referidos al suelo, agua y aire, en las condiciones que el Ejecutivo Municipal determine.-<br \/>\n<strong>ART. 3\u00ba) <\/strong>Fac\u00faltese al Ejecutivo Municipal para que establezca el tr\u00e1mite de expropiaci\u00f3n.-<br \/>\n<strong>ART. 4\u00ba) <\/strong>Comun\u00edquese, Publ\u00edquese, Arch\u00edvese y Reg\u00edstrese.-<br \/>\nPresidente H.C.D.: Dr. Mario E. Mini<br \/>\nSecretaria H.C.D.: Stella M. H. De Dulcich<br \/>\n&nbsp;<\/p>\n","protected":false},"excerpt":{"rendered":"<p>Villa de Merlo (S.L) 27 de junio de 1996 &nbsp; ORDENANZA N\u00ba 629 -HCD-1996 VISTO: La situaci\u00f3n planteada en la zona del faldeo de la Sierra de Comechingones, dentro del ejido municipal de Merlo, que ha tomado estado p\u00fablico con la consiguiente preocupaci\u00f3n de los distintos sectores de la poblaci\u00f3n, especialmente frente a la posibilidad<\/p><\/div>\n<div class=\"blog-btn\"><a href=\"https:\/\/hcdvillademerlo.com\/index.php\/2016\/03\/15\/declara-de-utilidad-publica-y-sujeto-a-expropiacion-rincon-del-este-reserva-natural-manejada-y-paisaje-protegido\/\" class=\"home-blog-btn\">Leer m\u00e1s<\/a><\/p>\n","protected":false},"author":1,"featured_media":0,"comment_status":"closed","ping_status":"open","sticky":false,"template":"","format":"standard","meta":{"footnotes":""},"categories":[20],"tags":[132],"class_list":["post-598","post","type-post","status-publish","format-standard","hentry","category-hacienda","tag-expropia"],"_links":{"self":[{"href":"https:\/\/hcdvillademerlo.com\/index.php\/wp-json\/wp\/v2\/posts\/598","targetHints":{"allow":["GET"]}}],"collection":[{"href":"https:\/\/hcdvillademerlo.com\/index.php\/wp-json\/wp\/v2\/posts"}],"about":[{"href":"https:\/\/hcdvillademerlo.com\/index.php\/wp-json\/wp\/v2\/types\/post"}],"author":[{"embeddable":true,"href":"https:\/\/hcdvillademerlo.com\/index.php\/wp-json\/wp\/v2\/users\/1"}],"replies":[{"embeddable":true,"href":"https:\/\/hcdvillademerlo.com\/index.php\/wp-json\/wp\/v2\/comments?post=598"}],"version-history":[{"count":0,"href":"https:\/\/hcdvillademerlo.com\/index.php\/wp-json\/wp\/v2\/posts\/598\/revisions"}],"wp:attachment":[{"href":"https:\/\/hcdvillademerlo.com\/index.php\/wp-json\/wp\/v2\/media?parent=598"}],"wp:term":[{"taxonomy":"category","embeddable":true,"href":"https:\/\/hcdvillademerlo.com\/index.php\/wp-json\/wp\/v2\/categories?post=598"},{"taxonomy":"post_tag","embeddable":true,"href":"https:\/\/hcdvillademerlo.com\/index.php\/wp-json\/wp\/v2\/tags?post=598"}],"curies":[{"name":"wp","href":"https:\/\/api.w.org\/{rel}","templated":true}]}}