{"id":594,"date":"2016-03-14T14:57:41","date_gmt":"2016-03-14T17:57:41","guid":{"rendered":"http:\/\/hcdvillademerlo.com.ar.j8a.com.ar\/?p=594"},"modified":"2016-03-14T14:57:41","modified_gmt":"2016-03-14T17:57:41","slug":"declara-hermanamiento-villa-de-merlo-san-rafael","status":"publish","type":"post","link":"https:\/\/hcdvillademerlo.com\/index.php\/2016\/03\/14\/declara-hermanamiento-villa-de-merlo-san-rafael\/","title":{"rendered":"DECLARA HERMANAMIENTO VILLA DE MERLO- SAN RAFAEL"},"content":{"rendered":"<p style=\"text-align: right\">Villa de Merlo (S.L.)23 de mayo de 1996<\/p>\n<p><strong>\u00a0<\/strong><\/p>\n<p style=\"text-align: center\"><strong><u>ORDENANZA N\u00ba 625-HCD-1996<\/u><\/strong><\/p>\n<p><strong>\u00a0<\/strong><br \/>\n<strong><u>VISTO<\/u>: <\/strong><br \/>\nQue en el marco \u201c1996-Merlo hacia los 200 a\u00f1os\u201d de su fundaci\u00f3n se propone el hermanamiento del municipio de Merlo con los de La Carolina (San Luis), R\u00edo Cuarto (C\u00f3rdoba) y San Rafael (Mendoza), y;<br \/>\n<strong>\u00a0\u00a0\u00a0\u00a0\u00a0\u00a0\u00a0\u00a0\u00a0\u00a0\u00a0\u00a0 <\/strong><br \/>\n<strong><u>CONSIDERANDO<\/u>:<\/strong><br \/>\n<strong>\u00a0\u00a0\u00a0\u00a0\u00a0\u00a0\u00a0\u00a0\u00a0\u00a0\u00a0\u00a0\u00a0 <\/strong>Que existe una afinidad b\u00e1sica al tener todas el mismo fundador, Rafael N\u00fa\u00f1ez, Marqu\u00e9s de Sobremonte, como consecuencia de su intensa actividad como Gobernador Intendente de C\u00f3rdoba del Tucum\u00e1n (abarcando las actuales provincias de C\u00f3rdoba, Mendoza, San Juan, San Luis y La Rioja).-<br \/>\nQue es necesario propender a la mutua cooperaci\u00f3n y desarrollo solidario de las comunidades mediante acciones concretas con programas espec\u00edficos de intercambio cultural, econ\u00f3mico y social.-<br \/>\nQue las ciudades hermanas podr\u00e1n de un modo particular organizar y participar en forma conjunta en distintos eventos para beneficio de sus habitantes.-<br \/>\nQue a dicho hermanamiento debe d\u00e1rsele el marco legal mediante la firma de un acta, que establezca las pautas de cooperaci\u00f3n para hacerlo efectivo.-<br \/>\n&nbsp;<br \/>\n<strong>POR TODO ELLO EL HONORABLE CONCEJO DELIBERANTE DE VILLA DE MERLO (S.L.) EN USO DE SUS ATRIBUCIONES QUE LE CONFIERE LA LEY, SANCIONA LA SIGUIENTE:<\/strong><br \/>\n&nbsp;<\/p>\n<p style=\"text-align: center\"><strong><u>ORDENANZA<\/u><\/strong><\/p>\n<p>&nbsp;<br \/>\n<strong>ART. 1\u00ba )\u00a0 <\/strong>Declarar hermanas a las ciudades de: Merlo, San Rafael (Mendoza) atendiendo a su com\u00fan historia fundacional y los notables beneficios que resultar\u00e1n de la cooperaci\u00f3n intermunicipal a trav\u00e9s de acuerdos en las distintas \u00e1reas.-<br \/>\n<strong>ART. 2\u00ba)\u00a0 <\/strong>Autor\u00edzase al Departamento Ejecutivo a suscribir con las autoridades de la Ciudad de San Rafael, Provincia de Mendoza, un\u00a0 \u201cActa de Hermandad\u201d en consonancia con lo dispuesto en el Art. 1\u00ba.-<br \/>\n<strong>ART. 3\u00ba)\u00a0 <\/strong>Comun\u00edquese, Publ\u00edquese, Reg\u00edstrese y Arch\u00edvese.<br \/>\n&nbsp;<br \/>\nPresidente H.C.D.: Dr. Mario E. Mini<br \/>\nSecretaria H.C.D.: Stella M. H. De Dulcich<br \/>\n&nbsp;<br \/>\n&nbsp;<\/p>\n","protected":false},"excerpt":{"rendered":"<p>Villa de Merlo (S.L.)23 de mayo de 1996 \u00a0 ORDENANZA N\u00ba 625-HCD-1996 \u00a0 VISTO: Que en el marco \u201c1996-Merlo hacia los 200 a\u00f1os\u201d de su fundaci\u00f3n se propone el hermanamiento del municipio de Merlo con los de La Carolina (San Luis), R\u00edo Cuarto (C\u00f3rdoba) y San Rafael (Mendoza), y; \u00a0\u00a0\u00a0\u00a0\u00a0\u00a0\u00a0\u00a0\u00a0\u00a0\u00a0\u00a0 CONSIDERANDO: \u00a0\u00a0\u00a0\u00a0\u00a0\u00a0\u00a0\u00a0\u00a0\u00a0\u00a0\u00a0\u00a0 Que existe una<\/p><\/div>\n<div class=\"blog-btn\"><a href=\"https:\/\/hcdvillademerlo.com\/index.php\/2016\/03\/14\/declara-hermanamiento-villa-de-merlo-san-rafael\/\" class=\"home-blog-btn\">Leer m\u00e1s<\/a><\/p>\n","protected":false},"author":1,"featured_media":0,"comment_status":"closed","ping_status":"open","sticky":false,"template":"","format":"standard","meta":{"footnotes":""},"categories":[10],"tags":[152],"class_list":["post-594","post","type-post","status-publish","format-standard","hentry","category-poder-ejecutivo","tag-hermanamiento"],"_links":{"self":[{"href":"https:\/\/hcdvillademerlo.com\/index.php\/wp-json\/wp\/v2\/posts\/594","targetHints":{"allow":["GET"]}}],"collection":[{"href":"https:\/\/hcdvillademerlo.com\/index.php\/wp-json\/wp\/v2\/posts"}],"about":[{"href":"https:\/\/hcdvillademerlo.com\/index.php\/wp-json\/wp\/v2\/types\/post"}],"author":[{"embeddable":true,"href":"https:\/\/hcdvillademerlo.com\/index.php\/wp-json\/wp\/v2\/users\/1"}],"replies":[{"embeddable":true,"href":"https:\/\/hcdvillademerlo.com\/index.php\/wp-json\/wp\/v2\/comments?post=594"}],"version-history":[{"count":0,"href":"https:\/\/hcdvillademerlo.com\/index.php\/wp-json\/wp\/v2\/posts\/594\/revisions"}],"wp:attachment":[{"href":"https:\/\/hcdvillademerlo.com\/index.php\/wp-json\/wp\/v2\/media?parent=594"}],"wp:term":[{"taxonomy":"category","embeddable":true,"href":"https:\/\/hcdvillademerlo.com\/index.php\/wp-json\/wp\/v2\/categories?post=594"},{"taxonomy":"post_tag","embeddable":true,"href":"https:\/\/hcdvillademerlo.com\/index.php\/wp-json\/wp\/v2\/tags?post=594"}],"curies":[{"name":"wp","href":"https:\/\/api.w.org\/{rel}","templated":true}]}}