{"id":5803,"date":"2021-08-02T12:47:02","date_gmt":"2021-08-02T15:47:02","guid":{"rendered":"https:\/\/hcdvillademerlo.com\/?p=5803"},"modified":"2022-06-30T17:55:12","modified_gmt":"2022-06-30T20:55:12","slug":"violencia-de-genero-recomendacion-al-d-e-m-insta-promulgacion-ley-provincial","status":"publish","type":"post","link":"https:\/\/hcdvillademerlo.com\/index.php\/2021\/08\/02\/violencia-de-genero-recomendacion-al-d-e-m-insta-promulgacion-ley-provincial\/","title":{"rendered":"VIOLENCIA DE G\u00c9NERO \u2013 RECOMENDACI\u00d3N AL D.E.M. \u2013 INSTA PROMULGACI\u00d3N LEY PROVINCIAL"},"content":{"rendered":"\n<p>PROYECTO DE RESOLUCI\u00d3N<\/p>\n\n\n\n<p><strong><em>VIOLENCIA DE G\u00c9NERO \u2013 RECOMENDACI\u00d3N AL D.E.M. \u2013 INSTA PROMULGACI\u00d3N LEY PROVINCIAL<\/em><\/strong><\/p>\n\n\n\n<p><strong>VISTO:<\/strong><\/p>\n\n\n\n<p><strong>&nbsp;&nbsp;&nbsp;&nbsp;&nbsp;&nbsp;&nbsp;&nbsp;&nbsp;&nbsp;&nbsp; <\/strong>La Ley Micaela N\u00ba 27.499 o Ley de Capacitaci\u00f3n Obligatoria en G\u00e9nero, para todas las personas que trabajan en los tres (3) poderes del Estado Nacional, y<\/p>\n\n\n\n<p><strong>CONSIDERANDO:<\/strong><\/p>\n\n\n\n<p><strong>&nbsp;&nbsp;&nbsp;&nbsp;&nbsp;&nbsp;&nbsp;&nbsp;&nbsp;&nbsp;&nbsp; <\/strong>Que hasta el mes de enero de 2020 adhirieron m\u00e1s del 70% de las provincias y cerca de 500 municipios, incluido \u00e9ste.<\/p>\n\n\n\n<p>&nbsp;&nbsp;&nbsp;&nbsp;&nbsp;&nbsp;&nbsp;&nbsp;&nbsp;&nbsp;&nbsp; Que uno de los principales prop\u00f3sitos es la plena implementaci\u00f3n a trav\u00e9s de la formaci\u00f3n integral, que faciliten y elaboren estrategias para la erradicaci\u00f3n de la violencia de g\u00e9nero.<\/p>\n\n\n\n<p>&nbsp;&nbsp;&nbsp;&nbsp;&nbsp;&nbsp;&nbsp;&nbsp;&nbsp;&nbsp;&nbsp;&nbsp; Que este flagelo se manifiesta <em>\u201cin crescendo\u201d, <\/em>se auto-justifica ante cualquier situaci\u00f3n y d\u00eda a d\u00eda se comprueba&nbsp; su vigencia viral, asimil\u00e1ndose a lo pand\u00e9mico.<\/p>\n\n\n\n<p>&nbsp;&nbsp;&nbsp;&nbsp;&nbsp;&nbsp;&nbsp;&nbsp;&nbsp;&nbsp;&nbsp;&nbsp;&nbsp; Que diversos informes m\u00e9dicos psicol\u00f3gicos o interdisciplinarios dan cuenta que la conducta de las v\u00edctimas, atemorizadas y presionadas por estas crisis, ocasionalmente van ocultando&nbsp; la gravedad del caso, por lo que resulta pertinente implementar pol\u00edticas que acompa\u00f1en este conflicto social.<\/p>\n\n\n\n<p>&nbsp;&nbsp;&nbsp;&nbsp;&nbsp;&nbsp;&nbsp;&nbsp;&nbsp;&nbsp;&nbsp;&nbsp;&nbsp; Que ha sido constatado que este mal no distingue condici\u00f3n econ\u00f3mica o intelectual, ni excluye rangos ni funciones, o roles.<\/p>\n\n\n\n<p>&nbsp;&nbsp;&nbsp;&nbsp;&nbsp;&nbsp;&nbsp;&nbsp;&nbsp;&nbsp;&nbsp;&nbsp;&nbsp;&nbsp; Que socialmente a\u00fan no nos integramos a esa condena judicial hacia los victimarios, situaci\u00f3n que queda resguardada en el marco familiar, como si fuera privativo e \u00edntimo.<\/p>\n\n\n\n<p>&nbsp;&nbsp;&nbsp;&nbsp;&nbsp;&nbsp;&nbsp;&nbsp;&nbsp;&nbsp;&nbsp;&nbsp;&nbsp;&nbsp;&nbsp; Que es necesario agudizar los t\u00e9rminos, instando a los poderes legislativos de las provincias para que esa condena judicial hacia aquellas personas que hayan recibido por parte del poder judicial sentencia y condena por conducta violenta&nbsp; de g\u00e9nero, no les sea permitido trabajar dentro de cualquiera de los tres poderes estatales.<\/p>\n\n\n\n<p>&nbsp;&nbsp;&nbsp;&nbsp;&nbsp;&nbsp;&nbsp;&nbsp;&nbsp;&nbsp;&nbsp;&nbsp;&nbsp; Que la condena judicial debe ser tambi\u00e9n social e integral, para grabarse definitivamente en una sociedad que requiere extirpar de ra\u00edz la violencia de g\u00e9nero y no lo lograr\u00e1 si no nos involucramos todos en defensa de las v\u00edctimas.<\/p>\n\n\n\n<p><strong>POR TODO LO EXPUESTO, ESTE HONORABLE CONCEJO DELIBERANTE&nbsp; DE VILLA DE MERLO, SAN LUIS, EN USO DE LAS ATRIBUCIONES Y FACULTADES QUE LE CONFIERE LA LEY, SANCIONA LA SIGUIENTE:<\/strong><\/p>\n\n\n\n<p><strong>RESOLUCI\u00d3N<\/strong><\/p>\n\n\n\n<p><strong>ART\u00cdCULO 1\u00ba.-: RECOMENDAR <\/strong>al Departamento Ejecutivo Municipal tener en cuenta al momento de designar funcionarios y nombrar en planta permanente a dependientes de esa instituci\u00f3n los antecedentes judiciales con condena por causa de violencia de g\u00e9nero.<\/p>\n\n\n\n<p><strong>ART\u00cdCULO 2\u00ba.-: INSTAR <\/strong>a las C\u00e1maras Legislativas de la Provincia de San Luis, al tratamiento y sanci\u00f3n de una ley que determine a los poderes del gobierno la prohibici\u00f3n de designar tanto a funcionarios como empleados que registren condenas judiciales por violencia de g\u00e9nero.<\/p>\n\n\n\n<p><strong>ART\u00cdCULO 3\u00ba.-: DE FORMA.<\/strong><strong><br><\/strong><\/p>\n\n\n\n<p><strong>&nbsp;&nbsp;&nbsp;&nbsp;&nbsp;&nbsp;&nbsp;&nbsp;&nbsp;&nbsp;&nbsp;&nbsp;&nbsp;&nbsp;&nbsp;&nbsp;&nbsp;&nbsp;&nbsp;&nbsp;&nbsp;&nbsp;&nbsp;&nbsp;&nbsp;&nbsp;&nbsp;&nbsp;&nbsp;&nbsp;&nbsp;&nbsp;&nbsp;&nbsp;&nbsp;&nbsp;&nbsp;&nbsp;&nbsp;&nbsp;&nbsp;&nbsp;&nbsp;&nbsp;&nbsp;&nbsp;&nbsp;&nbsp;&nbsp;&nbsp;&nbsp;&nbsp;&nbsp;&nbsp;&nbsp;&nbsp;&nbsp;&nbsp;&nbsp;&nbsp;&nbsp;&nbsp;&nbsp;&nbsp;&nbsp;&nbsp; <\/strong>Villa de Merlo, 18 de Mayo de 2020.<\/p>\n\n\n\n<p>A LA PRESIDENTA DEL<\/p>\n\n\n\n<p>HONORABLE CONCEJO DELIBERANTE<\/p>\n\n\n\n<p>DE VILLA DE MERLO<\/p>\n\n\n\n<p>SRA. ANA MAR\u00cdA NICOLETTI<\/p>\n\n\n\n<p>S.D.<\/p>\n\n\n\n<p>De mi mayor consideraci\u00f3n:<\/p>\n\n\n\n<p>&nbsp;&nbsp;&nbsp;&nbsp;&nbsp;&nbsp;&nbsp;&nbsp;&nbsp;&nbsp;&nbsp;&nbsp;&nbsp;&nbsp;&nbsp;&nbsp;&nbsp;&nbsp;&nbsp;&nbsp;&nbsp;&nbsp;&nbsp;&nbsp;&nbsp;&nbsp;&nbsp;&nbsp;&nbsp;&nbsp;&nbsp;&nbsp;&nbsp;&nbsp;&nbsp;&nbsp;&nbsp;&nbsp;&nbsp;&nbsp;&nbsp;&nbsp;&nbsp;&nbsp;&nbsp;&nbsp;&nbsp;&nbsp; Tengo el agrado de dirigirme a usted y por su intermedio a todo el Honorable Cuerpo Legislativo, a fin de elevar a consideraci\u00f3n y tratamiento el Proyecto de Resoluci\u00f3n: \u201cViolencia de G\u00e9nero \u2013 Recomendaci\u00f3n al D.E.M &#8211; Instar&nbsp; promulgaci\u00f3n de Ley Provincial\u201d.<\/p>\n\n\n\n<p>&nbsp;&nbsp;&nbsp;&nbsp;&nbsp;&nbsp;&nbsp;&nbsp;&nbsp;&nbsp;&nbsp;&nbsp;&nbsp;&nbsp;&nbsp;&nbsp;&nbsp;&nbsp;&nbsp;&nbsp;&nbsp;&nbsp;&nbsp;&nbsp;&nbsp;&nbsp;&nbsp;&nbsp;&nbsp;&nbsp;&nbsp;&nbsp;&nbsp;&nbsp;&nbsp;&nbsp;&nbsp;&nbsp;&nbsp;&nbsp;&nbsp;&nbsp;&nbsp;&nbsp; Sin otro particular la saludo muy atentamente y por su intermedio al cuerpo que usted preside.<\/p>\n","protected":false},"excerpt":{"rendered":"<p>PROYECTO DE RESOLUCI\u00d3N VIOLENCIA DE G\u00c9NERO \u2013 RECOMENDACI\u00d3N AL D.E.M. \u2013 INSTA PROMULGACI\u00d3N LEY PROVINCIAL VISTO: &nbsp;&nbsp;&nbsp;&nbsp;&nbsp;&nbsp;&nbsp;&nbsp;&nbsp;&nbsp;&nbsp; La Ley Micaela N\u00ba 27.499 o Ley de Capacitaci\u00f3n Obligatoria en G\u00e9nero, para todas las personas que trabajan en los tres (3) poderes del Estado Nacional, y CONSIDERANDO: &nbsp;&nbsp;&nbsp;&nbsp;&nbsp;&nbsp;&nbsp;&nbsp;&nbsp;&nbsp;&nbsp; Que hasta el mes de enero de 2020 adhirieron<\/p><\/div>\n<div class=\"blog-btn\"><a href=\"https:\/\/hcdvillademerlo.com\/index.php\/2021\/08\/02\/violencia-de-genero-recomendacion-al-d-e-m-insta-promulgacion-ley-provincial\/\" class=\"home-blog-btn\">Leer m\u00e1s<\/a><\/p>\n","protected":false},"author":1,"featured_media":0,"comment_status":"closed","ping_status":"closed","sticky":false,"template":"","format":"standard","meta":{"footnotes":""},"categories":[290],"tags":[],"class_list":["post-5803","post","type-post","status-publish","format-standard","hentry","category-proyectos-mariano-gonzalez"],"_links":{"self":[{"href":"https:\/\/hcdvillademerlo.com\/index.php\/wp-json\/wp\/v2\/posts\/5803","targetHints":{"allow":["GET"]}}],"collection":[{"href":"https:\/\/hcdvillademerlo.com\/index.php\/wp-json\/wp\/v2\/posts"}],"about":[{"href":"https:\/\/hcdvillademerlo.com\/index.php\/wp-json\/wp\/v2\/types\/post"}],"author":[{"embeddable":true,"href":"https:\/\/hcdvillademerlo.com\/index.php\/wp-json\/wp\/v2\/users\/1"}],"replies":[{"embeddable":true,"href":"https:\/\/hcdvillademerlo.com\/index.php\/wp-json\/wp\/v2\/comments?post=5803"}],"version-history":[{"count":1,"href":"https:\/\/hcdvillademerlo.com\/index.php\/wp-json\/wp\/v2\/posts\/5803\/revisions"}],"predecessor-version":[{"id":5804,"href":"https:\/\/hcdvillademerlo.com\/index.php\/wp-json\/wp\/v2\/posts\/5803\/revisions\/5804"}],"wp:attachment":[{"href":"https:\/\/hcdvillademerlo.com\/index.php\/wp-json\/wp\/v2\/media?parent=5803"}],"wp:term":[{"taxonomy":"category","embeddable":true,"href":"https:\/\/hcdvillademerlo.com\/index.php\/wp-json\/wp\/v2\/categories?post=5803"},{"taxonomy":"post_tag","embeddable":true,"href":"https:\/\/hcdvillademerlo.com\/index.php\/wp-json\/wp\/v2\/tags?post=5803"}],"curies":[{"name":"wp","href":"https:\/\/api.w.org\/{rel}","templated":true}]}}