{"id":578,"date":"2016-03-14T14:31:22","date_gmt":"2016-03-14T17:31:22","guid":{"rendered":"http:\/\/hcdvillademerlo.com.ar.j8a.com.ar\/?p=578"},"modified":"2016-03-14T14:31:22","modified_gmt":"2016-03-14T17:31:22","slug":"concurso-eleccion-simbolos-municipales","status":"publish","type":"post","link":"https:\/\/hcdvillademerlo.com\/index.php\/2016\/03\/14\/concurso-eleccion-simbolos-municipales\/","title":{"rendered":"CONCURSO ELECCION SIMBOLOS MUNICIPALES"},"content":{"rendered":"<p style=\"text-align: right\">Villa de Merlo (S.L.) 03 de Abril de 1996<\/p>\n<p><strong>\u00a0<\/strong><\/p>\n<p style=\"text-align: center\"><strong><u>ORDENANZA N\u00ba 617-HCD-1996<\/u><\/strong><\/p>\n<p><strong>\u00a0<\/strong><br \/>\n<strong><u>VISTO<\/u>: <\/strong><br \/>\nLa declaraci\u00f3n del a\u00f1o 1996 como preparatorio para la celebraci\u00f3n de los 200 a\u00f1os de Merlo, y<br \/>\n<strong>\u00a0\u00a0\u00a0\u00a0\u00a0\u00a0\u00a0\u00a0\u00a0\u00a0\u00a0\u00a0 <\/strong><br \/>\n<strong><u>CONSIDERANDO<\/u>:<\/strong><br \/>\n<strong>\u00a0\u00a0\u00a0\u00a0\u00a0\u00a0\u00a0\u00a0\u00a0\u00a0\u00a0\u00a0 <\/strong>Que los s\u00edmbolos son claras formas de expresi\u00f3n del sentimiento de pertenencia a un lugar, a una comunidad, conteniendo atributos de unificaci\u00f3n e identidad.-<br \/>\nQue nuestro pueblo no cuenta con tales s\u00edmbolos que lo represente, en el marco de la celebraci\u00f3n \u201c1996-Merlo hacia los 200 a\u00f1os\u201d.-<br \/>\nQue es necesario incorporar la herencia del pasado como ra\u00edz vitalizante en proyectos de alcances futuros.-<br \/>\nQue es importante que en la elecci\u00f3n de los mismos exista un amplia participaci\u00f3n de la comunidad.-<br \/>\n<strong>POR TODO ELLO \u00a0EL HONORABLE CONCEJO DELIBERANTE DE VILLA DE MERLO (S.L.) EN USO DE SUS ATRIBUCIONES QUE LE CONFIERE LA LEY, SANCIONA LA SIGUIENTE:<\/strong><br \/>\n&nbsp;<\/p>\n<p style=\"text-align: center\"><strong><u>ORDENANZA<\/u><\/strong><\/p>\n<p>&nbsp;<br \/>\n<strong>ART.1\u00ba)<\/strong> Disponer la Convocatoria de un concurso para la elecci\u00f3n de un Sello y Escudo Municipales, Bandera, Himno y Flor distintiva.-<br \/>\n<strong>ART.2\u00ba)<\/strong> Facultar a la Direcci\u00f3n de Cultura de la Municipalidad de Merlo para que fije las Bases que destaquen nuestra identidad geogr\u00e1fica, hist\u00f3rica y cultural, caracter\u00edsticas, dimensiones y elementos b\u00e1sicos y selecci\u00f3n de colores.-<br \/>\n<strong>ART.3\u00ba)<\/strong> Comun\u00edquese, Publ\u00edquese, Reg\u00edstrese y Arch\u00edvese.<br \/>\n&nbsp;<br \/>\nPresidente H.C.D.: Dr. Mario E. Mini<br \/>\nSecretaria H.C.D.: Stella M. Herrero de Dulcich<br \/>\n&nbsp;<br \/>\n&nbsp;<br \/>\n&nbsp;<br \/>\n&nbsp;<\/p>\n","protected":false},"excerpt":{"rendered":"<p>Villa de Merlo (S.L.) 03 de Abril de 1996 \u00a0 ORDENANZA N\u00ba 617-HCD-1996 \u00a0 VISTO: La declaraci\u00f3n del a\u00f1o 1996 como preparatorio para la celebraci\u00f3n de los 200 a\u00f1os de Merlo, y \u00a0\u00a0\u00a0\u00a0\u00a0\u00a0\u00a0\u00a0\u00a0\u00a0\u00a0\u00a0 CONSIDERANDO: \u00a0\u00a0\u00a0\u00a0\u00a0\u00a0\u00a0\u00a0\u00a0\u00a0\u00a0\u00a0 Que los s\u00edmbolos son claras formas de expresi\u00f3n del sentimiento de pertenencia a un lugar, a una comunidad, conteniendo atributos<\/p><\/div>\n<div class=\"blog-btn\"><a href=\"https:\/\/hcdvillademerlo.com\/index.php\/2016\/03\/14\/concurso-eleccion-simbolos-municipales\/\" class=\"home-blog-btn\">Leer m\u00e1s<\/a><\/p>\n","protected":false},"author":1,"featured_media":0,"comment_status":"closed","ping_status":"open","sticky":false,"template":"","format":"standard","meta":{"footnotes":""},"categories":[10],"tags":[250],"class_list":["post-578","post","type-post","status-publish","format-standard","hentry","category-poder-ejecutivo","tag-simbolos"],"_links":{"self":[{"href":"https:\/\/hcdvillademerlo.com\/index.php\/wp-json\/wp\/v2\/posts\/578","targetHints":{"allow":["GET"]}}],"collection":[{"href":"https:\/\/hcdvillademerlo.com\/index.php\/wp-json\/wp\/v2\/posts"}],"about":[{"href":"https:\/\/hcdvillademerlo.com\/index.php\/wp-json\/wp\/v2\/types\/post"}],"author":[{"embeddable":true,"href":"https:\/\/hcdvillademerlo.com\/index.php\/wp-json\/wp\/v2\/users\/1"}],"replies":[{"embeddable":true,"href":"https:\/\/hcdvillademerlo.com\/index.php\/wp-json\/wp\/v2\/comments?post=578"}],"version-history":[{"count":0,"href":"https:\/\/hcdvillademerlo.com\/index.php\/wp-json\/wp\/v2\/posts\/578\/revisions"}],"wp:attachment":[{"href":"https:\/\/hcdvillademerlo.com\/index.php\/wp-json\/wp\/v2\/media?parent=578"}],"wp:term":[{"taxonomy":"category","embeddable":true,"href":"https:\/\/hcdvillademerlo.com\/index.php\/wp-json\/wp\/v2\/categories?post=578"},{"taxonomy":"post_tag","embeddable":true,"href":"https:\/\/hcdvillademerlo.com\/index.php\/wp-json\/wp\/v2\/tags?post=578"}],"curies":[{"name":"wp","href":"https:\/\/api.w.org\/{rel}","templated":true}]}}