{"id":570,"date":"2016-03-14T14:21:30","date_gmt":"2016-03-14T17:21:30","guid":{"rendered":"http:\/\/hcdvillademerlo.com.ar.j8a.com.ar\/?p=570"},"modified":"2016-03-14T14:21:30","modified_gmt":"2016-03-14T17:21:30","slug":"designa-ano-1996-como-merlo-hacia-los-200-anos","status":"publish","type":"post","link":"https:\/\/hcdvillademerlo.com\/index.php\/2016\/03\/14\/designa-ano-1996-como-merlo-hacia-los-200-anos\/","title":{"rendered":"DESIGNA A\u00d1O 1996 COMO &quot;MERLO HACIA LOS 200 A\u00d1OS&quot;"},"content":{"rendered":"<p style=\"text-align: right\">Villa de Merlo (S.L.) 27 de Diciembre de 1995<\/p>\n<p><strong>\u00a0<\/strong><\/p>\n<p style=\"text-align: center\"><strong><u>ORDENANZA N\u00ba 609-HCD-1995<\/u><\/strong><\/p>\n<p><strong>\u00a0<\/strong><br \/>\n<strong><u>VISTO: <\/u><\/strong><br \/>\n<strong>\u00a0\u00a0\u00a0\u00a0\u00a0\u00a0\u00a0\u00a0\u00a0\u00a0\u00a0\u00a0\u00a0 <\/strong>La Nota N\u00ba 1122\/HCD\/95, referente a la conmemoraci\u00f3n del 199 aniversario de la fundaci\u00f3n de la Villa de Merlo, y:<br \/>\n<strong>\u00a0\u00a0\u00a0\u00a0\u00a0\u00a0\u00a0\u00a0\u00a0\u00a0\u00a0\u00a0 <\/strong><br \/>\n<strong><u>CONSIDERANDO:<\/u><\/strong><br \/>\n<strong>\u00a0\u00a0\u00a0\u00a0\u00a0\u00a0\u00a0\u00a0\u00a0\u00a0\u00a0 <\/strong>Que los poderes p\u00fablicos tienen la obligaci\u00f3n de mantener el culto a la tradici\u00f3n en el pueblo y recordar los hechos salientes de su historia.-<br \/>\nQue se hace necesario que todos los sectores de la poblaci\u00f3n tomen conciencia de la importancia de enlazar el pasado con el presente y su proyecci\u00f3n hacia el futuro.-<br \/>\nQue es de suma importancia rescatar del olvido nuestro pasado, para que las j\u00f3venes generaciones puedan conocerlo y amarlo.<br \/>\n&nbsp;<br \/>\n<strong>POR TODO ELLO EL HONORABLE CONCEJO DELIBERANTE DE MERLO (SAN LUIS) EN USO DE LAS ATRIBUCIONES QUE LE CONFIERE LA LEY, SANCIONA LA SIGUIENTE:<\/strong><\/p>\n<p style=\"text-align: center\"><strong><u>ORDENANZA<\/u><\/strong><\/p>\n<p><strong><u>\u00a0<\/u><\/strong><br \/>\n<strong>ART.1\u00ba)<\/strong> Designar con la denominaci\u00f3n \u201cMerlo hacia los 20 a\u00f1os\u201d al a\u00f1o 1996.-<br \/>\n<strong>ART.2\u00ba)<\/strong> Declarar de Inter\u00e9s Municipal todos los actos culturales preparatorios de la fecha fundacional y de adhesi\u00f3n a la efem\u00e9rides que realicen.-<br \/>\n<strong>ART.3\u00ba)<\/strong> Comunicar a la Secretar\u00eda de cultura y Turismo que el lanzamiento de la temporada tur\u00edstica se realice todos los 1\u00ba de Enero por su valor evocativo en este 1\u00ba de Enero de 1996 como iniciaci\u00f3n del camino a los 200 a\u00f1os.-<br \/>\n<strong>ART.4\u00ba)<\/strong> Solicitar al Departamento Ejecutivo y Concejo Deliberante que toda documentaci\u00f3n lleve impresa la leyenda \u201c1996 Merlo hacia los 200 a\u00f1os\u201d, e invitar a los escribanos y funcionarios p\u00fablicos que adhieran a lo dispuesto en el art.\u00ba 1\u00ba, consignado en todo documento publico la leyenda referida al consignar la fecha.-<br \/>\n<strong>ART.5\u00ba)<\/strong> \u00a0\u00a0\u00a0\u00a0\u00a0\u00a0Comun\u00edquese, Publ\u00edquese, Reg\u00edstrese y Arch\u00edvese.-<br \/>\n&nbsp;<br \/>\nPresidente H.C.D.: Dr. Mario E. Mini<br \/>\nSecretaria H.C.D.: Stella Maris Herrero de Dulcich<\/p>\n","protected":false},"excerpt":{"rendered":"<p>Villa de Merlo (S.L.) 27 de Diciembre de 1995 \u00a0 ORDENANZA N\u00ba 609-HCD-1995 \u00a0 VISTO: \u00a0\u00a0\u00a0\u00a0\u00a0\u00a0\u00a0\u00a0\u00a0\u00a0\u00a0\u00a0\u00a0 La Nota N\u00ba 1122\/HCD\/95, referente a la conmemoraci\u00f3n del 199 aniversario de la fundaci\u00f3n de la Villa de Merlo, y: \u00a0\u00a0\u00a0\u00a0\u00a0\u00a0\u00a0\u00a0\u00a0\u00a0\u00a0\u00a0 CONSIDERANDO: \u00a0\u00a0\u00a0\u00a0\u00a0\u00a0\u00a0\u00a0\u00a0\u00a0\u00a0 Que los poderes p\u00fablicos tienen la obligaci\u00f3n de mantener el culto a la tradici\u00f3n en el<\/p><\/div>\n<div class=\"blog-btn\"><a href=\"https:\/\/hcdvillademerlo.com\/index.php\/2016\/03\/14\/designa-ano-1996-como-merlo-hacia-los-200-anos\/\" class=\"home-blog-btn\">Leer m\u00e1s<\/a><\/p>\n","protected":false},"author":1,"featured_media":0,"comment_status":"closed","ping_status":"open","sticky":false,"template":"","format":"standard","meta":{"footnotes":""},"categories":[10],"tags":[33],"class_list":["post-570","post","type-post","status-publish","format-standard","hentry","category-poder-ejecutivo","tag-ano"],"_links":{"self":[{"href":"https:\/\/hcdvillademerlo.com\/index.php\/wp-json\/wp\/v2\/posts\/570","targetHints":{"allow":["GET"]}}],"collection":[{"href":"https:\/\/hcdvillademerlo.com\/index.php\/wp-json\/wp\/v2\/posts"}],"about":[{"href":"https:\/\/hcdvillademerlo.com\/index.php\/wp-json\/wp\/v2\/types\/post"}],"author":[{"embeddable":true,"href":"https:\/\/hcdvillademerlo.com\/index.php\/wp-json\/wp\/v2\/users\/1"}],"replies":[{"embeddable":true,"href":"https:\/\/hcdvillademerlo.com\/index.php\/wp-json\/wp\/v2\/comments?post=570"}],"version-history":[{"count":0,"href":"https:\/\/hcdvillademerlo.com\/index.php\/wp-json\/wp\/v2\/posts\/570\/revisions"}],"wp:attachment":[{"href":"https:\/\/hcdvillademerlo.com\/index.php\/wp-json\/wp\/v2\/media?parent=570"}],"wp:term":[{"taxonomy":"category","embeddable":true,"href":"https:\/\/hcdvillademerlo.com\/index.php\/wp-json\/wp\/v2\/categories?post=570"},{"taxonomy":"post_tag","embeddable":true,"href":"https:\/\/hcdvillademerlo.com\/index.php\/wp-json\/wp\/v2\/tags?post=570"}],"curies":[{"name":"wp","href":"https:\/\/api.w.org\/{rel}","templated":true}]}}