{"id":563,"date":"2016-03-14T14:15:16","date_gmt":"2016-03-14T17:15:16","guid":{"rendered":"http:\/\/hcdvillademerlo.com.ar.j8a.com.ar\/?p=563"},"modified":"2016-03-14T14:15:16","modified_gmt":"2016-03-14T17:15:16","slug":"declara-zona-protegida-de-reserva-natural-sierras-comechingones","status":"publish","type":"post","link":"https:\/\/hcdvillademerlo.com\/index.php\/2016\/03\/14\/declara-zona-protegida-de-reserva-natural-sierras-comechingones\/","title":{"rendered":"DECLARA ZONA PROTEGIDA DE RESERVA NATURAL SIERRAS COMECHINGONES"},"content":{"rendered":"<p style=\"text-align: right\">Villa de Merlo (S.L.) 23 de noviembre de1995<\/p>\n<p><strong>\u00a0<\/strong><\/p>\n<p style=\"text-align: center\"><strong><u>ORDENANZA N\u00ba 605-HCD-1995<\/u><\/strong><\/p>\n<p><strong>\u00a0<\/strong><br \/>\n<strong><u>VISTO<\/u>: <\/strong><br \/>\n<strong>\u00a0\u00a0\u00a0\u00a0\u00a0\u00a0\u00a0\u00a0\u00a0\u00a0\u00a0\u00a0\u00a0 <\/strong>La Nota presentada N\u00ba 1082 HCD\/95 referida a la creciente cantidad de pedidos de aprobaci\u00f3n de subdivisiones y loteos en los faldeos de la zona serrana correspondiente al municipio, y;<br \/>\n<strong>\u00a0\u00a0\u00a0\u00a0\u00a0\u00a0\u00a0\u00a0\u00a0\u00a0\u00a0\u00a0 <\/strong><br \/>\n<strong><u>CONSIDERANDO<\/u>:<\/strong><br \/>\n<strong>\u00a0\u00a0\u00a0\u00a0\u00a0\u00a0\u00a0\u00a0\u00a0\u00a0 <\/strong>Que la actividad tur\u00edstica resulta de fundamental importancia para el desarrollo de la vida econ\u00f3mica de nuestra localidad, pues constituye su principal sustento.-<br \/>\nQue uno de los atractivos m\u00e1s importantes con que cuenta nuestro patrimonio tur\u00edstico es la zona de vegetaci\u00f3n nativa existente en el faldeo oeste de la Sierra de los Comechingones, atractivo que debe preservarse para todos los habitantes de Merlo, actuales y futuros.-<br \/>\nQue la Municipalidad de Merlo se encuentra facultada para establecer zonas preferenciales de urbanizaci\u00f3n, que contribuyan a una m\u00e1s racional ocupaci\u00f3n del terreno, y una mejor prestaci\u00f3n de los servicios p\u00fablicos.-<br \/>\nQue todav\u00eda no se ha cuantificado en forma exacta el impacto ambiental de nuevas urbanizaciones en las zonas serranas.-<br \/>\n&nbsp;<br \/>\n<strong>POR TODO ELLO EL HONORABLE CONCEJO DELIBERANTE DE MERLO (SAN LU\u00cdS) EN USO DE LAS ATRIBUCIONES QUE LE CONFIERE LA LEY, SANCIONA LA SIGUIENTE:<\/strong><\/p>\n<p style=\"text-align: center\"><strong><u>ORDENANZA<\/u><\/strong><\/p>\n<p><strong><u>\u00a0<\/u><\/strong><br \/>\n<strong>ART. 1\u00ba)<\/strong> Declara como \u201cZona Protegida Reserva Natural, la comprendida entre los siguientes l\u00edmites: al Norte Arroyo de Piedra Blanca, al Sur Arroyo El Delf\u00edn, al Oeste Avda. Dos Venados y su continuaci\u00f3n camino a Cerro de Oro hasta el Arroyo El Delf\u00edn, al Este el l\u00edmite interprovincial.-<br \/>\n<strong>ART. 2\u00ba) <\/strong>Establecer como \u201cZona de Urbanizaci\u00f3n Diferida\u201d la delimitada a 400 m de ambas m\u00e1rgenes de los arroyos de caudal permanente o transitorio, que naciendo en las cumbres bajan hacia el valle, dentro de la zona mencionada en el Art. 1\u00ba.-<br \/>\n<strong>ART. 3\u00ba) <\/strong>Proh\u00edbese dentro de la zona de urbanizaci\u00f3n diferida, obras de infraestructura h\u00eddrica (tomas de agua) sin autorizaci\u00f3n municipal, dado que las mismas pueden llegar a afectar la calidad de vida de los habitantes de las urbanizaciones actuales. &#8211;<br \/>\n<strong>ART. 4\u00ba) <\/strong>Comun\u00edquese, Publ\u00edquese, Reg\u00edstrese y Arch\u00edvese.-<br \/>\n&nbsp;<br \/>\n&nbsp;<br \/>\nPresidente H.C.D.: Jorge H. Arias<br \/>\nSecretaria H.C.D.: Stella Maris Herrero de Dulcich<br \/>\n&nbsp;<br \/>\n&nbsp;<\/p>\n","protected":false},"excerpt":{"rendered":"<p>Villa de Merlo (S.L.) 23 de noviembre de1995 \u00a0 ORDENANZA N\u00ba 605-HCD-1995 \u00a0 VISTO: \u00a0\u00a0\u00a0\u00a0\u00a0\u00a0\u00a0\u00a0\u00a0\u00a0\u00a0\u00a0\u00a0 La Nota presentada N\u00ba 1082 HCD\/95 referida a la creciente cantidad de pedidos de aprobaci\u00f3n de subdivisiones y loteos en los faldeos de la zona serrana correspondiente al municipio, y; \u00a0\u00a0\u00a0\u00a0\u00a0\u00a0\u00a0\u00a0\u00a0\u00a0\u00a0\u00a0 CONSIDERANDO: \u00a0\u00a0\u00a0\u00a0\u00a0\u00a0\u00a0\u00a0\u00a0\u00a0 Que la actividad tur\u00edstica resulta de fundamental<\/p><\/div>\n<div class=\"blog-btn\"><a href=\"https:\/\/hcdvillademerlo.com\/index.php\/2016\/03\/14\/declara-zona-protegida-de-reserva-natural-sierras-comechingones\/\" class=\"home-blog-btn\">Leer m\u00e1s<\/a><\/p>\n","protected":false},"author":1,"featured_media":0,"comment_status":"closed","ping_status":"open","sticky":false,"template":"","format":"standard","meta":{"footnotes":""},"categories":[21],"tags":[241],"class_list":["post-563","post","type-post","status-publish","format-standard","hentry","category-medio-ambiente","tag-reserva"],"_links":{"self":[{"href":"https:\/\/hcdvillademerlo.com\/index.php\/wp-json\/wp\/v2\/posts\/563","targetHints":{"allow":["GET"]}}],"collection":[{"href":"https:\/\/hcdvillademerlo.com\/index.php\/wp-json\/wp\/v2\/posts"}],"about":[{"href":"https:\/\/hcdvillademerlo.com\/index.php\/wp-json\/wp\/v2\/types\/post"}],"author":[{"embeddable":true,"href":"https:\/\/hcdvillademerlo.com\/index.php\/wp-json\/wp\/v2\/users\/1"}],"replies":[{"embeddable":true,"href":"https:\/\/hcdvillademerlo.com\/index.php\/wp-json\/wp\/v2\/comments?post=563"}],"version-history":[{"count":0,"href":"https:\/\/hcdvillademerlo.com\/index.php\/wp-json\/wp\/v2\/posts\/563\/revisions"}],"wp:attachment":[{"href":"https:\/\/hcdvillademerlo.com\/index.php\/wp-json\/wp\/v2\/media?parent=563"}],"wp:term":[{"taxonomy":"category","embeddable":true,"href":"https:\/\/hcdvillademerlo.com\/index.php\/wp-json\/wp\/v2\/categories?post=563"},{"taxonomy":"post_tag","embeddable":true,"href":"https:\/\/hcdvillademerlo.com\/index.php\/wp-json\/wp\/v2\/tags?post=563"}],"curies":[{"name":"wp","href":"https:\/\/api.w.org\/{rel}","templated":true}]}}