{"id":5441,"date":"2021-03-15T10:57:02","date_gmt":"2021-03-15T13:57:02","guid":{"rendered":"https:\/\/hcdvillademerlo.com\/?p=5441"},"modified":"2024-11-07T10:30:18","modified_gmt":"2024-11-07T13:30:18","slug":"ordenanza-n-vi-0951-hcd-2020","status":"publish","type":"post","link":"https:\/\/hcdvillademerlo.com\/index.php\/2021\/03\/15\/ordenanza-n-vi-0951-hcd-2020\/","title":{"rendered":"ORDENANZA N\u00b0 VI-0951-HCD-2020 &#8211; MODIFICAR LA ORDENANZA N\u00ba839-HCD-2003 USO RACIONAL DEL AGUA"},"content":{"rendered":"\n<p>Villa de Merlo (S.L.), 22 de Octubre de 2020.-<\/p>\n\n\n\n<p><strong><u>ORDENANZA N\u00b0 VI-0951-HCD-2020<\/u><\/strong><\/p>\n\n\n\n<p><strong>\u201cMODIFICAR LA ORDENANZA N\u00ba839-HCD-2003 USO RACIONAL DEL AGUA\u201d<\/strong><\/p>\n\n\n\n<p><strong>VISTO:<\/strong><\/p>\n\n\n\n<p>&nbsp;&nbsp;&nbsp;&nbsp;&nbsp;&nbsp;&nbsp;&nbsp;&nbsp;&nbsp;&nbsp; La Ordenanza N\u00ba 839-HCD-2003 bajo el t\u00edtulo: \u201cUso Racional del Agua\u201d que tiene por objeto establecer los criterios b\u00e1sicos para el uso racional, el control, la gesti\u00f3n y la protecci\u00f3n del Agua; y<\/p>\n\n\n\n<p><strong>CONSIDERANDO:<\/strong><\/p>\n\n\n\n<p>&nbsp;&nbsp;&nbsp;&nbsp;&nbsp;&nbsp;&nbsp;&nbsp;&nbsp;&nbsp;&nbsp;&nbsp;&nbsp;&nbsp;&nbsp;&nbsp;&nbsp;&nbsp;&nbsp;&nbsp;&nbsp;&nbsp;&nbsp;&nbsp;&nbsp;&nbsp;&nbsp;&nbsp;&nbsp;&nbsp; Que la mencionada Ordenanza faculta a la Cooperativa de Provisi\u00f3n de Agua de la Villa de Merlo a Declarar la EMERGENCIA HIDRICA.<\/p>\n\n\n\n<p>&nbsp;&nbsp;&nbsp;&nbsp;&nbsp;&nbsp;&nbsp;&nbsp;&nbsp;&nbsp;&nbsp;&nbsp;&nbsp;&nbsp;&nbsp;&nbsp;&nbsp;&nbsp;&nbsp;&nbsp;&nbsp;&nbsp;&nbsp;&nbsp;&nbsp;&nbsp;&nbsp;&nbsp;&nbsp; &nbsp;Que en su art\u00edculo 9\u00ba se establece:<\/p>\n\n\n\n<p><strong><u>ACTIVIDADES REGULADAS EN SITUACI\u00d3N DE EMERGENCIA H\u00cdDRICA<\/u><\/strong><strong><u><\/u><\/strong><\/p>\n\n\n\n<p>9.Quedan totalmente prohibidas con el agua de red las siguientes actividades:<\/p>\n\n\n\n<p>9.1: el riego de parques jardines y huertas domiciliarias.<\/p>\n\n\n\n<p>9.2: el&nbsp; lavado de veredas y frentes de viviendas.<\/p>\n\n\n\n<p>9.3: el lavado de veh\u00edculos<\/p>\n\n\n\n<p>9.4: el&nbsp; llenado de piletas de nataci\u00f3n de cualquier tipo y volumen.<\/p>\n\n\n\n<p>&nbsp;&nbsp;&nbsp;&nbsp;&nbsp;&nbsp;&nbsp;&nbsp;&nbsp;&nbsp;&nbsp;&nbsp;&nbsp;&nbsp;&nbsp;&nbsp;&nbsp;&nbsp;&nbsp;&nbsp;&nbsp;&nbsp; &nbsp;&nbsp;&nbsp;&nbsp;&nbsp;&nbsp;&nbsp;&nbsp;Que desde la Secretaria de Gesti\u00f3n Ambiental y Desarrollo Sustentable, se est\u00e1n llevando a cabo pol\u00edticas tendientes a fortalecer a las familias en la producci\u00f3n de sus alimentos como en el caso de las Huertas Familiares, donde a trav\u00e9s del acompa\u00f1amiento de la Direcci\u00f3n de Agroecolog\u00eda y Econom\u00eda Social se ha acompa\u00f1ado a las familias a iniciar sus propios cultivos, asesorando y sosteniendo la entrega de semillas en las diferentes estaciones.<\/p>\n\n\n\n<p>&nbsp;&nbsp;&nbsp;&nbsp;&nbsp;&nbsp;&nbsp;&nbsp;&nbsp; &nbsp;&nbsp;&nbsp;&nbsp;&nbsp;&nbsp;&nbsp;&nbsp;&nbsp;&nbsp;&nbsp;&nbsp;&nbsp;&nbsp;&nbsp;&nbsp;&nbsp;&nbsp;&nbsp;&nbsp;&nbsp;&nbsp;Que con estas acciones se ha contribuido a las econom\u00edas familiares como as\u00ed tambi\u00e9n al uso sostenible de suelos y a la producci\u00f3n de compostajes, todo esto en pos del mejoramiento de la calidad de vida.<\/p>\n\n\n\n<p>&nbsp;&nbsp;&nbsp;&nbsp;&nbsp; &nbsp;&nbsp;&nbsp;&nbsp;&nbsp;&nbsp;&nbsp;&nbsp;&nbsp;&nbsp;&nbsp;&nbsp;&nbsp;&nbsp;&nbsp;&nbsp;&nbsp;&nbsp;&nbsp;&nbsp;&nbsp;&nbsp;&nbsp;&nbsp;&nbsp;Que es contradictorio establecer pol\u00edticas que fomenten la huerta familiar y al mismo tiempo prohibir el uso de agua para poder atender las necesidades requeridas para el crecimiento de las diferentes plantas.-<\/p>\n\n\n\n<p>&nbsp;&nbsp;&nbsp;&nbsp;&nbsp;&nbsp;&nbsp;&nbsp;&nbsp;&nbsp;&nbsp; &nbsp;&nbsp;&nbsp;&nbsp;&nbsp;&nbsp;&nbsp;&nbsp;&nbsp;&nbsp;&nbsp;&nbsp;&nbsp;&nbsp;&nbsp;&nbsp;&nbsp;&nbsp;&nbsp;Que la mayor\u00eda de estas huertas, acceden al agua, desde la conexi\u00f3n de red, no pudiendo contar con canales de riego a los cuales recurrir.-<\/p>\n\n\n\n<p>&nbsp;&nbsp;&nbsp;&nbsp;&nbsp;&nbsp;&nbsp; &nbsp;&nbsp;&nbsp;&nbsp;&nbsp;&nbsp;&nbsp;&nbsp;&nbsp;&nbsp;&nbsp;&nbsp;&nbsp;&nbsp;&nbsp;&nbsp;&nbsp;&nbsp;&nbsp;&nbsp;&nbsp;&nbsp;&nbsp;Que la falta de lluvias desde hace 5 meses no permite la posibilidad de acopiar agua&nbsp; para poder distribuirla para el riego de los diferentes cultivos.-<\/p>\n\n\n\n<p>&nbsp;&nbsp;&nbsp; &nbsp;&nbsp;&nbsp;&nbsp;&nbsp;&nbsp;&nbsp;&nbsp;&nbsp;&nbsp;&nbsp;&nbsp;&nbsp;&nbsp;&nbsp;&nbsp;&nbsp;&nbsp;&nbsp;&nbsp;&nbsp;&nbsp;&nbsp;&nbsp;&nbsp;&nbsp;&nbsp;&nbsp;Que es necesario poder promover el control del consumo a trav\u00e9s de riego manual, aprovechamiento y reutilizaci\u00f3n de aguas de uso dom\u00e9stico, como as\u00ed tambi\u00e9n colocar sobre la siembra, hojas y otros vegetales para conservar la humedad del suelo.<\/p>\n\n\n\n<p><strong>POR TODO LO EXPUESTO, ESTE HONORABLE CONCEJO DELIBERANTE DE VILLA DE MERLO, SAN LUIS, EN USO DE LAS FACULTADES Y ATRIBUCIONES QUE LE CONFIERE LA LEY, SANCIONA LA SIGUIENTE:<\/strong><\/p>\n\n\n\n<p><strong><u>ORDENANZA<\/u><\/strong><\/p>\n\n\n\n<p><strong><u>ARTICULO 1\u00ba<\/u><\/strong>: Modificar el Art\u00edculo 9\u00ba de la Ordenanza N\u00ba 839-HCD-2003 \u201cUSO RACIONAL DEL AGUA\u201d, el que quedar\u00e1 redactado de la siguiente manera:<\/p>\n\n\n\n<p><strong><em>\u201cARTICULO 9\u00ba:<\/em><\/strong><em> ACTIVIDADES REGULADAS EN SITUACI\u00d3N DE EMERGENCIA H\u00cdDRICA<\/em><em><\/em><\/p>\n\n\n\n<p><em>Quedan <strong><u>totalmente prohibidas realizar<\/u><\/strong> con el agua de red las siguientes actividades:<\/em><strong><em><u><\/u><\/em><\/strong><\/p>\n\n\n\n<p><em>9.1: el&nbsp; lavado de veredas y frentes de viviendas.<\/em><\/p>\n\n\n\n<p><em>9.2: el lavado de veh\u00edculos<\/em><\/p>\n\n\n\n<p><em>9.3: el&nbsp; llenado de piletas de nataci\u00f3n de cualquier tipo y volumen.<\/em><\/p>\n\n\n\n<p><em>9.4: el riego de parques.<\/em><\/p>\n\n\n\n<p><strong><em>Se permitir\u00e1<\/em><\/strong><em>, con agua de red y <\/em><em>exclusivamente con balde o utensilios similares.<\/em><\/p>\n\n\n\n<p><em>9.5: <\/em><em>Riego de plantas de jardines y huertas domiciliarias.<\/em><\/p>\n\n\n\n<p><em>Se promover\u00e1 en todo momento la reutilizaci\u00f3n de aguas de uso domiciliario como as\u00ed tambi\u00e9n sistemas de cubrimiento de suelo para conservar la humedad del mismo.\u201d<\/em><\/p>\n\n\n\n<p><strong><u>ARTICULO 2<\/u><\/strong>\u00ba. El Departamento Ejecutivo Municipal a trav\u00e9s del \u00c1rea correspondiente ser\u00e1 el encargado de velar por el cumplimiento de la presente ordenanza y de asesorar a los propietarios de Huertas Familiares de adecuado uso del agua m\u00e1s all\u00e1 de la emergencia H\u00eddrica declarada, como si tambi\u00e9n promover la reutilizaci\u00f3n de aguas domiciliarias o el uso de diferentes t\u00e9cnicas de riego que reduzcan el consumo del vital recurso.<\/p>\n\n\n\n<p><strong><u>ARTICULO 3<\/u><\/strong>\u00ba. <strong>COMUN\u00cdQUESE, REG\u00cdSTRESE, PUBL\u00cdQUESE Y&nbsp; OPORTUNAMENTE, ARCH\u00cdVESE.-<\/strong><\/p>\n\n\n\n<div class=\"wp-block-file btn-descarga-ordenanza\"><a id=\"wp-block-file--media-3d7796cc-5239-4ae7-b1f0-288f558e1846\" href=\"https:\/\/hcdvillademerlo.com\/wp-content\/uploads\/2021\/03\/0951-VI-MODIFICAR-ART.-9-ORDENANZA-839-2003.docx\" target=\"_blank\" rel=\"noreferrer noopener\">0951-VI-MODIFICAR ART. 9 ORDENANZA 839-2003<\/a><a href=\"https:\/\/hcdvillademerlo.com\/wp-content\/uploads\/2021\/03\/0951-VI-MODIFICAR-ART.-9-ORDENANZA-839-2003.docx\" class=\"wp-block-file__button wp-element-button\" download aria-describedby=\"wp-block-file--media-3d7796cc-5239-4ae7-b1f0-288f558e1846\"><i class=\"fa fa-download\"><\/i>Descargar ordenanza<\/a><\/div>\n","protected":false},"excerpt":{"rendered":"<p>\u201cMODIFICAR LA ORDENANZA N\u00ba839-HCD-2003 USO RACIONAL DEL AGUA\u201d<\/p>\n","protected":false},"author":1,"featured_media":0,"comment_status":"closed","ping_status":"closed","sticky":false,"template":"","format":"standard","meta":{"footnotes":""},"categories":[21,8,291],"tags":[],"class_list":["post-5441","post","type-post","status-publish","format-standard","hentry","category-medio-ambiente","category-ordenanza","category-ordenanzas-2020"],"_links":{"self":[{"href":"https:\/\/hcdvillademerlo.com\/index.php\/wp-json\/wp\/v2\/posts\/5441","targetHints":{"allow":["GET"]}}],"collection":[{"href":"https:\/\/hcdvillademerlo.com\/index.php\/wp-json\/wp\/v2\/posts"}],"about":[{"href":"https:\/\/hcdvillademerlo.com\/index.php\/wp-json\/wp\/v2\/types\/post"}],"author":[{"embeddable":true,"href":"https:\/\/hcdvillademerlo.com\/index.php\/wp-json\/wp\/v2\/users\/1"}],"replies":[{"embeddable":true,"href":"https:\/\/hcdvillademerlo.com\/index.php\/wp-json\/wp\/v2\/comments?post=5441"}],"version-history":[{"count":3,"href":"https:\/\/hcdvillademerlo.com\/index.php\/wp-json\/wp\/v2\/posts\/5441\/revisions"}],"predecessor-version":[{"id":11098,"href":"https:\/\/hcdvillademerlo.com\/index.php\/wp-json\/wp\/v2\/posts\/5441\/revisions\/11098"}],"wp:attachment":[{"href":"https:\/\/hcdvillademerlo.com\/index.php\/wp-json\/wp\/v2\/media?parent=5441"}],"wp:term":[{"taxonomy":"category","embeddable":true,"href":"https:\/\/hcdvillademerlo.com\/index.php\/wp-json\/wp\/v2\/categories?post=5441"},{"taxonomy":"post_tag","embeddable":true,"href":"https:\/\/hcdvillademerlo.com\/index.php\/wp-json\/wp\/v2\/tags?post=5441"}],"curies":[{"name":"wp","href":"https:\/\/api.w.org\/{rel}","templated":true}]}}