{"id":5433,"date":"2021-03-15T10:48:59","date_gmt":"2021-03-15T13:48:59","guid":{"rendered":"https:\/\/hcdvillademerlo.com\/?p=5433"},"modified":"2024-11-07T10:33:59","modified_gmt":"2024-11-07T13:33:59","slug":"ordenanza-n-iv-0947-hcd-2020","status":"publish","type":"post","link":"https:\/\/hcdvillademerlo.com\/index.php\/2021\/03\/15\/ordenanza-n-iv-0947-hcd-2020\/","title":{"rendered":"ORDENANZA N\u00b0 IV-0947-HCD-2020 &#8211; SISTEMA DE CARGA Y DESCARGA DIN\u00c1MICA"},"content":{"rendered":"\n<p>Villa de Merlo (S.L.), 15 de Octubre de 2020.-<\/p>\n\n\n\n<p><strong><u>ORDENANZA N\u00b0 IV-0947-HCD-2020<\/u><\/strong><\/p>\n\n\n\n<p><em><u>\u201cSISTEMA DE CARGA Y DESCARGA DIN\u00c1MICA\u201d<\/u><\/em><\/p>\n\n\n\n<p><strong><u>VISTO<\/u><\/strong><strong>:<\/strong><\/p>\n\n\n\n<p>&nbsp;&nbsp;&nbsp;&nbsp;&nbsp;&nbsp;&nbsp;&nbsp;&nbsp;&nbsp;&nbsp;&nbsp;&nbsp;&nbsp;&nbsp;&nbsp;&nbsp;&nbsp;&nbsp;&nbsp;&nbsp;&nbsp;&nbsp;&nbsp;&nbsp;&nbsp;&nbsp;&nbsp;&nbsp;&nbsp;&nbsp;&nbsp;&nbsp;&nbsp; La necesidad de establecer un mecanismo \u00e1gil de carga y descarga en nuestra localidad; y:<\/p>\n\n\n\n<p><strong><u>CONSIDERANDO<\/u><\/strong><strong>:<\/strong><\/p>\n\n\n\n<p>&nbsp;&nbsp;&nbsp;&nbsp;&nbsp;&nbsp;&nbsp;&nbsp;&nbsp;&nbsp;&nbsp;&nbsp;&nbsp;&nbsp;&nbsp;&nbsp;&nbsp;&nbsp;&nbsp;&nbsp;&nbsp;&nbsp;&nbsp;&nbsp;&nbsp;&nbsp;&nbsp;&nbsp;&nbsp;&nbsp;&nbsp;&nbsp;&nbsp;&nbsp; Que nuestra ciudad tiene un constante crecimiento que hace necesario adecuar el tr\u00e1nsito vehicular de descarga de mercader\u00edas.-<\/p>\n\n\n\n<p>&nbsp;&nbsp;&nbsp;&nbsp;&nbsp;&nbsp;&nbsp;&nbsp;&nbsp;&nbsp;&nbsp;&nbsp;&nbsp;&nbsp;&nbsp;&nbsp;&nbsp;&nbsp;&nbsp;&nbsp;&nbsp;&nbsp;&nbsp;&nbsp;&nbsp;&nbsp;&nbsp;&nbsp;&nbsp;&nbsp;&nbsp;&nbsp;&nbsp;&nbsp; Que la actividad comercial del casco c\u00e9ntrico genera un continuo movimiento vehicular.-<\/p>\n\n\n\n<p>&nbsp;&nbsp;&nbsp;&nbsp;&nbsp;&nbsp;&nbsp;&nbsp;&nbsp;&nbsp;&nbsp;&nbsp;&nbsp;&nbsp;&nbsp;&nbsp;&nbsp;&nbsp;&nbsp;&nbsp;&nbsp;&nbsp;&nbsp;&nbsp;&nbsp;&nbsp;&nbsp;&nbsp;&nbsp;&nbsp;&nbsp;&nbsp;&nbsp;&nbsp; Que existe actualmente legislaci\u00f3n vigente que regula los horarios de carga y descarga comercial como las Ordenanzas N\u00b0 711-HCD-1998, N\u00b0801-HCD-2002, y N\u00b0IV-0710-HCD-2015.-<\/p>\n\n\n\n<p>&nbsp;&nbsp;&nbsp;&nbsp;&nbsp;&nbsp;&nbsp;&nbsp;&nbsp;&nbsp;&nbsp;&nbsp;&nbsp;&nbsp;&nbsp;&nbsp;&nbsp;&nbsp;&nbsp;&nbsp;&nbsp;&nbsp;&nbsp;&nbsp;&nbsp;&nbsp;&nbsp;&nbsp;&nbsp;&nbsp;&nbsp;&nbsp;&nbsp;&nbsp; Que m\u00e1s all\u00e1 de la legislaci\u00f3n vigente mencionada, la din\u00e1mica del aprovisionamiento de los comercios del casco hist\u00f3rico hace que lo normado no se cumpla.-<\/p>\n\n\n\n<p>&nbsp;&nbsp;&nbsp;&nbsp;&nbsp;&nbsp;&nbsp;&nbsp;&nbsp;&nbsp;&nbsp;&nbsp;&nbsp;&nbsp;&nbsp;&nbsp;&nbsp;&nbsp;&nbsp;&nbsp;&nbsp;&nbsp;&nbsp;&nbsp;&nbsp;&nbsp;&nbsp;&nbsp;&nbsp;&nbsp;&nbsp;&nbsp;&nbsp;&nbsp; Que consecuencia de ello, los veh\u00edculos utilizados para la descarga de mercader\u00eda suelen generar maniobras que terminan provocando alteraciones de tr\u00e1nsito, convulsionando el movimiento vehicular del microcentro.-<\/p>\n\n\n\n<p>&nbsp;&nbsp;&nbsp;&nbsp;&nbsp;&nbsp;&nbsp;&nbsp;&nbsp;&nbsp;&nbsp;&nbsp;&nbsp;&nbsp;&nbsp;&nbsp;&nbsp;&nbsp;&nbsp;&nbsp;&nbsp;&nbsp;&nbsp;&nbsp;&nbsp;&nbsp;&nbsp;&nbsp;&nbsp;&nbsp;&nbsp;&nbsp;&nbsp;&nbsp; Que sumado a lo mencionado, los protocolos adoptados por el Gobierno de la Provincia de San Luis en relaci\u00f3n a los Centros de Transferencias de Mercader\u00edas, y sus consecuentes controles, hace que los veh\u00edculos lleguen a realizar la descarga de mercader\u00edas a la Villa de Merlo fuera del horario permitido por ordenanza.-<\/p>\n\n\n\n<p>&nbsp;&nbsp;&nbsp;&nbsp;&nbsp;&nbsp;&nbsp;&nbsp;&nbsp;&nbsp;&nbsp;&nbsp;&nbsp;&nbsp;&nbsp;&nbsp;&nbsp;&nbsp;&nbsp;&nbsp;&nbsp;&nbsp;&nbsp;&nbsp;&nbsp;&nbsp;&nbsp;&nbsp;&nbsp;&nbsp;&nbsp;&nbsp;&nbsp;&nbsp; Que el Sistema de Carga y Descarga Din\u00e1mica, colaborar\u00eda a solucionar las problem\u00e1ticas mencionadas, estableciendo un lugar fijo determinado y se\u00f1alizado para proceder a esta actividad.-<\/p>\n\n\n\n<p>&nbsp;&nbsp;&nbsp;&nbsp;&nbsp;&nbsp;&nbsp;&nbsp;&nbsp;&nbsp;&nbsp;&nbsp;&nbsp;&nbsp;&nbsp;&nbsp;&nbsp;&nbsp;&nbsp;&nbsp;&nbsp;&nbsp;&nbsp;&nbsp;&nbsp;&nbsp;&nbsp;&nbsp;&nbsp;&nbsp;&nbsp;&nbsp;&nbsp;&nbsp; Que por todo ello se dispone conforme a continuaci\u00f3n se establece.-<\/p>\n\n\n\n<p><strong>POR TODO LO EXPUESTO, ESTE HONORABLE CONCEJO DELIBERANTE DE LA CIUDAD DE LA VILLA DE MERLO, EN USO DE LAS FACULTADES Y ATRIBUCIONES QUE LE CONFIERE LA LEY, SANCIONA LA SIGUIENTE:<\/strong><\/p>\n\n\n\n<p><strong><u>ORDENANZA<\/u><\/strong><\/p>\n\n\n\n<p><strong><u>ARTICULO 1\u00b0<\/u><\/strong><strong>: IMPLEMENTAR<\/strong> en la ciudad Villa de Merlo el Sistema de Carga y Descarga Din\u00e1mica dentro del \u00e1rea delimitada entre las siguientes calles: Al Norte calle Huarpes y su prolongaci\u00f3n Comechingones, al este calle Pringles, al oeste calle Poeta Ag\u00fcero y al Sur calle Sobremonte y su prolongaci\u00f3n Avenida del Sol.-<\/p>\n\n\n\n<p><strong><u>ARTICULO 2\u00b0<\/u><\/strong><strong>:<\/strong> Cada una de las cuadras comprendidas en el sector delimitado por el Art\u00edculo 1\u00b0, podr\u00e1 disponer de un espacio de 8 metros, pr\u00f3ximo a la esquina, en un extremo de la acera.-<\/p>\n\n\n\n<p><strong><u>ARTICULO 3\u00b0<\/u><\/strong><strong>:<\/strong> Los veh\u00edculos afectados ser\u00e1n utilitarios y camiones medianos sin acoplado, hasta 3,500 kg de carga.-<\/p>\n\n\n\n<p><strong><u>ARTICULO 4\u00b0<\/u><\/strong><strong>:<\/strong> El horario autorizado para realizar la carga y\/o descarga en los espacios delimitados ser\u00e1 de Lunes a S\u00e1bados de 9 a 17 hs., y no deber\u00e1 superar los 15 minutos.-<\/p>\n\n\n\n<p><strong><u>ARTICULO 5\u00b0<\/u><\/strong><strong>: AUTORIZAR<\/strong> al Departamento Ejecutivo Municipal a realizar las demarcaciones correspondientes en veredas y calzadas, as\u00ed como a colocar la carteler\u00eda correspondiente.-<\/p>\n\n\n\n<p><strong><u>ARTICULO 6\u00b0<\/u><\/strong><strong>:<\/strong> <strong>DEM\u00c1RQUENSE<\/strong> la calzada y el cord\u00f3n del sector asignado, con pintura de color amarillo, y col\u00f3quese la carteler\u00eda&nbsp;indicatoria con la leyenda \u201c<strong>Permitido estacionar Carga y Descarga Din\u00e1mica de 09:00 a 17:00 hs. Tolerancia: 15 Minutos<\/strong>\u201d.-<\/p>\n\n\n\n<p><strong><u>ARTICULO 7\u00b0<\/u><\/strong><strong>: <\/strong>Todo uso del espacio asignado, que no sea el previsto en la presente, ser\u00e1 sancionado de acuerdo a como lo establecen &nbsp;las ordenanzas vigentes, o se establezcan oportunamente a partir de la promulgaci\u00f3n de la misma.-<\/p>\n\n\n\n<p><strong><u>ARTICULO 8\u00b0<\/u><\/strong><strong>: <\/strong>La Autoridad de Aplicaci\u00f3n, ser\u00e1 la Direcci\u00f3n de Movilidad Urbana y Seguridad Ciudadana y Transporte conjuntamente con el \u00c1rea Tr\u00e1nsito de la Municipalidad Villa de Merlo.-<\/p>\n\n\n\n<p><strong><u>ARTICULO 9\u00b0<\/u><\/strong><strong>: <\/strong><strong>COMUN\u00cdQUESE, REG\u00cdSTRESE, PUBL\u00cdQUESE Y&nbsp; OPORTUNAMENTE, ARCH\u00cdVESE.-<\/strong><strong><\/strong><\/p>\n\n\n\n<div class=\"wp-block-file btn-descarga-ordenanza\"><a id=\"wp-block-file--media-dd184c6b-5bb3-4175-8e1f-7689b860de79\" href=\"https:\/\/hcdvillademerlo.com\/wp-content\/uploads\/2021\/03\/0947-IV-SISTEMA-DE-CARGA-Y-DESCARGA-DINAMICA.docx\" target=\"_blank\" rel=\"noreferrer noopener\">0947-IV-SISTEMA DE CARGA Y DESCARGA DINAMICA<\/a><a href=\"https:\/\/hcdvillademerlo.com\/wp-content\/uploads\/2021\/03\/0947-IV-SISTEMA-DE-CARGA-Y-DESCARGA-DINAMICA.docx\" class=\"wp-block-file__button wp-element-button\" download aria-describedby=\"wp-block-file--media-dd184c6b-5bb3-4175-8e1f-7689b860de79\"><i class=\"fa fa-download\"><\/i>Descargar ordenanza<\/a><\/div>\n","protected":false},"excerpt":{"rendered":"<p>\u201cSISTEMA DE CARGA Y DESCARGA DIN\u00c1MICA\u201d<\/p>\n","protected":false},"author":1,"featured_media":0,"comment_status":"closed","ping_status":"closed","sticky":false,"template":"","format":"standard","meta":{"footnotes":""},"categories":[8,291,16],"tags":[],"class_list":["post-5433","post","type-post","status-publish","format-standard","hentry","category-ordenanza","category-ordenanzas-2020","category-transporte"],"_links":{"self":[{"href":"https:\/\/hcdvillademerlo.com\/index.php\/wp-json\/wp\/v2\/posts\/5433","targetHints":{"allow":["GET"]}}],"collection":[{"href":"https:\/\/hcdvillademerlo.com\/index.php\/wp-json\/wp\/v2\/posts"}],"about":[{"href":"https:\/\/hcdvillademerlo.com\/index.php\/wp-json\/wp\/v2\/types\/post"}],"author":[{"embeddable":true,"href":"https:\/\/hcdvillademerlo.com\/index.php\/wp-json\/wp\/v2\/users\/1"}],"replies":[{"embeddable":true,"href":"https:\/\/hcdvillademerlo.com\/index.php\/wp-json\/wp\/v2\/comments?post=5433"}],"version-history":[{"count":3,"href":"https:\/\/hcdvillademerlo.com\/index.php\/wp-json\/wp\/v2\/posts\/5433\/revisions"}],"predecessor-version":[{"id":11106,"href":"https:\/\/hcdvillademerlo.com\/index.php\/wp-json\/wp\/v2\/posts\/5433\/revisions\/11106"}],"wp:attachment":[{"href":"https:\/\/hcdvillademerlo.com\/index.php\/wp-json\/wp\/v2\/media?parent=5433"}],"wp:term":[{"taxonomy":"category","embeddable":true,"href":"https:\/\/hcdvillademerlo.com\/index.php\/wp-json\/wp\/v2\/categories?post=5433"},{"taxonomy":"post_tag","embeddable":true,"href":"https:\/\/hcdvillademerlo.com\/index.php\/wp-json\/wp\/v2\/tags?post=5433"}],"curies":[{"name":"wp","href":"https:\/\/api.w.org\/{rel}","templated":true}]}}