{"id":543,"date":"2016-03-08T14:56:15","date_gmt":"2016-03-08T17:56:15","guid":{"rendered":"http:\/\/hcdvillademerlo.com.ar.j8a.com.ar\/?p=543"},"modified":"2016-03-08T14:56:15","modified_gmt":"2016-03-08T17:56:15","slug":"prohibe-circulacion-motorizados-en-plaza-sobremonte","status":"publish","type":"post","link":"https:\/\/hcdvillademerlo.com\/index.php\/2016\/03\/08\/prohibe-circulacion-motorizados-en-plaza-sobremonte\/","title":{"rendered":"PROH\u00cdBE CIRCULACI\u00d3N MOTORIZADOS EN PLAZA SOBREMONTE"},"content":{"rendered":"<p style=\"text-align: right\">Merlo, San Luis, 22 de Diciembre de 1994<\/p>\n<p>&nbsp;<\/p>\n<p style=\"text-align: center\"><strong><u>ORDENANZA N\u00ba 579-HCD-1994<\/u><\/strong><\/p>\n<p>&nbsp;<br \/>\n<strong><u>VISTO:<\/u><\/strong><br \/>\nLa sanci\u00f3n por parte del Honorable Concejo de normas tendientes a regular el uso de los espacios p\u00fablicos por parte de particulares, y;<br \/>\n&nbsp;<br \/>\n<strong><u>CONSIDERANDO:<\/u><\/strong><br \/>\nQue en la Plaza Marqu\u00e9s de Sobremonte se desarrollan actividades comerciales como alquiler de autitos motorizados, paseos en minib\u00fas y otros.-<br \/>\nQue resulta necesario adecuar la normativa vigente conciliando el inter\u00e9s comercial con la tranquilidad de los usuarios de la Plaza.-<br \/>\n&nbsp;<br \/>\n<strong>POR TODO ELLO EL HONORABLE CONCEJO DELIBERANTE DE MERLO, SAN LUIS, EN USO DE LAS ATRIBUCIONES QUE LE CONFIERE LA LEY SANCIONA LA SIGUIENTE:<\/strong><\/p>\n<p style=\"text-align: center\"><strong><u>ORDENANZA<\/u><\/strong><\/p>\n<p>&nbsp;<br \/>\n<strong>ART. 1) <\/strong>Prohibir la explotaci\u00f3n de mini \u00f3mnibus, autitos y cualquier otro vehiculo motorizado en la Plaza Marqu\u00e9s de Sobremonte.-<br \/>\n<strong>ART. 2) <\/strong>Solicitar a los integrantes del Centro de Artesanos realicen las tareas necesarias para embellecer los puestos instalados.-<br \/>\n<strong>ART. 3) <\/strong>Comun\u00edquese, publ\u00edquese, reg\u00edstrese y arch\u00edvese.-<br \/>\n&nbsp;<br \/>\nPresidente H.C.D.: Jorge H. Arias<br \/>\nSecretaria H.C.D.: Stella Maris Herrero de Dulcich<br \/>\n&nbsp;<\/p>\n","protected":false},"excerpt":{"rendered":"<p>Merlo, San Luis, 22 de Diciembre de 1994 &nbsp; ORDENANZA N\u00ba 579-HCD-1994 &nbsp; VISTO: La sanci\u00f3n por parte del Honorable Concejo de normas tendientes a regular el uso de los espacios p\u00fablicos por parte de particulares, y; &nbsp; CONSIDERANDO: Que en la Plaza Marqu\u00e9s de Sobremonte se desarrollan actividades comerciales como alquiler de autitos motorizados,<\/p><\/div>\n<div class=\"blog-btn\"><a href=\"https:\/\/hcdvillademerlo.com\/index.php\/2016\/03\/08\/prohibe-circulacion-motorizados-en-plaza-sobremonte\/\" class=\"home-blog-btn\">Leer m\u00e1s<\/a><\/p>\n","protected":false},"author":1,"featured_media":0,"comment_status":"closed","ping_status":"open","sticky":false,"template":"","format":"standard","meta":{"footnotes":""},"categories":[16],"tags":[227,251],"class_list":["post-543","post","type-post","status-publish","format-standard","hentry","category-transporte","tag-prohibe","tag-sobremonte"],"_links":{"self":[{"href":"https:\/\/hcdvillademerlo.com\/index.php\/wp-json\/wp\/v2\/posts\/543","targetHints":{"allow":["GET"]}}],"collection":[{"href":"https:\/\/hcdvillademerlo.com\/index.php\/wp-json\/wp\/v2\/posts"}],"about":[{"href":"https:\/\/hcdvillademerlo.com\/index.php\/wp-json\/wp\/v2\/types\/post"}],"author":[{"embeddable":true,"href":"https:\/\/hcdvillademerlo.com\/index.php\/wp-json\/wp\/v2\/users\/1"}],"replies":[{"embeddable":true,"href":"https:\/\/hcdvillademerlo.com\/index.php\/wp-json\/wp\/v2\/comments?post=543"}],"version-history":[{"count":0,"href":"https:\/\/hcdvillademerlo.com\/index.php\/wp-json\/wp\/v2\/posts\/543\/revisions"}],"wp:attachment":[{"href":"https:\/\/hcdvillademerlo.com\/index.php\/wp-json\/wp\/v2\/media?parent=543"}],"wp:term":[{"taxonomy":"category","embeddable":true,"href":"https:\/\/hcdvillademerlo.com\/index.php\/wp-json\/wp\/v2\/categories?post=543"},{"taxonomy":"post_tag","embeddable":true,"href":"https:\/\/hcdvillademerlo.com\/index.php\/wp-json\/wp\/v2\/tags?post=543"}],"curies":[{"name":"wp","href":"https:\/\/api.w.org\/{rel}","templated":true}]}}