{"id":5382,"date":"2021-03-11T11:01:44","date_gmt":"2021-03-11T14:01:44","guid":{"rendered":"https:\/\/hcdvillademerlo.com\/?p=5382"},"modified":"2024-11-07T11:39:06","modified_gmt":"2024-11-07T14:39:06","slug":"ordenanza-n-x-0931-hcd-2020","status":"publish","type":"post","link":"https:\/\/hcdvillademerlo.com\/index.php\/2021\/03\/11\/ordenanza-n-x-0931-hcd-2020\/","title":{"rendered":"ORDENANZA N\u00b0 X-0931-HCD-2020 &#8211; REGLAMENTAR LA ORDENANZA N\u00ba 634-HCD-1996 S\u00cdMBOLOS DE MERLO"},"content":{"rendered":"\n<p>Villa de Merlo, (San Luis), 25 de junio de 2020.-<\/p>\n\n\n\n<p><strong><u>ORDENANZA N\u00b0 X-0931-HCD-2020<\/u><\/strong><\/p>\n\n\n\n<p><strong>&nbsp;\u201cREGLAMENTAR LA ORDENANZA N\u00ba 634-HCD-1996&nbsp; \u201cSIMBOLOS DE MERLO\u201d<\/strong><\/p>\n\n\n\n<p><strong><u>VISTO:<\/u><\/strong><\/p>\n\n\n\n<p>Que resulta necesario definir las caracter\u00edsticas, uso y tratamiento que se dar\u00e1 a la Bandera de la Ciudad de la Villa De Merlo, en todos los \u00e1mbitos del quehacer pol\u00edtico, educativo y social; y:<\/p>\n\n\n\n<p><strong><u>CONSIDERANDO:<\/u><\/strong><\/p>\n\n\n\n<p>&nbsp;&nbsp;&nbsp;&nbsp;&nbsp;&nbsp;&nbsp;&nbsp;&nbsp;&nbsp;&nbsp;&nbsp;&nbsp;&nbsp; Que por la ordenanza 634-HCD-1996, se aprueban los s\u00edmbolos patrios de la Villa de Merlo, entre ellos la Bandera de nuestra Ciudad, emblema que identifica y representa a todos los Merlinos.-<\/p>\n\n\n\n<p>&nbsp;&nbsp;&nbsp;&nbsp;&nbsp;&nbsp;&nbsp;&nbsp;&nbsp;&nbsp;&nbsp;&nbsp;&nbsp; Que nuestra Ciudad ha trabajado en revalorizar la identidad hist\u00f3rica y cultural que caracterizan a la comunidad.-<\/p>\n\n\n\n<p>&nbsp;&nbsp;&nbsp;&nbsp;&nbsp;&nbsp;&nbsp;&nbsp;&nbsp;&nbsp;&nbsp;&nbsp;&nbsp; Que despertar en la sociedad la necesidad de conocer, valorar y reverenciar nuestros s\u00edmbolos locales, es mantener viva la memoria colectiva del pueblo.-<\/p>\n\n\n\n<p>&nbsp;&nbsp;&nbsp;&nbsp;&nbsp; &nbsp;&nbsp;&nbsp;&nbsp;&nbsp;&nbsp;&nbsp;&nbsp;Que as\u00ed mismo corresponde determinar las formalidades que deben regir el uso de nuestros s\u00edmbolos en las Instituciones de nuestro ejido municipal.-<\/p>\n\n\n\n<p>&nbsp;&nbsp;&nbsp;&nbsp;&nbsp;&nbsp;&nbsp;&nbsp;&nbsp;&nbsp;&nbsp; &nbsp;&nbsp;&nbsp; Que por todo lo expuesto se dispone conforme a continuaci\u00f3n se establece.-<\/p>\n\n\n\n<p><strong>POR TODO ELLO, EL HONORABLE CONCEJO DELIBERANTE DE LA CIUDAD DE VILLA DE MERLO, EN USO DE LAS FACULTADES Y ATRIBUCIONES QUE LE CONFIERE LA LEY, SANCIONA LA SIGUIENTE:<\/strong><\/p>\n\n\n\n<p><strong><u>ORDENANZA<\/u><\/strong><\/p>\n\n\n\n<p><strong><u>ARTICULO N\u00ba 1<\/u><\/strong>: <strong>REGLAMENTAR<\/strong>, el Art. 1\u00b0 de la Ordenanza N\u00b0 634-HCD-1996, y establecer que el uso de la Bandera de nuestra Ciudad ser\u00e1 obligatorio en todo acto oficial realizado por la Municipalidad de la Villa de Merlo; de homenaje, conmemoraci\u00f3n, inauguraci\u00f3n, festejo, anuncios o de otro tipo, seg\u00fan lo normado en la Ordenanza N\u00ba 634-HCD-1996, respetando los protocolos de uso de la Bandera Nacional Argentina.-&nbsp;&nbsp;<\/p>\n\n\n\n<p><strong><u>ARTICULO N\u00ba 2<\/u><\/strong><strong>:<\/strong> La Bandera de la Ciudad de la Villa de Merlo se colocar\u00e1 en m\u00e1stil en forma obligatoria en todos los edificios p\u00fablicos Municipales; Honorable Concejo Deliberante, Juzgado de Faltas, espacios de descentralizaci\u00f3n, establecimientos educativos (Jard\u00edn Maternal y Centro de Educaci\u00f3n Especial Mirlo), C.I.C., Centros de Atenci\u00f3n Primaria a la Salud y dem\u00e1s dependencias del \u00edndole municipal.-<\/p>\n\n\n\n<p><strong><u>ARTICULO N\u00ba 3<\/u><\/strong><strong>:<\/strong> SOLICITAR autorizaci\u00f3n al Ministerio de Educaci\u00f3n de la Provincia de San Luis para que en los edificios p\u00fablicos y\/o privados y Establecimientos de Ense\u00f1anza p\u00fablica y privada dependientes de la Provincia, como tambi\u00e9n a modo de distinci\u00f3n para el alumnado, puedan hacer uso de nuestra insignia local y tambi\u00e9n en todo tipo de actos p\u00fablicos conforme al Protocolo.-<\/p>\n\n\n\n<p><strong><u>ARTICULO N\u00ba 4<\/u><\/strong><strong>:<\/strong> Invitar a colocar la Bandera de la Ciudad en la fachada de todos los edificios p\u00fablicos pertenecientes a las distintas dependencias del Estado Nacional y Provincial.-<\/p>\n\n\n\n<p><strong><u>ARTICULO N\u00ba 5<\/u><\/strong><strong>:<\/strong> <strong>COMUNIQUESE, NOTIFIQUESE, PUBLIQUESE, REGISTRESE Y OPORTUNAMENTE ARCHIVESE.-<\/strong><strong><u><\/u><\/strong><\/p>\n\n\n\n<div class=\"wp-block-file btn-descarga-ordenanza\"><a id=\"wp-block-file--media-b0d367be-d3e1-4815-ba19-3c540b470548\" href=\"https:\/\/hcdvillademerlo.com\/wp-content\/uploads\/2021\/03\/0931-X-REGLAMENTAR-ART-1-DE-LOS-SIMBOLOS-MUNICIPALES-ORD.634.docx\" target=\"_blank\" rel=\"noreferrer noopener\">0931-X REGLAMENTAR ART 1 DE LOS SIMBOLOS MUNICIPALES ORD.634<\/a><a href=\"https:\/\/hcdvillademerlo.com\/wp-content\/uploads\/2021\/03\/0931-X-REGLAMENTAR-ART-1-DE-LOS-SIMBOLOS-MUNICIPALES-ORD.634.docx\" class=\"wp-block-file__button wp-element-button\" download aria-describedby=\"wp-block-file--media-b0d367be-d3e1-4815-ba19-3c540b470548\"><i class=\"fa fa-download\"><\/i>Descargar ordenanza<\/a><\/div>\n","protected":false},"excerpt":{"rendered":"<p> \u201cREGLAMENTAR LA ORDENANZA N\u00ba 634-HCD-1996  \u201cS\u00cdMBOLOS DE MERLO\u201d<\/p>\n","protected":false},"author":1,"featured_media":0,"comment_status":"closed","ping_status":"closed","sticky":false,"template":"","format":"standard","meta":{"footnotes":""},"categories":[8,291,12],"tags":[],"class_list":["post-5382","post","type-post","status-publish","format-standard","hentry","category-ordenanza","category-ordenanzas-2020","category-poder-legislativo"],"_links":{"self":[{"href":"https:\/\/hcdvillademerlo.com\/index.php\/wp-json\/wp\/v2\/posts\/5382","targetHints":{"allow":["GET"]}}],"collection":[{"href":"https:\/\/hcdvillademerlo.com\/index.php\/wp-json\/wp\/v2\/posts"}],"about":[{"href":"https:\/\/hcdvillademerlo.com\/index.php\/wp-json\/wp\/v2\/types\/post"}],"author":[{"embeddable":true,"href":"https:\/\/hcdvillademerlo.com\/index.php\/wp-json\/wp\/v2\/users\/1"}],"replies":[{"embeddable":true,"href":"https:\/\/hcdvillademerlo.com\/index.php\/wp-json\/wp\/v2\/comments?post=5382"}],"version-history":[{"count":4,"href":"https:\/\/hcdvillademerlo.com\/index.php\/wp-json\/wp\/v2\/posts\/5382\/revisions"}],"predecessor-version":[{"id":11132,"href":"https:\/\/hcdvillademerlo.com\/index.php\/wp-json\/wp\/v2\/posts\/5382\/revisions\/11132"}],"wp:attachment":[{"href":"https:\/\/hcdvillademerlo.com\/index.php\/wp-json\/wp\/v2\/media?parent=5382"}],"wp:term":[{"taxonomy":"category","embeddable":true,"href":"https:\/\/hcdvillademerlo.com\/index.php\/wp-json\/wp\/v2\/categories?post=5382"},{"taxonomy":"post_tag","embeddable":true,"href":"https:\/\/hcdvillademerlo.com\/index.php\/wp-json\/wp\/v2\/tags?post=5382"}],"curies":[{"name":"wp","href":"https:\/\/api.w.org\/{rel}","templated":true}]}}