{"id":5277,"date":"2021-03-04T12:51:20","date_gmt":"2021-03-04T15:51:20","guid":{"rendered":"https:\/\/hcdvillademerlo.com\/?p=5277"},"modified":"2021-09-21T12:19:55","modified_gmt":"2021-09-21T15:19:55","slug":"ordenanza-n-x-0899-hcd-2019-establecer-periodo-legislativo-ano-2020","status":"publish","type":"post","link":"https:\/\/hcdvillademerlo.com\/index.php\/2021\/03\/04\/ordenanza-n-x-0899-hcd-2019-establecer-periodo-legislativo-ano-2020\/","title":{"rendered":"ORDENANZA N\u00b0 X-0899-HCD-2019: \u201cESTABLECER PERIODO LEGISLATIVO A\u00d1O 2020\u201d"},"content":{"rendered":"\n<p>Villa de Merlo, (San Luis), 12 de Diciembre de 2019.-<\/p>\n\n\n\n<p><strong><u>ORDENANZA N\u00b0 X-0899-HCD-2019<\/u><\/strong><\/p>\n\n\n\n<p>\u201cESTABLECER PERIODO LEGISLATIVO A\u00d1O 2020\u201d<\/p>\n\n\n\n<p><strong><u>VISTO<\/u>:<\/strong><\/p>\n\n\n\n<p>&nbsp;&nbsp;&nbsp;&nbsp;&nbsp;&nbsp;&nbsp;&nbsp;&nbsp;&nbsp;&nbsp;&nbsp;&nbsp;&nbsp;&nbsp;&nbsp;&nbsp;&nbsp; La necesidad de establecer el Per\u00edodo Legislativo A\u00f1o 2020; y: <strong><u><\/u><\/strong><\/p>\n\n\n\n<p><strong><u>CONSIDERANDO<\/u>:<\/strong><\/p>\n\n\n\n<p>&nbsp;&nbsp;&nbsp;&nbsp;&nbsp;&nbsp;&nbsp;&nbsp;&nbsp;&nbsp;&nbsp;&nbsp;&nbsp;&nbsp;&nbsp;&nbsp;&nbsp;&nbsp;&nbsp;&nbsp;&nbsp;&nbsp;&nbsp;&nbsp;&nbsp;&nbsp;&nbsp;&nbsp;&nbsp;&nbsp;&nbsp;&nbsp;&nbsp;&nbsp; Que es menester fijar el d\u00eda de inicio y de cierre del Per\u00edodo Legislativo de este H.C.D. para el pr\u00f3ximo A\u00f1o 2020.-<\/p>\n\n\n\n<p>&nbsp;&nbsp;&nbsp;&nbsp;&nbsp;&nbsp;&nbsp;&nbsp;&nbsp;&nbsp;&nbsp;&nbsp;&nbsp;&nbsp;&nbsp;&nbsp;&nbsp;&nbsp;&nbsp;&nbsp;&nbsp;&nbsp;&nbsp;&nbsp;&nbsp;&nbsp;&nbsp;&nbsp;&nbsp;&nbsp;&nbsp;&nbsp;&nbsp;&nbsp; Que asimismo resulta adecuado en esta Ordenanza establecer los d\u00edas de Sesiones Ordinarias y el horario para la realizaci\u00f3n de las mismas.-<\/p>\n\n\n\n<p>&nbsp;&nbsp;&nbsp;&nbsp;&nbsp;&nbsp;&nbsp;&nbsp;&nbsp;&nbsp;&nbsp; &nbsp;&nbsp; Que por todo ello se dispone conforme se expresa a continuaci\u00f3n.-<\/p>\n\n\n\n<p><strong>POR TODO ELLO EL HONORABLE CONCEJO DELIBERANTE DE LA CIUDAD&nbsp; VILLA DE MERLO, SAN LUIS, EN USO DE LAS FACULTADES Y ATRIBUCIONES QUE LE CONFIERE LA LEY, SANCIONA LA SIGUIENTE:<\/strong><\/p>\n\n\n\n<h4 class=\"wp-block-heading\">ORDENANZA<\/h4>\n\n\n\n<p><strong><u>ARTICULO 1\u00ba<\/u><\/strong><strong>: ESTABLECER, <\/strong>que las Sesiones Ordinarias de \u00e9ste H.C.D. para el A\u00f1o 2020, iniciar\u00e1n el d\u00eda Lunes 02 de Marzo y finalizar\u00e1n el d\u00eda Jueves 10 de Diciembre del respectivo a\u00f1o.-<strong><\/strong><\/p>\n\n\n\n<p><strong><u>ARTICULO 2\u00ba<\/u><\/strong><strong>: ESTABLECER <\/strong>que las Sesiones Ordinarias para el A\u00f1o 2020, se llevar\u00e1n a cabo los d\u00edas&nbsp; Jueves a las 18.00 Hs.-<strong><\/strong><\/p>\n\n\n\n<p><strong><u>ARTICULO 3\u00ba<\/u>: ESTABLECER <\/strong>que el receso invernal de dos (2) semanas, ser\u00e1 coincidente con el receso escolar fijado por la Provincia de San Luis.-<\/p>\n\n\n\n<p><strong><em>\u201c<\/em><\/strong><strong><em>ESTABLECER <\/em><\/strong><em>que el receso invernal para este H.C.D., ser\u00e1 desde el Lunes 13 hasta el Viernes 24 de Julio de 2020.- X-0930\/20<\/em><\/p>\n\n\n\n<p><strong><u>ARTICULO 4\u00ba<\/u><\/strong><strong>: <\/strong><strong>DEROGAR,<\/strong>&nbsp; toda aquella norma que se oponga a la presente.-<\/p>\n\n\n\n<p><strong><u>ARTICULO 5\u00ba<\/u><\/strong><strong>: <\/strong><strong>COMUNIQUESE, NOTIFIQUESE, PUBLIQUESE, REGISTRESE Y OPORTUNAMENTE ARCHIVESE.-<\/strong><\/p>\n","protected":false},"excerpt":{"rendered":"<p>Villa de Merlo, (San Luis), 12 de Diciembre de 2019.- ORDENANZA N\u00b0 X-0899-HCD-2019 \u201cESTABLECER PERIODO LEGISLATIVO A\u00d1O 2020\u201d VISTO: &nbsp;&nbsp;&nbsp;&nbsp;&nbsp;&nbsp;&nbsp;&nbsp;&nbsp;&nbsp;&nbsp;&nbsp;&nbsp;&nbsp;&nbsp;&nbsp;&nbsp;&nbsp; La necesidad de establecer el Per\u00edodo Legislativo A\u00f1o 2020; y: CONSIDERANDO: &nbsp;&nbsp;&nbsp;&nbsp;&nbsp;&nbsp;&nbsp;&nbsp;&nbsp;&nbsp;&nbsp;&nbsp;&nbsp;&nbsp;&nbsp;&nbsp;&nbsp;&nbsp;&nbsp;&nbsp;&nbsp;&nbsp;&nbsp;&nbsp;&nbsp;&nbsp;&nbsp;&nbsp;&nbsp;&nbsp;&nbsp;&nbsp;&nbsp;&nbsp; Que es menester fijar el d\u00eda de inicio y de cierre del Per\u00edodo Legislativo de este H.C.D. para el pr\u00f3ximo A\u00f1o 2020.- &nbsp;&nbsp;&nbsp;&nbsp;&nbsp;&nbsp;&nbsp;&nbsp;&nbsp;&nbsp;&nbsp;&nbsp;&nbsp;&nbsp;&nbsp;&nbsp;&nbsp;&nbsp;&nbsp;&nbsp;&nbsp;&nbsp;&nbsp;&nbsp;&nbsp;&nbsp;&nbsp;&nbsp;&nbsp;&nbsp;&nbsp;&nbsp;&nbsp;&nbsp;<\/p><\/div>\n<div class=\"blog-btn\"><a href=\"https:\/\/hcdvillademerlo.com\/index.php\/2021\/03\/04\/ordenanza-n-x-0899-hcd-2019-establecer-periodo-legislativo-ano-2020\/\" class=\"home-blog-btn\">Leer m\u00e1s<\/a><\/p>\n","protected":false},"author":1,"featured_media":0,"comment_status":"closed","ping_status":"closed","sticky":false,"template":"","format":"standard","meta":{"footnotes":""},"categories":[8,292,12],"tags":[],"class_list":["post-5277","post","type-post","status-publish","format-standard","hentry","category-ordenanza","category-ordenanzas-2019","category-poder-legislativo"],"_links":{"self":[{"href":"https:\/\/hcdvillademerlo.com\/index.php\/wp-json\/wp\/v2\/posts\/5277","targetHints":{"allow":["GET"]}}],"collection":[{"href":"https:\/\/hcdvillademerlo.com\/index.php\/wp-json\/wp\/v2\/posts"}],"about":[{"href":"https:\/\/hcdvillademerlo.com\/index.php\/wp-json\/wp\/v2\/types\/post"}],"author":[{"embeddable":true,"href":"https:\/\/hcdvillademerlo.com\/index.php\/wp-json\/wp\/v2\/users\/1"}],"replies":[{"embeddable":true,"href":"https:\/\/hcdvillademerlo.com\/index.php\/wp-json\/wp\/v2\/comments?post=5277"}],"version-history":[{"count":1,"href":"https:\/\/hcdvillademerlo.com\/index.php\/wp-json\/wp\/v2\/posts\/5277\/revisions"}],"predecessor-version":[{"id":5278,"href":"https:\/\/hcdvillademerlo.com\/index.php\/wp-json\/wp\/v2\/posts\/5277\/revisions\/5278"}],"wp:attachment":[{"href":"https:\/\/hcdvillademerlo.com\/index.php\/wp-json\/wp\/v2\/media?parent=5277"}],"wp:term":[{"taxonomy":"category","embeddable":true,"href":"https:\/\/hcdvillademerlo.com\/index.php\/wp-json\/wp\/v2\/categories?post=5277"},{"taxonomy":"post_tag","embeddable":true,"href":"https:\/\/hcdvillademerlo.com\/index.php\/wp-json\/wp\/v2\/tags?post=5277"}],"curies":[{"name":"wp","href":"https:\/\/api.w.org\/{rel}","templated":true}]}}