{"id":5275,"date":"2021-03-04T12:45:14","date_gmt":"2021-03-04T15:45:14","guid":{"rendered":"https:\/\/hcdvillademerlo.com\/?p=5275"},"modified":"2021-09-21T12:20:02","modified_gmt":"2021-09-21T15:20:02","slug":"ordenanza-n-vii-0898-hcd-2019-ordenanza-tarifas-de-taxis","status":"publish","type":"post","link":"https:\/\/hcdvillademerlo.com\/index.php\/2021\/03\/04\/ordenanza-n-vii-0898-hcd-2019-ordenanza-tarifas-de-taxis\/","title":{"rendered":"ORDENANZA N\u00b0 VII- 0898-HCD-2019: ORDENANZA TARIFAS DE TAXIS"},"content":{"rendered":"\n<p>Villa de Merlo, (San Luis), 12 de diciembre de 2019 <strong><u>&nbsp;<\/u><\/strong><\/p>\n\n\n\n<p><strong><u>ORDENANZA N\u00b0 VII- 0898-HCD-2019<\/u><\/strong><\/p>\n\n\n\n<p><strong><u>VISTO:<\/u><\/strong><\/p>\n\n\n\n<p>La presentaci\u00f3n efectuada por la Asociaci\u00f3n de Propietarios de Taxis de la Villa de Merlo (S.L.); y:<\/p>\n\n\n\n<p><strong><u>CONSIDERANDO:<\/u><\/strong><\/p>\n\n\n\n<p>Que a trav\u00e9s de la misma, (que obra ingresada a \u00e9ste Cuerpo como Nota Recibida N\u00ba 704-HCD-2019, con fecha 13.11.2019), los taxistas de nuestra Villa a trav\u00e9s de la Asociaci\u00f3n de Taxis, solicitan un incremento de tarifas, por el aumento que a su vez han tenido de sus insumos indispensables.-<\/p>\n\n\n\n<p>Que proponen mantener el mismo valor para bajada de bandera y aplicar un m\u00ednimo incremento en el valor de las fichas.-<\/p>\n\n\n\n<p>Que tratado el tema en la Comisi\u00f3n respectiva de \u00e9ste H.C.D., se resolvi\u00f3 que no se pueden desconocer los aumentos producidos del costo de vida, (especialmente en los combustibles) debiendo tener en cuenta que el \u00faltimo incremento otorgado a este sector, data del d\u00eda 28 de Agosto del a\u00f1o 2019, mediante Ordenanza N\u00ba VII-0887-HCD-2019.-<\/p>\n\n\n\n<p>Que por todo ello se dispone conforme a continuaci\u00f3n se establece. &#8211;<\/p>\n\n\n\n<p><strong>POR TODO LO EXPUESTO, ESTE HONORABLE CONCEJO DELIBERANTE DE LA CIUDAD VILLA DE MERLO, SAN LUIS, EN USO DE LAS ATRIBUCIONES Y FACULTADES QUE LE CONFIERE LA LEY SANCIONA LA SIGUIENTE:<\/strong><\/p>\n\n\n\n<p><strong><u>ORDENANZA<\/u><\/strong><\/p>\n\n\n\n<p><strong><u>ARTICULO 1\u00ba<\/u><\/strong><strong>: AUTORIZAR, <\/strong>el siguiente Cuadro de Tarifas a aplicar por los prestadores del Servicio de Taxis de nuestra Ciudad:<\/p>\n\n\n\n<p><strong><u>EN ZONA URBANA<\/u><\/strong><strong>:<\/strong><\/p>\n\n\n\n<ul class=\"wp-block-list\"><li><strong><u>BAJADA DE BANDERA<\/u><\/strong>: $ 45,00.- (cuarenta y cinco pesos), hasta los 100 metros recorridos. &#8211;<\/li><li><strong><u>CAIDA DE FICHAS (ZONA URBANA)<\/u><\/strong>: $3,50.- (tres pesos con cincuenta centavos), por cada 100 m. (cien metros), que se registren luego de los 100 metros iniciales. &#8211;<\/li><\/ul>\n\n\n\n<p><strong><u>EN RUTA<\/u><\/strong><strong>:<\/strong><\/p>\n\n\n\n<ul class=\"wp-block-list\"><li><strong><u>BAJADA DE BANDERA<\/u><\/strong>: $45,00.- (cuarenta y cinco pesos).-<\/li><li><strong><u>CAIDA DE FICHAS<\/u><\/strong>: $2,50.- (dos pesos con cincuenta cvos.), por cada 100 m. (cien metros), que se registren luego de los 100 metros iniciales.-&nbsp;<\/li><\/ul>\n\n\n\n<p><strong><u>HORA DE ESPERA<\/u><\/strong><strong>: ESTABLECER, <\/strong>que el valor del rubro-servicio \u201cHORA DE ESPERA\u201d, se fija en el valor de 120 fichas, seg\u00fan la zona correspondiente (urbana o en ruta).-<\/p>\n\n\n\n<p><strong><u>ARTICULO 2\u00ba<\/u><\/strong><strong>: DEROGAR, <\/strong>en todas sus partes la Ordenanza N\u00ba VII-0887-HCD-2019, de fecha 28 de Agosto de 2019.-<\/p>\n\n\n\n<p><strong><u>ARTICULO 3\u00ba<\/u>: <\/strong><strong>APLICAR <\/strong>en el caso, lo normado por el Art\u00edculo 1\u00ba de la Ordenanza N\u00ba 1159-HCD-2009.-<\/p>\n\n\n\n<p><strong><u>ARTICULO 4\u00ba: <\/u><\/strong><strong>COMUNIQUESE, NOTIFIQUESE, PUBLIQUESE, REGISTRESE Y OPORTUNAMENTE ARCHIVESE.-<\/strong><\/p>\n","protected":false},"excerpt":{"rendered":"<p>Villa de Merlo, (San Luis), 12 de diciembre de 2019 &nbsp; ORDENANZA N\u00b0 VII- 0898-HCD-2019 VISTO: La presentaci\u00f3n efectuada por la Asociaci\u00f3n de Propietarios de Taxis de la Villa de Merlo (S.L.); y: CONSIDERANDO: Que a trav\u00e9s de la misma, (que obra ingresada a \u00e9ste Cuerpo como Nota Recibida N\u00ba 704-HCD-2019, con fecha 13.11.2019), los<\/p><\/div>\n<div class=\"blog-btn\"><a href=\"https:\/\/hcdvillademerlo.com\/index.php\/2021\/03\/04\/ordenanza-n-vii-0898-hcd-2019-ordenanza-tarifas-de-taxis\/\" class=\"home-blog-btn\">Leer m\u00e1s<\/a><\/p>\n","protected":false},"author":1,"featured_media":0,"comment_status":"closed","ping_status":"closed","sticky":false,"template":"","format":"standard","meta":{"footnotes":""},"categories":[20,8,292],"tags":[],"class_list":["post-5275","post","type-post","status-publish","format-standard","hentry","category-hacienda","category-ordenanza","category-ordenanzas-2019"],"_links":{"self":[{"href":"https:\/\/hcdvillademerlo.com\/index.php\/wp-json\/wp\/v2\/posts\/5275","targetHints":{"allow":["GET"]}}],"collection":[{"href":"https:\/\/hcdvillademerlo.com\/index.php\/wp-json\/wp\/v2\/posts"}],"about":[{"href":"https:\/\/hcdvillademerlo.com\/index.php\/wp-json\/wp\/v2\/types\/post"}],"author":[{"embeddable":true,"href":"https:\/\/hcdvillademerlo.com\/index.php\/wp-json\/wp\/v2\/users\/1"}],"replies":[{"embeddable":true,"href":"https:\/\/hcdvillademerlo.com\/index.php\/wp-json\/wp\/v2\/comments?post=5275"}],"version-history":[{"count":1,"href":"https:\/\/hcdvillademerlo.com\/index.php\/wp-json\/wp\/v2\/posts\/5275\/revisions"}],"predecessor-version":[{"id":5276,"href":"https:\/\/hcdvillademerlo.com\/index.php\/wp-json\/wp\/v2\/posts\/5275\/revisions\/5276"}],"wp:attachment":[{"href":"https:\/\/hcdvillademerlo.com\/index.php\/wp-json\/wp\/v2\/media?parent=5275"}],"wp:term":[{"taxonomy":"category","embeddable":true,"href":"https:\/\/hcdvillademerlo.com\/index.php\/wp-json\/wp\/v2\/categories?post=5275"},{"taxonomy":"post_tag","embeddable":true,"href":"https:\/\/hcdvillademerlo.com\/index.php\/wp-json\/wp\/v2\/tags?post=5275"}],"curies":[{"name":"wp","href":"https:\/\/api.w.org\/{rel}","templated":true}]}}