{"id":5270,"date":"2021-03-04T12:30:09","date_gmt":"2021-03-04T15:30:09","guid":{"rendered":"https:\/\/hcdvillademerlo.com\/?p=5270"},"modified":"2021-09-21T12:20:16","modified_gmt":"2021-09-21T15:20:16","slug":"ordenanza-n-ii-0896-hcd-2019-ordenanza-tea","status":"publish","type":"post","link":"https:\/\/hcdvillademerlo.com\/index.php\/2021\/03\/04\/ordenanza-n-ii-0896-hcd-2019-ordenanza-tea\/","title":{"rendered":"ORDENANZA N\u00b0 II-0896-HCD-2019: ORDENANZA TEA"},"content":{"rendered":"\n<p>Villa de Merlo, (San Luis), 21 de Noviembre de 2019.-<\/p>\n\n\n\n<p><strong><u>ORDENANZA N\u00b0 II-0896-HCD-2019<\/u><\/strong><\/p>\n\n\n\n<p><strong><u>VISTO:<\/u><\/strong><\/p>\n\n\n\n<p>&nbsp;&nbsp;&nbsp;&nbsp;&nbsp;&nbsp;&nbsp;&nbsp;&nbsp;&nbsp;&nbsp;&nbsp;&nbsp;&nbsp;&nbsp;&nbsp;&nbsp;&nbsp;&nbsp;&nbsp;&nbsp;&nbsp;&nbsp;&nbsp;&nbsp;&nbsp;&nbsp;&nbsp;&nbsp;&nbsp;&nbsp;&nbsp;&nbsp;&nbsp; La Ley Nacional N\u00b0 27.043 de abordaje integral e interdisciplinario de personas que presentan Trastornos del Espectro Autista (TEA); la Ley Provincial N\u00b0 III-0990-2018 sobre Sistemas de Inclusi\u00f3n de personas con autismo (TEA); el Proyecto de Ordenanza presentado por el Bloque de Concejales del Justicialismo de este H.C.D., mediante el ingreso de la Nota Recibida N\u00b0 160-HCD-2019, con fecha 23 de Abril de 2019; y:<\/p>\n\n\n\n<p><strong><u>CONSIDERANDO:<\/u><\/strong><\/p>\n\n\n\n<p>Que las legislaciones mencionadas en el visto de la presente hacen referencia a la implementaci\u00f3n de pol\u00edticas p\u00fablicas que favorezcan la detecci\u00f3n precoz del Trastorno del Espectro Autista (TEA) y su posterior abordaje y concientizaci\u00f3n.<\/p>\n\n\n\n<p>Que la Asamblea General de las Naciones Unidas en Diciembre de 2007 design\u00f3 el D\u00eda 2 de Abril como D\u00eda Mundial de la Concientizaci\u00f3n sobre el Autismo.<\/p>\n\n\n\n<p>Que seg\u00fan la Organizaci\u00f3n Mundial de la Salud (OMS), el TEA es un grupo de afecciones caracterizadas por alg\u00fan grado de alteraci\u00f3n del comportamiento social, la comunicaci\u00f3n y el lenguaje, y por un repertorio de intereses y actividades restringido, estereotipado y repetitivo.<\/p>\n\n\n\n<p>Que el TEA suele manifestarse en los primeros 5 a\u00f1os de vida, con una estad\u00edstica actual de 1 cada 59 ni\u00f1os, lo que hace necesario su estudio y diagn\u00f3stico temprano. A su vez, es importante comprender este trastorno en su complejidad, ya que cada caso puede variar, implicando casos de d\u00e9ficit de atenci\u00f3n, hiperactividad hasta grandes aptitudes cognitivas.<\/p>\n\n\n\n<p>Que la intervenci\u00f3n en la primera infancia es muy importante para optimizar el desarrollo y bienestar de las personas con&nbsp; TEA. Se recomienda incluir el seguimiento del desarrollo infantil en la atenci\u00f3n sistem\u00e1tica a la salud de la madre y el ni\u00f1o. Teniendo en cuenta la complejidad del cuadro, las intervenciones psicosociales pueden reducir las dificultades de comunicaci\u00f3n y comportamiento social, y tener un impacto positivo en la calidad de vida y el bienestar de la persona y la familia.<\/p>\n\n\n\n<p>Que el aumento en la incidencia de las personas con TEA es una preocupaci\u00f3n mundial en los \u00e1mbitos cient\u00edficos, y particularmente en Argentina no se cuentan con las estad\u00edsticas adecuadas que nos permitan conocer el contexto en el cual estamos insertos.<\/p>\n\n\n\n<p>Que existen cuestionarios y test que si bien no son determinantes para el diagn\u00f3stico, son orientativos para el trabajo con la ni\u00f1ez.<\/p>\n\n\n\n<p>Que las personas con TEA tienen derecho a disfrutar una vida plena y digna, gozando de todos sus derechos y libertades en condiciones que aseguren su dignidad, fomenten su autonom\u00eda y faciliten su participaci\u00f3n activa en la comunidad.<\/p>\n\n\n\n<p>Que en base a lo anterior, actualmente las personas con TEA suelen sufrir distintos tipos de discriminaci\u00f3n y estigmatizaci\u00f3n, con lo cual es crucial concientizar a toda la poblaci\u00f3n, de modo que comprendan de modo integral este trastorno, y puedan gozar plenamente sus derechos en igualdad de condiciones con su entorno.<\/p>\n\n\n\n<p>Que seg\u00fan las legislaciones nacionales y provinciales sobre el TEA, es importante que el Estado tenga un rol activo en esta problem\u00e1tica de modo de planificar la correcta capacitaci\u00f3n de los recursos humanos, fijar procedimientos de diagn\u00f3stico acordes y el seguimiento estad\u00edstico pertinente para darle el abordaje integral necesario.&nbsp;&nbsp;&nbsp;&nbsp;&nbsp;&nbsp;&nbsp;&nbsp;&nbsp;&nbsp;&nbsp;&nbsp;&nbsp;&nbsp;&nbsp;&nbsp;&nbsp;&nbsp;&nbsp;&nbsp;&nbsp;&nbsp;&nbsp;&nbsp;<\/p>\n\n\n\n<p>Que la Ley Provincial N\u00b0 III-0990-2018 en su Art\u00edculo 18\u00b0 invita a los municipios a adherir a la ley, creando en los \u00e1mbitos de competencia municipal los organismos y programas de protecci\u00f3n de las personas afectadas por el TEA.<\/p>\n\n\n\n<p>Que la Ordenanza N\u00b0 I &#8211; 0504- HCD-2012 crea en la Villa de Merlo el Consejo Municipal de Discapacidad (CO.MU.DI) cuyo objetivo primordial es el trabajo en conjunto con la comunidad para mejorar la calidad de vida de las personas con discapacidad.<\/p>\n\n\n\n<p>Que la Ordenanza N\u00b0523-HCD-1993 crea el Centro de Educaci\u00f3n Especial MIRLO, la cual es una Instituci\u00f3n Educativa Municipal de gran reconocimiento por toda nuestra comunidad, y que es por lo tanto un centro de recursos de referencia para el Estado Municipal, a la hora de abordar pol\u00edticas p\u00fablicas en relaci\u00f3n al TEA.<\/p>\n\n\n\n<p>Que en el tratamiento de \u00e9sta Ordenanza el H.C.D. convoc\u00f3 tambi\u00e9n al Centro de Educaci\u00f3n Especial MIRLO a reuni\u00f3n de Comisi\u00f3n que se realiz\u00f3 el d\u00eda 06.11.2019, con quienes se consensu\u00f3 la misma.-<\/p>\n\n\n\n<p>Que por todo ello se dispone conforme a continuaci\u00f3n se resuelve.-<\/p>\n\n\n\n<p><strong>POR TODO LO EXPUESTO, EL HONORABLE CONCEJO DELIBERANTE DE LA CIUDAD VILLA DE MERLO (SAN LUIS), EN USO DE LAS ATRIBUCIONES Y FACULTADES QUE LE CONFIERE LA LEY SANCIONA LA SIGUIENTE:<\/strong><\/p>\n\n\n\n<p><strong><u>ORDENANZA<\/u><\/strong><\/p>\n\n\n\n<p><strong><u>ART\u00cdCULO 1\u00b0<\/u><\/strong><strong>: &nbsp;ADHIERASE <\/strong>el Municipio de la Villa de Merloa la Ley Provincial N\u00b0 III-0990-2018 de \u201cSistema de inclusi\u00f3n y abordaje integral de personas con Trastornos de Espectro Autista (TEA)\u201d.<\/p>\n\n\n\n<p><strong><u>ARTICULO 2\u00b0:<\/u><\/strong> <strong>CREASE<\/strong> en la Ciudad Villa de Merlo el \u201cPrograma Municipal de Detecci\u00f3n Temprana de Personas con Trastorno de Espectro Autista (TEA)\u201d.<\/p>\n\n\n\n<p><strong><u>ART\u00cdCULO 3\u00b0:<\/u><\/strong> Los objetivos del \u201cPrograma Municipal de Detecci\u00f3n Temprana de Personas con Trastorno de Espectro Autista (TEA)\u201d son los siguientes:<\/p>\n\n\n\n<ol class=\"wp-block-list\" type=\"a\"><li>Promover la detecci\u00f3n temprana y precoz de personas con Trastorno del Espectro Autista (TEA).<\/li><li>Implementar y difundir el Protocolo Unificado de Prevenci\u00f3n, Detecci\u00f3n Precoz y Tratamiento de Trastornos de Espectro Autista (TEA), seg\u00fan lo normado en la Ley Provincial N\u00b0 III-0990-2018.<\/li><li>Elaborar un registro estad\u00edstico local de personas con TEA.<\/li><li>Capacitar a todos los integrantes del equipo de Salud y Educaci\u00f3n municipal en la tem\u00e1tica.<\/li><li>Difundir y concientizar a la poblaci\u00f3n local sobre el TEA, realizando un mayor \u00e9nfasis en el desarrollo infantil y la necesidad de controles en la ni\u00f1ez.<\/li><li>Capacitar a docentes, cuidadores de guarder\u00edas, miembros del equipo del Jard\u00edn Maternal Municipal y del Centro de Educaci\u00f3n Especial MIRLO en la detecci\u00f3n temprana del TEA, en conjunto con el equipo de salud del Gobierno de la Provincia de San Luis.<\/li><li>Realizar jornadas de trabajo y sensibilizaci\u00f3n, de modo de lograr una correcta reglamentaci\u00f3n e implementaci\u00f3n de esta norma en nuestra ciudad, insertando la tem\u00e1tica en la agenda del Consejo Municipal de Discapacidad (COMUDI).<\/li><\/ol>\n\n\n\n<p><strong><u>ART\u00cdCULO 4\u00b0:<\/u><\/strong> <strong>FACULTASE<\/strong> al Departamento Ejecutivo Municipal para que realice convenios con colegios profesionales, universidades, sociedades cient\u00edficas y ONG con el fin de seguir investigando y ampliando las intervenciones en la comunidad sobre TEA.<\/p>\n\n\n\n<p><strong><u>ARTICULO 5\u00b0:<\/u><\/strong> La Autoridad de Aplicaci\u00f3n de la presente Ordenanza ser\u00e1 la Secretaria de Desarrollo Humano y Social, o dependencia que en el futuro la reemplace.<\/p>\n\n\n\n<p><strong><u>ART\u00cdCULO 6\u00b0:<\/u><\/strong> <strong>DECLARESE<\/strong> de Inter\u00e9s Municipal el d\u00eda 2 de Abril \u201cD\u00eda Mundial de la Concientizaci\u00f3n sobre el Autismo\u201d, de acuerdo a la Resoluci\u00f3n adoptada por la Organizaci\u00f3n de las Naciones Unidas (ONU) Res N\u00b0 62\/139.<\/p>\n\n\n\n<p><strong><u>ART\u00cdCULO 7\u00b0:<\/u><\/strong><strong> (DISPOSICION TRANSITORIA). INSTRUIR AL D.E.M.,<\/strong> a convocar a profesionales del Centro de Educaci\u00f3n Especial MIRLO y privados, familiares y vecinos en general interesados, a fin de consensuar su reglamentaci\u00f3n.-<\/p>\n\n\n\n<p><strong><u>ARTICULO 8\u00b0<\/u><\/strong><strong>: <\/strong><strong>COMUNIQUESE, NOTIFIQUESE, PUBLIQUESE, REGISTRESE Y OPORTUNAMENTE ARCHIVESE.-<\/strong><strong><u><\/u><\/strong><\/p>\n","protected":false},"excerpt":{"rendered":"<p>Villa de Merlo, (San Luis), 21 de Noviembre de 2019.- ORDENANZA N\u00b0 II-0896-HCD-2019 VISTO: &nbsp;&nbsp;&nbsp;&nbsp;&nbsp;&nbsp;&nbsp;&nbsp;&nbsp;&nbsp;&nbsp;&nbsp;&nbsp;&nbsp;&nbsp;&nbsp;&nbsp;&nbsp;&nbsp;&nbsp;&nbsp;&nbsp;&nbsp;&nbsp;&nbsp;&nbsp;&nbsp;&nbsp;&nbsp;&nbsp;&nbsp;&nbsp;&nbsp;&nbsp; La Ley Nacional N\u00b0 27.043 de abordaje integral e interdisciplinario de personas que presentan Trastornos del Espectro Autista (TEA); la Ley Provincial N\u00b0 III-0990-2018 sobre Sistemas de Inclusi\u00f3n de personas con autismo (TEA); el Proyecto de Ordenanza presentado por el<\/p><\/div>\n<div class=\"blog-btn\"><a href=\"https:\/\/hcdvillademerlo.com\/index.php\/2021\/03\/04\/ordenanza-n-ii-0896-hcd-2019-ordenanza-tea\/\" class=\"home-blog-btn\">Leer m\u00e1s<\/a><\/p>\n","protected":false},"author":1,"featured_media":0,"comment_status":"closed","ping_status":"closed","sticky":false,"template":"","format":"standard","meta":{"footnotes":""},"categories":[8,292,14],"tags":[],"class_list":["post-5270","post","type-post","status-publish","format-standard","hentry","category-ordenanza","category-ordenanzas-2019","category-salud"],"_links":{"self":[{"href":"https:\/\/hcdvillademerlo.com\/index.php\/wp-json\/wp\/v2\/posts\/5270","targetHints":{"allow":["GET"]}}],"collection":[{"href":"https:\/\/hcdvillademerlo.com\/index.php\/wp-json\/wp\/v2\/posts"}],"about":[{"href":"https:\/\/hcdvillademerlo.com\/index.php\/wp-json\/wp\/v2\/types\/post"}],"author":[{"embeddable":true,"href":"https:\/\/hcdvillademerlo.com\/index.php\/wp-json\/wp\/v2\/users\/1"}],"replies":[{"embeddable":true,"href":"https:\/\/hcdvillademerlo.com\/index.php\/wp-json\/wp\/v2\/comments?post=5270"}],"version-history":[{"count":1,"href":"https:\/\/hcdvillademerlo.com\/index.php\/wp-json\/wp\/v2\/posts\/5270\/revisions"}],"predecessor-version":[{"id":5271,"href":"https:\/\/hcdvillademerlo.com\/index.php\/wp-json\/wp\/v2\/posts\/5270\/revisions\/5271"}],"wp:attachment":[{"href":"https:\/\/hcdvillademerlo.com\/index.php\/wp-json\/wp\/v2\/media?parent=5270"}],"wp:term":[{"taxonomy":"category","embeddable":true,"href":"https:\/\/hcdvillademerlo.com\/index.php\/wp-json\/wp\/v2\/categories?post=5270"},{"taxonomy":"post_tag","embeddable":true,"href":"https:\/\/hcdvillademerlo.com\/index.php\/wp-json\/wp\/v2\/tags?post=5270"}],"curies":[{"name":"wp","href":"https:\/\/api.w.org\/{rel}","templated":true}]}}