{"id":5264,"date":"2021-03-04T12:25:42","date_gmt":"2021-03-04T15:25:42","guid":{"rendered":"https:\/\/hcdvillademerlo.com\/?p=5264"},"modified":"2021-09-21T12:20:36","modified_gmt":"2021-09-21T15:20:36","slug":"ordenanza-n-viii-0894-hcd-2019-damiana-vega","status":"publish","type":"post","link":"https:\/\/hcdvillademerlo.com\/index.php\/2021\/03\/04\/ordenanza-n-viii-0894-hcd-2019-damiana-vega\/","title":{"rendered":"ORDENANZA N\u00b0 VIII- 0894-HCD-2019: DAMIANA VEGA"},"content":{"rendered":"\n<p>Villa de Merlo, (San Luis), 07 de Noviembre de 2019.-<\/p>\n\n\n\n<p><strong><u>ORDENANZA N\u00b0 VIII- 0894-HCD-2019<\/u><\/strong><\/p>\n\n\n\n<p><strong><u>VISTO:&nbsp;<\/u><\/strong><\/p>\n\n\n\n<p>Los numerosos pedidos ingresados a este Honorable Concejo Deliberante por parte de vecinos de Cerro de Oro solicitando la designaci\u00f3n de Calle P\u00fablica de la ya conocida como \u201cCircuito Damiana Vega\u201d; y:<\/p>\n\n\n\n<p><strong><u>CONSIDERANDO:<\/u><\/strong><\/p>\n\n\n\n<p>Que obra pedido del Concejo que data del a\u00f1o 1985 al entonces Juez de Paz, por cerramiento realizado por privados de la arteria en cuesti\u00f3n, lo que motiv\u00f3 que el Juzgado de Feria (Penal y Correccional de Concar\u00e1n, San Luis, a cargo en esa fecha del Juez Guillermo Alfredo Gatica), dictara con fecha 03 de Enero del a\u00f1o 1986, Resoluci\u00f3n Judicial que orden\u00f3 su reapertura, denomin\u00e1ndola como Calle P\u00fcblica \u201cCuesta del Tren\u201d. Ello en la causa que se caratul\u00f3: \u201cJUEZ DE PAZ DE MERLO (S.L.), ELEVA ACTUACIONES POR QUEJA VECINAL SOBRE CERRAMIENTO DE CAMINO PUBLICO\u201d, tramitada por ante el Juzgado Civil de la localidad de Concar\u00e1n, San Luis.-<\/p>\n\n\n\n<p>Que m\u00e1s tarde se dicta la Ordenanza N\u00b0 499\/1992, homologando la precitada Resoluci\u00f3n Judicial estableciendo que la mencionada arteria es Calle P\u00fablica con dos denominaciones \u201cCuesta del Tren\u201d, en su nacimiento desde el Camino a Cerro de Oro hacia el este&nbsp; y su continuaci\u00f3n por el \u201cCircuito Damiana Vega\u201d.-<\/p>\n\n\n\n<p>Que en el a\u00f1o 2000 se sanciona la Ordenanza N\u00b0 745\/2000, la que le asigna uso tur\u00edstico al \u201cCamino Damiana Vega\u201d.-<\/p>\n\n\n\n<p>Que con fecha 05.02.2016, ingresa la Nota Recibida N\u00b0 004\/2016, con pedido de que se sancione una norma respaldatoria de la Resoluci\u00f3n Judicial a la que se hizo referencia en el primer considerando de la presente, de parte de un vecino del Calaguala Sr. Ra\u00fal Zarco.-<\/p>\n\n\n\n<p>Que luego ingres\u00f3 la Nota Recibida N\u00b0 032\/2016, del Sr. Jorge Klein, vecino de Cerro de Oro, pidiendo lo mismo en relaci\u00f3n a la Ordenanza N\u00b0 499\/1992.-<\/p>\n\n\n\n<p>&nbsp;&nbsp;&nbsp;&nbsp;&nbsp;&nbsp;&nbsp;&nbsp;&nbsp;&nbsp;&nbsp;&nbsp;&nbsp;&nbsp;&nbsp;&nbsp;&nbsp;&nbsp;&nbsp;&nbsp;&nbsp;&nbsp;&nbsp;&nbsp;&nbsp;&nbsp;&nbsp;&nbsp;&nbsp;&nbsp;&nbsp;&nbsp; Que con fecha 02.10.2013, el Concejo dicta la Resoluci\u00f3n N\u00b0 1297\/2013, dando factibilidad para luz el\u00e9ctrica al Sr. Roberto La Rivera, y all\u00ed la calle p\u00fablica se denomina \u201cCircuito Damiana Vega\u201d.-<\/p>\n\n\n\n<p>&nbsp;&nbsp; &nbsp;&nbsp;&nbsp;&nbsp;&nbsp;&nbsp;&nbsp;&nbsp;&nbsp;&nbsp;&nbsp;&nbsp;&nbsp;&nbsp;&nbsp;&nbsp;&nbsp;&nbsp;&nbsp;&nbsp;&nbsp;&nbsp;&nbsp;&nbsp;&nbsp;&nbsp;&nbsp;&nbsp;&nbsp;&nbsp;&nbsp;Que con fecha 05.06.2018, se sanciona la Ordenanza N\u00b0 VI-0825-HCD-2018, donde se dispone que uno de los senderos tur\u00edsticos es el \u201cCamino a Damiana Vega\u201d.-<\/p>\n\n\n\n<p>&nbsp;&nbsp;&nbsp;&nbsp;&nbsp;&nbsp;&nbsp;&nbsp;&nbsp;&nbsp;&nbsp;&nbsp;&nbsp;&nbsp;&nbsp;&nbsp;&nbsp;&nbsp;&nbsp;&nbsp;&nbsp;&nbsp;&nbsp;&nbsp;&nbsp;&nbsp;&nbsp;&nbsp;&nbsp;&nbsp;&nbsp;&nbsp;&nbsp; Que con fecha 20.09.2019, ingresa la Nota Recibida N\u00b0 546\/2019, de los vecinos Andr\u00e9s Busto y otros, con numerosas firmas, quienes piden se dicte nueva norma ratificatoria de la Ordenanza N\u00b0 499\/1992, y que la arteria sea ratificada como calle p\u00fablica.-<\/p>\n\n\n\n<p>Que con fecha 01.10.2019, ingresa la Nota Recibida N\u00b0 578\/2019, donde la Direcci\u00f3n de Catastro Municipal, dice que la calle se denomina \u201cDamiana Vega\u201d y que en la Ordenanza 0825, existe como \u201cSendero Damiana Vega\u201d.-<\/p>\n\n\n\n<p>Que con fecha 17.10.2019, ingresa informe de Secretar\u00eda Legal de este Concejo.-<\/p>\n\n\n\n<p>Que por todo ello se dispone conforme se expresa a continuaci\u00f3n.-<\/p>\n\n\n\n<p><strong>POR TODO LO EXPUESTO, ESTE HONORABLE CONCEJO DELIBERANTE DE LA CIUDAD VILLA DE MERLO, SAN LUIS, EN USO DE LAS ATRIBUCIONES Y FACULTADES QUE LE CONFIERE LA LEY SANCIONA LA SIGUIENTE:<\/strong><\/p>\n\n\n\n<p><strong><u>ORDENANZA<\/u><\/strong><\/p>\n\n\n\n<p><strong><u>ARTICULO 1\u00ba<\/u><\/strong><strong>: DESIGNAR <\/strong>con el nombre: <strong>\u201cCIRCUITO DAMIANA VEGA\u201d<\/strong> a la Calle P\u00fablica que nace desde el Camino al Cerro, de Cerro de Oro, hacia el Este, siendo el l\u00edmite Norte del Parque Calaguala, hasta su salida a la Ruta Provincial N\u00b0 5, en el Rinc\u00f3n del Este, &nbsp;de nuestra Villa de Merlo, Provincia de San Luis.-<\/p>\n\n\n\n<p><strong><u>ARTICULO 2\u00ba<\/u><\/strong><strong>: ORDENAR,<\/strong> la incorporaci\u00f3n del nombre designado precedentemente en el Nomenclador de Calles Municipal (Ordenanza N\u00ba VIII-0489-HCD-2012.-<\/p>\n\n\n\n<p><strong><u>ARTICULO 3\u00ba<\/u>: <\/strong><strong>COMUNIQUESE, NOTIFIQUESE, PUBLIQUESE, REGISTRESE Y OPORTUNAMENTE ARCHIVESE.-<\/strong><\/p>\n","protected":false},"excerpt":{"rendered":"<p>Villa de Merlo, (San Luis), 07 de Noviembre de 2019.- ORDENANZA N\u00b0 VIII- 0894-HCD-2019 VISTO:&nbsp; Los numerosos pedidos ingresados a este Honorable Concejo Deliberante por parte de vecinos de Cerro de Oro solicitando la designaci\u00f3n de Calle P\u00fablica de la ya conocida como \u201cCircuito Damiana Vega\u201d; y: CONSIDERANDO: Que obra pedido del Concejo que data<\/p><\/div>\n<div class=\"blog-btn\"><a href=\"https:\/\/hcdvillademerlo.com\/index.php\/2021\/03\/04\/ordenanza-n-viii-0894-hcd-2019-damiana-vega\/\" class=\"home-blog-btn\">Leer m\u00e1s<\/a><\/p>\n","protected":false},"author":1,"featured_media":0,"comment_status":"closed","ping_status":"closed","sticky":false,"template":"","format":"standard","meta":{"footnotes":""},"categories":[8,292,9],"tags":[],"class_list":["post-5264","post","type-post","status-publish","format-standard","hentry","category-ordenanza","category-ordenanzas-2019","category-planeamiento-urbano"],"_links":{"self":[{"href":"https:\/\/hcdvillademerlo.com\/index.php\/wp-json\/wp\/v2\/posts\/5264","targetHints":{"allow":["GET"]}}],"collection":[{"href":"https:\/\/hcdvillademerlo.com\/index.php\/wp-json\/wp\/v2\/posts"}],"about":[{"href":"https:\/\/hcdvillademerlo.com\/index.php\/wp-json\/wp\/v2\/types\/post"}],"author":[{"embeddable":true,"href":"https:\/\/hcdvillademerlo.com\/index.php\/wp-json\/wp\/v2\/users\/1"}],"replies":[{"embeddable":true,"href":"https:\/\/hcdvillademerlo.com\/index.php\/wp-json\/wp\/v2\/comments?post=5264"}],"version-history":[{"count":1,"href":"https:\/\/hcdvillademerlo.com\/index.php\/wp-json\/wp\/v2\/posts\/5264\/revisions"}],"predecessor-version":[{"id":5265,"href":"https:\/\/hcdvillademerlo.com\/index.php\/wp-json\/wp\/v2\/posts\/5264\/revisions\/5265"}],"wp:attachment":[{"href":"https:\/\/hcdvillademerlo.com\/index.php\/wp-json\/wp\/v2\/media?parent=5264"}],"wp:term":[{"taxonomy":"category","embeddable":true,"href":"https:\/\/hcdvillademerlo.com\/index.php\/wp-json\/wp\/v2\/categories?post=5264"},{"taxonomy":"post_tag","embeddable":true,"href":"https:\/\/hcdvillademerlo.com\/index.php\/wp-json\/wp\/v2\/tags?post=5264"}],"curies":[{"name":"wp","href":"https:\/\/api.w.org\/{rel}","templated":true}]}}