{"id":522,"date":"2016-03-08T14:42:34","date_gmt":"2016-03-08T17:42:34","guid":{"rendered":"http:\/\/hcdvillademerlo.com.ar.j8a.com.ar\/?p=522"},"modified":"2016-03-08T14:42:34","modified_gmt":"2016-03-08T17:42:34","slug":"un-nino-un-arbol","status":"publish","type":"post","link":"https:\/\/hcdvillademerlo.com\/index.php\/2016\/03\/08\/un-nino-un-arbol\/","title":{"rendered":"UN NI\u00d1O UN ARBOL"},"content":{"rendered":"<h4><\/h4>\n<p style=\"text-align: right\">\u00a0\u00a0\u00a0\u00a0\u00a0\u00a0\u00a0\u00a0\u00a0\u00a0\u00a0\u00a0 \u00a0\u00a0\u00a0\u00a0\u00a0\u00a0\u00a0\u00a0\u00a0\u00a0\u00a0\u00a0\u00a0\u00a0\u00a0\u00a0\u00a0\u00a0\u00a0\u00a0\u00a0\u00a0\u00a0\u00a0\u00a0\u00a0\u00a0\u00a0\u00a0\u00a0\u00a0\u00a0\u00a0\u00a0\u00a0\u00a0\u00a0\u00a0Villa de Merlo (San Luis), 30 de junio de 1994.-<\/p>\n<p>&nbsp;<\/p>\n<p style=\"text-align: center\"><strong><u>ORDENANZA N\u00ba VI-0056-HCD-1994 (559)<\/u><\/strong><\/p>\n<p>&nbsp;<br \/>\n<strong><u>VISTO<\/u><\/strong><strong>:<\/strong><br \/>\nEl proyecto de ordenanza \u201cUN ARBOL \u2013 UN NI\u00d1O\u201d, presentado por la Bancada de la Uni\u00f3n C\u00edvica Radical; y:<br \/>\n&nbsp;<br \/>\n<strong><u>CONSIDERANDO<\/u><\/strong><strong>:<\/strong><br \/>\nQue las actividades programadas para adherirse a la celebraci\u00f3n del A\u00f1o Internacional de la Familia, proclamado por las Naciones Unidas, debe alcanzar todos los niveles, priorizando el provincial y el local.-<br \/>\nQue los planes relativos a la infancia deben atraer la m\u00e1s intensa atenci\u00f3n de los gobiernos.-<br \/>\nQue dichos planes deben propiciar a la implementaci\u00f3n de la \u201cDeclaraci\u00f3n de los Derechos del Ni\u00f1o\u201d, sobre supervivencia, protecci\u00f3n y desarrollo de los mismos.-<br \/>\nQue seg\u00fan la mencionada Declaraci\u00f3n \u201cEl ni\u00f1o tiene derecho en todas las circunstancias a figurar entre los primeros que reciben protecci\u00f3n y socorro\u201d.-<br \/>\nQue la indiscriminada explotaci\u00f3n de los recursos naturales contribuyen a causar desastres que perjudican, en primer lugar, a los m\u00e1s vulnerables: los ni\u00f1os.-<br \/>\nQue se hace necesario promover la preservaci\u00f3n de los recursos naturales para salvaguardar el medio en que los ni\u00f1os deber\u00e1n desarrollar su vida.-<br \/>\n&nbsp;<br \/>\n<strong>POR TODO ELLO EL HONORABLE CONCEJO DELIBERANTE DE MERLO, SAN LUIS, EN USO DE LAS ATRIBUCIONES QUE LE CONFIERE LA LEY, SANCIONA LA SIGUIENTE: <\/strong><br \/>\n&nbsp;<\/p>\n<p style=\"text-align: center\"><strong><u>ORDENANZA<\/u><\/strong><\/p>\n<p>&nbsp;<br \/>\n<strong>ART. 1) <\/strong>La Municipalidad de Merlo contribuir\u00e1 al desarrollo de la cultura ambientalista y a la conservaci\u00f3n de la naturaleza adoptando el programa \u201cUN NI\u00d1O \u2013 UN ARBOL\u201d, para lograr el engrandecimiento de su patrimonio arb\u00f3reo preservando el medio en el que deban desarrollarse y crecer los ni\u00f1os de la comunidad.-<br \/>\n<strong>ART. 2) <\/strong>A los efectos de poner en pr\u00e1ctica el programa a cada ni\u00f1o que nace le corresponde un \u00e1rbol que ser\u00e1 plantado en el \u00e1rea comunal.-<br \/>\n<strong>ART. 3) <\/strong>Cada \u00e1rbol plantado llevar\u00e1 una placa en la que se leer\u00e1 el nombre del ni\u00f1o reci\u00e9n nacido.-<br \/>\n<strong>ART. 4) <\/strong>La autoridad de aplicaci\u00f3n deber\u00e1 pedir informes al Registro Civil a fin de recabar los datos pertinentes a la ejecuci\u00f3n del programa.-<br \/>\n<strong>ART. 5) <\/strong>La presente Ordenanza deber\u00e1 ser difundida por los medios de comunicaci\u00f3n locales para mantener informada a la poblaci\u00f3n especialmente interesada.-<br \/>\n<strong>ART. 6) <\/strong>Comun\u00edquese, publ\u00edquese, reg\u00edstrese y arch\u00edvese.-<br \/>\n&nbsp;<br \/>\n&nbsp;<br \/>\nPresidente H.C.D.: Jorge H. Arias<br \/>\nSecretaria H.C.D.: Stella M. Herrero de Dulcich<br \/>\n&nbsp;<br \/>\n&nbsp;<br \/>\n&nbsp;<\/p>\n","protected":false},"excerpt":{"rendered":"<p>\u00a0\u00a0\u00a0\u00a0\u00a0\u00a0\u00a0\u00a0\u00a0\u00a0\u00a0\u00a0 \u00a0\u00a0\u00a0\u00a0\u00a0\u00a0\u00a0\u00a0\u00a0\u00a0\u00a0\u00a0\u00a0\u00a0\u00a0\u00a0\u00a0\u00a0\u00a0\u00a0\u00a0\u00a0\u00a0\u00a0\u00a0\u00a0\u00a0\u00a0\u00a0\u00a0\u00a0\u00a0\u00a0\u00a0\u00a0\u00a0\u00a0\u00a0Villa de Merlo (San Luis), 30 de junio de 1994.- &nbsp; ORDENANZA N\u00ba VI-0056-HCD-1994 (559) &nbsp; VISTO: El proyecto de ordenanza \u201cUN ARBOL \u2013 UN NI\u00d1O\u201d, presentado por la Bancada de la Uni\u00f3n C\u00edvica Radical; y: &nbsp; CONSIDERANDO: Que las actividades programadas para adherirse a la celebraci\u00f3n del A\u00f1o Internacional de la Familia, proclamado<\/p><\/div>\n<div class=\"blog-btn\"><a href=\"https:\/\/hcdvillademerlo.com\/index.php\/2016\/03\/08\/un-nino-un-arbol\/\" class=\"home-blog-btn\">Leer m\u00e1s<\/a><\/p>\n","protected":false},"author":1,"featured_media":0,"comment_status":"closed","ping_status":"open","sticky":false,"template":"","format":"standard","meta":{"footnotes":""},"categories":[21],"tags":[36,193],"class_list":["post-522","post","type-post","status-publish","format-standard","hentry","category-medio-ambiente","tag-arbol","tag-nino"],"_links":{"self":[{"href":"https:\/\/hcdvillademerlo.com\/index.php\/wp-json\/wp\/v2\/posts\/522","targetHints":{"allow":["GET"]}}],"collection":[{"href":"https:\/\/hcdvillademerlo.com\/index.php\/wp-json\/wp\/v2\/posts"}],"about":[{"href":"https:\/\/hcdvillademerlo.com\/index.php\/wp-json\/wp\/v2\/types\/post"}],"author":[{"embeddable":true,"href":"https:\/\/hcdvillademerlo.com\/index.php\/wp-json\/wp\/v2\/users\/1"}],"replies":[{"embeddable":true,"href":"https:\/\/hcdvillademerlo.com\/index.php\/wp-json\/wp\/v2\/comments?post=522"}],"version-history":[{"count":0,"href":"https:\/\/hcdvillademerlo.com\/index.php\/wp-json\/wp\/v2\/posts\/522\/revisions"}],"wp:attachment":[{"href":"https:\/\/hcdvillademerlo.com\/index.php\/wp-json\/wp\/v2\/media?parent=522"}],"wp:term":[{"taxonomy":"category","embeddable":true,"href":"https:\/\/hcdvillademerlo.com\/index.php\/wp-json\/wp\/v2\/categories?post=522"},{"taxonomy":"post_tag","embeddable":true,"href":"https:\/\/hcdvillademerlo.com\/index.php\/wp-json\/wp\/v2\/tags?post=522"}],"curies":[{"name":"wp","href":"https:\/\/api.w.org\/{rel}","templated":true}]}}