{"id":490,"date":"2016-03-08T13:41:18","date_gmt":"2016-03-08T16:41:18","guid":{"rendered":"http:\/\/hcdvillademerlo.com.ar.j8a.com.ar\/?p=490"},"modified":"2016-03-08T13:41:18","modified_gmt":"2016-03-08T16:41:18","slug":"modifica-ordenanza-10589-zonificacion-san-agustin","status":"publish","type":"post","link":"https:\/\/hcdvillademerlo.com\/index.php\/2016\/03\/08\/modifica-ordenanza-10589-zonificacion-san-agustin\/","title":{"rendered":"MODIFICA ORDENANZA 105\/89- ZONIFICACION SAN AGUSTIN"},"content":{"rendered":"<p style=\"text-align: right\">Merlo, (S.L.) 01 de Setiembre de 1993<\/p>\n<p>&nbsp;<\/p>\n<p style=\"text-align: center\"><strong><u>ORDENANZA N\u00ba 525-HCD-1993<\/u><\/strong><\/p>\n<p>&nbsp;<br \/>\n<strong><u>VISTO:<\/u><\/strong><br \/>\nEl encasillamiento determinado en la Ordenanza 105\/89, promulgada con fecha 06\/12\/89, donde se determina que el Barrio San Agust\u00edn debe estar comprendido en Zona Residencial \u201cR2\u201d, y;<br \/>\n<strong><u>CONSIDERANDO:<\/u><\/strong><br \/>\nQue seg\u00fan la planilla de usos, \u00e9sta zona R2 no flexibiliza la radicaci\u00f3n habitacional convirti\u00e9ndola por excelencia en un lugar habitacional.-<br \/>\nQue precisamente el Barrio San Agust\u00edn forma un conglomerado humano que se caracteriza esencialmente en aportar casi toda la mano de obra que Merlo ocupa.-<br \/>\nQue fuera de ello, dentro de los asentamientos del Barrio hay una serie de localizaciones artesanales de fabricaci\u00f3n o de servicios como: gomer\u00edas, talleres de herrer\u00eda art\u00edstica, soldaduras, elementos \u00a0vibrados para la construcci\u00f3n, peque\u00f1as industrias alimenticias, de costuras, etc., que el accionar del Barrio las ha necesitado y est\u00e1n en funcionamiento por imperio de las necesidades diarias del vivir.-<br \/>\nQue ello obliga a encuadrar este asentamiento en otros par\u00e1metros donde la flexibilizaci\u00f3n pueda conjugar el lugar habitacional con le del trabajo, cuando este responda a mano de obra artesanal y no llegue a convertirse en f\u00e1brica.-<br \/>\nQue paralelamente a ello es necesario legislar sobre otra superficie de terreno de las mismas dimensiones al Barrio Agust\u00edn, pero ubicado al Norte de la Ruta Provincial N\u00ba 5.-<br \/>\nQue en el Plano Director de las Zonas Residenciales figura una franja de terreno\u00a0 a la que se considera Zona Industrial a la margen Norte de la Ruta N\u00ba 5, que llega hasta la prolongaci\u00f3n de la Calle Espa\u00f1a (hoy Presidente Per\u00f3n, seg\u00fan lo determina el art. 8\u00ba de la Ordenanza N\u00ba 222).-<br \/>\nQue el correspondiente Proyecto de Ordenanza fue presentado por el Concejal Emilio Landeau, y tratado en la Sesi\u00f3n Ordinaria de fecha 18 de Agosto \u00faltimo, habi\u00e9ndose decidido en la ocasi\u00f3n que el mismo pasara a la Comisi\u00f3n respectiva para su an\u00e1lisis.-<br \/>\nQue con fecha 01 de Setiembre del a\u00f1o en curso, es presentado un Despacho de Comisi\u00f3n firmado por los Concejales Arias, Nicoletti, Landeau y Romero, ante este H.C.D. referido al tema y habiendo sido tratado en el seno del mismo fue aprobado por unanimidad de los ediles presentes.-<br \/>\nQue en consecuencia queda aprobado por unanimidad de los ediles el Proyecto de Ordenanza presentado oportunamente por el Concejal Landeau.-<br \/>\n<strong>POR ELLO, ESTE HONORABLE CONCEJO DELIBERANTE DE LA CIUDAD DE MERLO, SAN LUIS, EN USO DE LAS FACULTADES Y ATRIBUCIONES QUE LE CONFIERE \u00a0LA LEY, SANCIONA LA PRESENTE:<\/strong><\/p>\n<p style=\"text-align: center\"><strong><u>ORDENANZA<\/u><\/strong><\/p>\n<p>&nbsp;<br \/>\nART.1\u00ba) Modif\u00edquese el Art. 2\u00ba de la Ordenanza N\u00ba 105\/89 (445\/89) asign\u00e1ndosele al Barrio San Agust\u00edn la ZONA RESIDENCIAL R1.-<br \/>\nART. 2\u00ba) Complem\u00e9ntese la Ordenanza N\u00ba 105\/89 (445\/89) determin\u00e1ndose un l\u00edmite igual que al Barrio San Agust\u00edn hacia el Norte de la Ruta Provincial N\u00ba 5, con la misma ZONA RESIDENCIAL R1.-<br \/>\nART. 3\u00ba) Der\u00f3gase el Art. 8\u00ba de la Ordenanza N\u00ba 222, por el que se determina Zona Industrial, pasando a pertenecer a ZONA RESIDENCIAL R1.-<br \/>\nART. 4\u00ba) Que la Secretar\u00eda de Obras P\u00fablicas introduzca \u00e9stas modificaciones en el Plano Director del Municipio de Merlo.-<br \/>\nART. 5\u00ba) De Forma.-<br \/>\nDADA, SELLADA Y FIRMADA EN LA SALA DE SESIONES DEL HONORABLE CONCEJO DELIBERANTE DE LA CIUDAD DE MERLO, SAN LUIS, A UN D\u00cdA DEL MES DE \u00a0SETIEMBRE DE MIL NOVECIENTOS NOVENTA Y TRES.-<br \/>\n&nbsp;<br \/>\n&nbsp;<br \/>\nPresidente H.C.D.: Eduardo E. Ponce<br \/>\nSecretario H.C.D.: Jorge H. Flores<\/p>\n","protected":false},"excerpt":{"rendered":"<p>Merlo, (S.L.) 01 de Setiembre de 1993 &nbsp; ORDENANZA N\u00ba 525-HCD-1993 &nbsp; VISTO: El encasillamiento determinado en la Ordenanza 105\/89, promulgada con fecha 06\/12\/89, donde se determina que el Barrio San Agust\u00edn debe estar comprendido en Zona Residencial \u201cR2\u201d, y; CONSIDERANDO: Que seg\u00fan la planilla de usos, \u00e9sta zona R2 no flexibiliza la radicaci\u00f3n habitacional<\/p><\/div>\n<div class=\"blog-btn\"><a href=\"https:\/\/hcdvillademerlo.com\/index.php\/2016\/03\/08\/modifica-ordenanza-10589-zonificacion-san-agustin\/\" class=\"home-blog-btn\">Leer m\u00e1s<\/a><\/p>\n","protected":false},"author":1,"featured_media":0,"comment_status":"closed","ping_status":"open","sticky":false,"template":"","format":"standard","meta":{"footnotes":""},"categories":[9],"tags":[282],"class_list":["post-490","post","type-post","status-publish","format-standard","hentry","category-planeamiento-urbano","tag-zonificacion"],"_links":{"self":[{"href":"https:\/\/hcdvillademerlo.com\/index.php\/wp-json\/wp\/v2\/posts\/490","targetHints":{"allow":["GET"]}}],"collection":[{"href":"https:\/\/hcdvillademerlo.com\/index.php\/wp-json\/wp\/v2\/posts"}],"about":[{"href":"https:\/\/hcdvillademerlo.com\/index.php\/wp-json\/wp\/v2\/types\/post"}],"author":[{"embeddable":true,"href":"https:\/\/hcdvillademerlo.com\/index.php\/wp-json\/wp\/v2\/users\/1"}],"replies":[{"embeddable":true,"href":"https:\/\/hcdvillademerlo.com\/index.php\/wp-json\/wp\/v2\/comments?post=490"}],"version-history":[{"count":0,"href":"https:\/\/hcdvillademerlo.com\/index.php\/wp-json\/wp\/v2\/posts\/490\/revisions"}],"wp:attachment":[{"href":"https:\/\/hcdvillademerlo.com\/index.php\/wp-json\/wp\/v2\/media?parent=490"}],"wp:term":[{"taxonomy":"category","embeddable":true,"href":"https:\/\/hcdvillademerlo.com\/index.php\/wp-json\/wp\/v2\/categories?post=490"},{"taxonomy":"post_tag","embeddable":true,"href":"https:\/\/hcdvillademerlo.com\/index.php\/wp-json\/wp\/v2\/tags?post=490"}],"curies":[{"name":"wp","href":"https:\/\/api.w.org\/{rel}","templated":true}]}}