{"id":488,"date":"2016-03-08T13:39:17","date_gmt":"2016-03-08T16:39:17","guid":{"rendered":"http:\/\/hcdvillademerlo.com.ar.j8a.com.ar\/?p=488"},"modified":"2016-03-08T13:39:17","modified_gmt":"2016-03-08T16:39:17","slug":"declara-de-interes-municipal-fiesta-de-la-rosa","status":"publish","type":"post","link":"https:\/\/hcdvillademerlo.com\/index.php\/2016\/03\/08\/declara-de-interes-municipal-fiesta-de-la-rosa\/","title":{"rendered":"DECLARA DE INTERES MUNICIPAL &quot;FIESTA DE LA ROSA&quot;"},"content":{"rendered":"<p style=\"text-align: right\">Merlo, (S.L.) 01 de Setiembre de 1993<\/p>\n<p>&nbsp;<\/p>\n<p style=\"text-align: center\"><strong><u>ORDENANZA N\u00ba 524-HCD-1993<\/u><\/strong><\/p>\n<p>&nbsp;<br \/>\n<strong><u>VISTO:<\/u><\/strong><br \/>\nLa Nota presentada con fecha 30 de junio, ante el Sr. Intendente Municipal, por el CIRCULO CULTURAL DE MERLO, Sociedad Civil sin Fines de Lucro, solicitando se declare de inter\u00e9s municipal la \u201cFIESTA DE LA ROSA\u201d, y;<br \/>\n&nbsp;<br \/>\n<strong><u>CONSIDERANDO:<\/u><\/strong><br \/>\nQue la referida Nota fue elevada por el Departamento Ejecutivo Municipal a \u00e9ste Concejo, con fecha 30 de agosto \u00faltimo a los fines solicitados.-<br \/>\nQue la misma fue tratada en el seno del H.C.D. en su Sesi\u00f3n Ordinaria de fecha 01 de Septiembre \u00faltimo, habi\u00e9ndose en la ocasi\u00f3n analizado sus considerandos, dando como resultado su aprobaci\u00f3n por unanimidad.-<br \/>\n<strong>\u00a0<\/strong><br \/>\n<strong>POR ELLO, ESTE HONORABLE CONCEJO DELIBERANTE DE LA CIUDAD DE MERLO, SAN LUIS, EN USO DE LAS FACULTADES Y ATRIBUCIONES QUE LE CONFIERE \u00a0LA LEY, SANCIONA LA PRESENTE:<\/strong><\/p>\n<p style=\"text-align: center\"><strong><u>ORDENANZA<\/u><\/strong><\/p>\n<p>ART 1\u00ba ) Atento a lo solicitado oportunamente por el CIRCULO CULTURAL DE MERLO, Sociedad Civil Sin Fines de Lucro, decl\u00e1rase de Inter\u00e9s Municipal \u201cLA FIESTA DE LA ROSA\u201d, evento a realizarse en nuestra localidad los pr\u00f3ximos d\u00edas 8, 9, 10 y 11 de Octubre del presente a\u00f1o.-<br \/>\nART. 2\u00ba) De forma.-<br \/>\n&nbsp;<br \/>\nDADA, SELLADA Y FIRMADA EN LA SALA DE SESIONES DEL HONORABLE CONCEJO DELIBERANTE DE LA CIUDAD DE MERLO, SAN LUIS, A UN D\u00cdA DEL MES DE \u00a0SETIEMBRE DE MIL NOVECIENTOS NOVENTA Y TRES.-<br \/>\n&nbsp;<br \/>\n&nbsp;<br \/>\nPresidente H.C.D.: Eduardo E. Ponce<br \/>\nSecretario H.C.D.: Jorge H. Flores<\/p>\n","protected":false},"excerpt":{"rendered":"<p>Merlo, (S.L.) 01 de Setiembre de 1993 &nbsp; ORDENANZA N\u00ba 524-HCD-1993 &nbsp; VISTO: La Nota presentada con fecha 30 de junio, ante el Sr. Intendente Municipal, por el CIRCULO CULTURAL DE MERLO, Sociedad Civil sin Fines de Lucro, solicitando se declare de inter\u00e9s municipal la \u201cFIESTA DE LA ROSA\u201d, y; &nbsp; CONSIDERANDO: Que la referida<\/p><\/div>\n<div class=\"blog-btn\"><a href=\"https:\/\/hcdvillademerlo.com\/index.php\/2016\/03\/08\/declara-de-interes-municipal-fiesta-de-la-rosa\/\" class=\"home-blog-btn\">Leer m\u00e1s<\/a><\/p>\n","protected":false},"author":1,"featured_media":0,"comment_status":"closed","ping_status":"open","sticky":false,"template":"","format":"standard","meta":{"footnotes":""},"categories":[10],"tags":[98],"class_list":["post-488","post","type-post","status-publish","format-standard","hentry","category-poder-ejecutivo","tag-declaraciones-de-interes"],"_links":{"self":[{"href":"https:\/\/hcdvillademerlo.com\/index.php\/wp-json\/wp\/v2\/posts\/488","targetHints":{"allow":["GET"]}}],"collection":[{"href":"https:\/\/hcdvillademerlo.com\/index.php\/wp-json\/wp\/v2\/posts"}],"about":[{"href":"https:\/\/hcdvillademerlo.com\/index.php\/wp-json\/wp\/v2\/types\/post"}],"author":[{"embeddable":true,"href":"https:\/\/hcdvillademerlo.com\/index.php\/wp-json\/wp\/v2\/users\/1"}],"replies":[{"embeddable":true,"href":"https:\/\/hcdvillademerlo.com\/index.php\/wp-json\/wp\/v2\/comments?post=488"}],"version-history":[{"count":0,"href":"https:\/\/hcdvillademerlo.com\/index.php\/wp-json\/wp\/v2\/posts\/488\/revisions"}],"wp:attachment":[{"href":"https:\/\/hcdvillademerlo.com\/index.php\/wp-json\/wp\/v2\/media?parent=488"}],"wp:term":[{"taxonomy":"category","embeddable":true,"href":"https:\/\/hcdvillademerlo.com\/index.php\/wp-json\/wp\/v2\/categories?post=488"},{"taxonomy":"post_tag","embeddable":true,"href":"https:\/\/hcdvillademerlo.com\/index.php\/wp-json\/wp\/v2\/tags?post=488"}],"curies":[{"name":"wp","href":"https:\/\/api.w.org\/{rel}","templated":true}]}}