{"id":4601,"date":"2019-09-05T13:32:18","date_gmt":"2019-09-05T13:32:18","guid":{"rendered":"http:\/\/www.hcdvillademerlo.com.ar\/?p=4546"},"modified":"2019-09-05T13:32:18","modified_gmt":"2019-09-05T13:32:18","slug":"orden-del-dia-sesion-ordinaria-fecha-05-de-septiembre-de-2019-acta-n-024-hcd-2019","status":"publish","type":"post","link":"https:\/\/hcdvillademerlo.com\/index.php\/2019\/09\/05\/orden-del-dia-sesion-ordinaria-fecha-05-de-septiembre-de-2019-acta-n-024-hcd-2019\/","title":{"rendered":"ORDEN DEL D\u00cdA &#8211; SESI\u00d3N ORDINARIA FECHA: \u00a0\u00a005 DE SEPTIEMBRE DE 2019 ACTA N\u00b0 024-HCD-2019"},"content":{"rendered":"<h2 style=\"text-align: center;\"><u>ORDEN DEL D\u00cdA &#8211; SESI\u00d3N ORDINARIA<\/u><\/h2>\n<h2 style=\"text-align: center;\"><u>FECHA: \u00a0\u00a005 DE SEPTIEMBRE DE 2019<\/u><\/h2>\n<h2 style=\"text-align: center;\"><u>ACTA N<\/u><u>\u00b0<\/u><u> 024-HCD-2019<\/u><\/h2>\n<p><strong><u>De los Despachos de Comisi\u00f3n.-<\/u><\/strong><\/p>\n<p style=\"text-align: justify;\"><strong>1) Nota R.<\/strong><strong> N\u00ba 491-HCD-19.-<\/strong> Despacho de Comisi\u00f3n, Proyecto de Nota a la Directora de Obras Privadas, Arq. Valeria Arabel, e ref.: Nota Recibida N\u00b0 264\/19, donde eleva pedido del Sr. ALBERTO BECERRA, por ampliaci\u00f3n de un local y solicitarle convoque al profesional actuante en este caso, y le requiera croquis de la ampliaci\u00f3n propuesta con \u00edndices urban\u00edsticos.-<\/p>\n<p style=\"text-align: justify;\"><strong>2) Nota R.<\/strong><strong> N\u00ba 492-HCD-19.- <\/strong>Despacho de Comisi\u00f3n, Proyecto de Nota a la Biblioteca Popular Puertas Abiertas y a la Biblioteca El Faro, en ref.: convocarlas a la reuni\u00f3n de Comisi\u00f3n del pr\u00f3ximo d\u00eda Mi\u00e9rcoles 11 del corriente mes y a\u00f1o, a las 20:00 horas, en el Recinto de Sesiones para tratar lo solicitado por Nota Recibida N\u00b0 479\/19.-<\/p>\n<p style=\"text-align: justify;\"><strong>3) Nota R.<\/strong><strong> N\u00ba 493-HCD-19.- <\/strong>Despacho de Comisi\u00f3n, Proyecto de Nota a la Direcci\u00f3n de Bromatolog\u00eda de la Municipalidad de la Villa de Merlo, en ref.: enviar copia Nota Recibida N\u00b0 460\/19, presentada por la Sra. EMILCE ORTIZ, sobre denuncia por ruidos molestos, solicitarle se realicen las inspecciones y se aplique la legislaci\u00f3n vigente.-<\/p>\n<p style=\"text-align: justify;\"><strong>4) Nota R.<\/strong><strong> N\u00ba 494-HCD-19.- <\/strong>Despacho de Comisi\u00f3n, Proyecto de Nota a Param\u00e9dicos 24, en ref.: Nota Recibida N\u00b0 459\/19, a trav\u00e9s de la cual solicitan audiencia con el Concejo para tratar diversos temas y convocarlos a la reuni\u00f3n de Comisi\u00f3n del pr\u00f3ximo d\u00eda Mi\u00e9rcoles 11 del corriente mes y a\u00f1o, a las 19:00 horas, en el Recinto de Sesiones de este H.C.D.-<\/p>\n<p style=\"text-align: justify;\"><strong>5) Nota R.<\/strong><strong> N\u00ba 495-HCD-19.-<\/strong> Despacho de Comisi\u00f3n, Proyecto de Nota a la Secretaria de Gobierno, Sra. Silvia C\u00f3rdoba con copia a Recursos Humanos, en ref.: solicitarles informaci\u00f3n sobre los avances en relaci\u00f3n a la formaci\u00f3n de la Comisi\u00f3n Interdisciplinaria para reglamentar Ordenanza de Licencia por Violencia de G\u00e9nero.-<\/p>\n<p style=\"text-align: justify;\"><strong>6) Nota R.<\/strong><strong> N\u00ba 496-HCD-19.- <\/strong>Despacho de Comisi\u00f3n, Proyecto de Nota al Secretario de Gesti\u00f3n territorial, Arq. Nicol\u00e1s Rosatti, en ref.: enviar copia de Nota presentada por el Sr. Jorge Vel\u00e1zquez quien formula denuncia por supuestas irregularidades en una obra vecina.-<\/p>\n<p style=\"text-align: justify;\"><strong>7) Nota R.<\/strong><strong> N\u00ba 497-HCD-19.- <\/strong>Despacho de Comisi\u00f3n, Proyecto de Nota al Sr. Jorge Vel\u00e1squez, en ref.: informar lo actuado por Nota R. N\u00b0 279-HCD-19 sobre supuestas irregularidades en una obra vecina.-<\/p>\n<p style=\"text-align: justify;\"><strong>8) Nota R.<\/strong><strong> N\u00ba 498-HCD-19.- <\/strong>Despacho de Comisi\u00f3n, Proyecto de Nota al Intendente Municipal, Secretaria de Gesti\u00f3n Territorial y otros, en ref.: remitirles copia de Proyecto de Ordenanza referido al \u201cSistema Municipal de Gesti\u00f3n de Riesgos de la Villa de Merlo\u201d; presentada por el Bloque de Concejales Justicialistas.-<\/p>\n<p style=\"text-align: justify;\"><strong>9) Nota R.<\/strong><strong> N\u00ba 500-HCD-19.- <\/strong>Despacho de Comisi\u00f3n, Proyecto de Ordenanza, en ref.: AUTORIZAR, nuevo Cuadro de Tarifas a aplicar por los prestadores del Servicio de Remises de nuestra Ciudad.-<\/p>\n<p style=\"text-align: justify;\"><strong>10) Nota R.<\/strong><strong> N\u00ba 501-HCD-19.- <\/strong>Despacho de Comisi\u00f3n, Proyecto de Resoluci\u00f3n, en ref.: DECLARAR DE INTERES MUNICIPAL DE LA VILLA DE MERLO, SAN LUIS, los festejos en torno a las patronales de Octubre, de los 70 a\u00f1os de la Creaci\u00f3n de la Parroquia \u201cNuestra Se\u00f1ora del Rosario\u201d, a celebrarse el 01 de octubre del cte. a\u00f1o.-<\/p>\n<p style=\"text-align: justify;\"><strong>11) Nota R.<\/strong><strong> N\u00ba 503-HCD-19.- <\/strong>Despacho de Comisi\u00f3n, Proyecto de Nota al Secretario de Gesti\u00f3n territorial, Arq. Nicol\u00e1s Rosatti, en ref.: solicitar se realicen inspecciones y remita actuaciones por Expte. Nota R. N\u00b0 411-HCD-19 a nombre de Polon\u00ed, Ana Mar\u00eda y otros.-<\/p>\n<p style=\"text-align: justify;\">\n<p style=\"text-align: justify;\"><strong><u>De las Comunicaciones Oficiales.<\/u><\/strong><\/p>\n<p style=\"text-align: justify;\"><strong>12) Nota R.<\/strong><strong> N\u00ba 488-HCD-19.- <\/strong>\u00a0Encuentros Corales Puntanos invita al \u201cXXIV Encuentro Coral Merlo le Canta a Am\u00e9rica\u201d, el viernes 06-09-19 a las 17hs. en la Plaza de Piedra Blanca.-<\/p>\n<p style=\"text-align: justify;\">\n<p style=\"text-align: justify;\"><strong><u>De los Informes (y\/o solicitudes) del D.E.M..-<\/u><\/strong><\/p>\n<p style=\"text-align: justify;\"><strong>13) Nota R.<\/strong><strong> N\u00ba 482-HCD-19.-<\/strong> Secretaria de Gobierno, Sra. Silvia C\u00f3rdoba, comunica verificaci\u00f3n ocular sobre terrenos ocupados en Barranca Colorada.-<\/p>\n<p style=\"text-align: justify;\"><strong>14) Nota R.<\/strong><strong> N\u00ba 487-HCD-19.-<\/strong> Secretaria de Desarrollo Humano y Social, Sra. Alejandra Rubiolo, informa cumplimiento de requerimientos estipulados en la Ordenanza IX-0838.HCD-18 sobre Celebraci\u00f3n Semana del Estudiante.-<\/p>\n<p style=\"text-align: justify;\"><strong>15) Nota R.<\/strong><strong> N\u00ba 489-HCD-19.- <\/strong>Secretaria de Gobierno, Sra. Silvia C\u00f3rdoba, eleva Expte. en respuesta a reuni\u00f3n del 21-08-19 con la Empresa de Transporte Zenitram.-<\/p>\n<p style=\"text-align: justify;\"><strong>16) Nota R.<\/strong><strong> N\u00ba 490-HCD-19.- <\/strong>Secretaria de Gobierno, Sra. Silvia C\u00f3rdoba, invita a participar de la Semana de la Integraci\u00f3n a realizarse del 03-09-19 al 07-09-19.-<\/p>\n<p style=\"text-align: justify;\"><strong>17) Nota R.<\/strong><strong> N\u00ba 502-HCD-19.- <\/strong>Director de Medio Ambiente y Saneamiento Ambiental, Sr. An\u00edbal Cat\u00e1neo, env\u00eda sugerencias para la modificaci\u00f3n de la Ordenanza VII-0778-HCD-17: Control de Invasoras.-<\/p>\n<p style=\"text-align: justify;\">\n<p style=\"text-align: justify;\"><strong><u>De las Peticiones o Asuntos Particulares.-<\/u><\/strong><\/p>\n<p style=\"text-align: justify;\"><strong>18) Nota R.<\/strong><strong> N\u00ba 483-HCD-19.-<\/strong> Sr. Ra\u00fal Zalazar, solicita Banca del Vecino para tratar tema: Incendios.-<\/p>\n<p style=\"text-align: justify;\"><strong>19) Nota R.<\/strong><strong> N\u00ba 484-HCD-19.-<\/strong> Sr. Walter Cardozo, solicita cambio de titularidad en una empresa familiar y solicita excepci\u00f3n de pago de habilitaci\u00f3n y expone razones.-<\/p>\n<p style=\"text-align: justify;\"><strong>20) Nota R.<\/strong><strong> N\u00ba 485-HCD-19.-<\/strong> Licenciatarios y choferes de Remis, solicitan se modifique la Ordenanza donde se solicita una vez al a\u00f1o el Certificado de Antecedentes expedido por el Registro Nacional de Reincidencia.-<\/p>\n<p style=\"text-align: justify;\"><strong>21) Nota R.<\/strong><strong> N\u00ba 486-HCD-19.-<\/strong> Dr. Jorge Huberto Flores, ingresa Expediente con Proyecto de Campo de su propiedad ubicado en Cerro de Oro.-<\/p>\n<p style=\"text-align: justify;\"><strong>22) Nota R.<\/strong><strong> N\u00ba 499-HCD-19.-<\/strong> Agencias de Remises de la Villa de Merlo, presentan propuesta de Tarifas en reuni\u00f3n de Comisi\u00f3n del d\u00eda martes 03-09-19.-<\/p>\n","protected":false},"excerpt":{"rendered":"<p>ORDEN DEL D\u00cdA &#8211; SESI\u00d3N ORDINARIA FECHA: \u00a0\u00a005 DE SEPTIEMBRE DE 2019 ACTA N\u00b0 024-HCD-2019 De los Despachos de Comisi\u00f3n.- 1) Nota R. N\u00ba 491-HCD-19.- Despacho de Comisi\u00f3n, Proyecto de Nota a la Directora de Obras Privadas, Arq. Valeria Arabel, e ref.: Nota Recibida N\u00b0 264\/19, donde eleva pedido del Sr. ALBERTO BECERRA, por ampliaci\u00f3n<\/p><\/div>\n<div class=\"blog-btn\"><a href=\"https:\/\/hcdvillademerlo.com\/index.php\/2019\/09\/05\/orden-del-dia-sesion-ordinaria-fecha-05-de-septiembre-de-2019-acta-n-024-hcd-2019\/\" class=\"home-blog-btn\">Leer m\u00e1s<\/a><\/p>\n","protected":false},"author":1,"featured_media":4436,"comment_status":"closed","ping_status":"closed","sticky":false,"template":"","format":"standard","meta":{"footnotes":""},"categories":[7],"tags":[],"class_list":["post-4601","post","type-post","status-publish","format-standard","has-post-thumbnail","hentry","category-orden-del-dia"],"_links":{"self":[{"href":"https:\/\/hcdvillademerlo.com\/index.php\/wp-json\/wp\/v2\/posts\/4601","targetHints":{"allow":["GET"]}}],"collection":[{"href":"https:\/\/hcdvillademerlo.com\/index.php\/wp-json\/wp\/v2\/posts"}],"about":[{"href":"https:\/\/hcdvillademerlo.com\/index.php\/wp-json\/wp\/v2\/types\/post"}],"author":[{"embeddable":true,"href":"https:\/\/hcdvillademerlo.com\/index.php\/wp-json\/wp\/v2\/users\/1"}],"replies":[{"embeddable":true,"href":"https:\/\/hcdvillademerlo.com\/index.php\/wp-json\/wp\/v2\/comments?post=4601"}],"version-history":[{"count":0,"href":"https:\/\/hcdvillademerlo.com\/index.php\/wp-json\/wp\/v2\/posts\/4601\/revisions"}],"wp:featuredmedia":[{"embeddable":true,"href":"https:\/\/hcdvillademerlo.com\/index.php\/wp-json\/"}],"wp:attachment":[{"href":"https:\/\/hcdvillademerlo.com\/index.php\/wp-json\/wp\/v2\/media?parent=4601"}],"wp:term":[{"taxonomy":"category","embeddable":true,"href":"https:\/\/hcdvillademerlo.com\/index.php\/wp-json\/wp\/v2\/categories?post=4601"},{"taxonomy":"post_tag","embeddable":true,"href":"https:\/\/hcdvillademerlo.com\/index.php\/wp-json\/wp\/v2\/tags?post=4601"}],"curies":[{"name":"wp","href":"https:\/\/api.w.org\/{rel}","templated":true}]}}