{"id":4593,"date":"2016-02-29T14:42:32","date_gmt":"2016-02-29T17:42:32","guid":{"rendered":"http:\/\/hcdvillademerlo.com.ar.j8a.com.ar\/?p=254"},"modified":"2016-02-29T14:42:32","modified_gmt":"2016-02-29T17:42:32","slug":"adjudica-parcela-parque-industrial-a-valle-del-conlara","status":"publish","type":"post","link":"https:\/\/hcdvillademerlo.com\/index.php\/2016\/02\/29\/adjudica-parcela-parque-industrial-a-valle-del-conlara\/","title":{"rendered":"ADJUDICA PARCELA PARQUE INDUSTRIAL A VALLE DEL CONLARA"},"content":{"rendered":"<p style=\"text-align: right\">Merlo, SL, 02 de Julio de 1982<\/p>\n<p>&nbsp;<\/p>\n<p style=\"text-align: center\"><strong><u>ORDENANZA N\u00ba 259-IM-1982<\/u><\/strong><\/p>\n<p>&nbsp;<br \/>\n<strong><u>VISTO:<\/u><\/strong><br \/>\n<strong><u>\u00a0<\/u><\/strong><br \/>\nLa nota presentada por la firma \u201cAGROINDUSTRIAS VALLE DEL CONLARA S.A.\u201d, en formaci\u00f3n, representada por los se\u00f1ores JOAQU\u00cdN MANUEL RODRIGUES LOPES C.I.P.F. N\u00ba 5.341.877, M\u00d3NICA GUARNACCI D.N.I. N\u00ba 13.470.475 Y PABLO GUARNACCI D.N.I. N\u00ba 14.208.520, solicitando se le adjudique un predio en el Parque Industrial \u201cELISEO MERCAU\u201d de esta localidad y las facultades conferidas a esta Intendencia Municipal \u00a0por la Ley N\u00ba 3715, dictada por el Superior Gobierno de la Provincia, y:<br \/>\n<strong><u>CONSIDERANDO:<\/u><\/strong><br \/>\nQue la firma solicitante proyecta \u00a0instalar una planta industrial para la industrializaci\u00f3n de leche, frutas, verduras y sus derivados, f\u00e1brica de hielo y c\u00e1mara frigor\u00edficas para la distribuci\u00f3n de productos alimenticios, para lo cual ya posee algunas m\u00e1quinas y debe adquirir otras, todo lo que se detalla en planilla que presta por separado.-<br \/>\nQue este tipo de explotaci\u00f3n industrial se ajusta en todo a las condiciones establecidas para su radicaci\u00f3n ya que se trata de una industria que no produce ruidos, emanaciones, etc. y que puedan atentar contra la salud.-<br \/>\nPor ello y siendo necesario y conveniente apoyar a toda industria para que se radique en la zona, contribuyendo as\u00ed al progreso general y creando nuevas fuentes de trabajo;<br \/>\n<strong>EL INTENDENTE MUNICIPAL DE MERLO (SAN LUIS),<\/strong> <strong>\u00a0SANCIONA \u00a0Y PROMULGA CON FUERZA DE:<\/strong><\/p>\n<p style=\"text-align: center\"><strong><u>ORDENANZA<\/u><\/strong><\/p>\n<p>&nbsp;<\/p>\n<ul>\n<li>Adjudicase a favor de la firma \u201cAGROINDUSTRIAS VALLE DEL CONLARA S.A.\u201d, en formaci\u00f3n, representada por los se\u00f1ores JOAQU\u00cdN MANUEL RODRIGUES LOPES, M\u00d3NICA GUARNACCI y PABLO GUARNACCI, dos fracciones de terreno de 5.000 m<sup>2<\/sup>, cada una lo que hace un total de (10.000m<sup>2<\/sup>)DIEZ MIL METROS CUADRADOS, dentro de la fracci\u00f3n de veinticinco hect\u00e1reas destinadas al Parque Industrial \u201cEliseo Mercau\u201d, cuyas fracciones se individualizan como lotes N\u00ba 8 y 9 del plano N\u00ba 16 confeccionado por el Consejo Federal de Inversiones. Esta donaci\u00f3n se hace en car\u00e1cter de donaci\u00f3n gratuita.-<\/li>\n<li>Son condiciones de esta donaci\u00f3n, las consignadas en el contrato de donaci\u00f3n a favor de esta Municipalidad hecha por el se\u00f1or Jos\u00e9 Alberto Mercau, que los beneficiarios se\u00f1ores Joaqu\u00edn Manuel Rodrigues L\u00f3pes, M\u00f3nica Guarnacci y Pablo Guarnacci conocen y aceptan sin limitaci\u00f3n.-<\/li>\n<li>Una vez dada la posesi\u00f3n, los beneficiarios se\u00f1ores Joaqu\u00edn Manuel Rodrigues L\u00f3pes, M\u00f3nica Guarnacci y Pablo Guarnacci, est\u00e1n obligados a iniciar las obras en el plazo improrrogable de (1) UN A\u00d1O en forma ininterrumpida, bajo pena de perder ipso facto los beneficios de esta donaci\u00f3n.-<\/li>\n<li>En su oportunidad y una vez hayan los beneficiarios cumplido con sus obligaciones y\/o requisitos de esta donaci\u00f3n, se otorgar\u00e1 la escritura de transferencia de dominio, con los cargos exclusivos a los beneficiarios.-<\/li>\n<li>Comun\u00edquese, publ\u00edquese, reg\u00edstrese y arch\u00edvese.-<\/li>\n<\/ul>\n<p>&nbsp;<br \/>\n&nbsp;<br \/>\nIntendente: Julio Falco<br \/>\nSecretario\u00a0 de Gobierno y Servicios P\u00fablicos: Juan Carlos Pringles<br \/>\n&nbsp;<\/p>\n","protected":false},"excerpt":{"rendered":"<p>Merlo, SL, 02 de Julio de 1982 &nbsp; ORDENANZA N\u00ba 259-IM-1982 &nbsp; VISTO: \u00a0 La nota presentada por la firma \u201cAGROINDUSTRIAS VALLE DEL CONLARA S.A.\u201d, en formaci\u00f3n, representada por los se\u00f1ores JOAQU\u00cdN MANUEL RODRIGUES LOPES C.I.P.F. N\u00ba 5.341.877, M\u00d3NICA GUARNACCI D.N.I. N\u00ba 13.470.475 Y PABLO GUARNACCI D.N.I. N\u00ba 14.208.520, solicitando se le adjudique un predio<\/p><\/div>\n<div class=\"blog-btn\"><a href=\"https:\/\/hcdvillademerlo.com\/index.php\/2016\/02\/29\/adjudica-parcela-parque-industrial-a-valle-del-conlara\/\" class=\"home-blog-btn\">Leer m\u00e1s<\/a><\/p>\n","protected":false},"author":1,"featured_media":0,"comment_status":"closed","ping_status":"open","sticky":false,"template":"","format":"standard","meta":{"footnotes":""},"categories":[9],"tags":[25,206,209],"class_list":["post-4593","post","type-post","status-publish","format-standard","hentry","category-planeamiento-urbano","tag-adjudica","tag-parcela","tag-parque-industrial"],"_links":{"self":[{"href":"https:\/\/hcdvillademerlo.com\/index.php\/wp-json\/wp\/v2\/posts\/4593","targetHints":{"allow":["GET"]}}],"collection":[{"href":"https:\/\/hcdvillademerlo.com\/index.php\/wp-json\/wp\/v2\/posts"}],"about":[{"href":"https:\/\/hcdvillademerlo.com\/index.php\/wp-json\/wp\/v2\/types\/post"}],"author":[{"embeddable":true,"href":"https:\/\/hcdvillademerlo.com\/index.php\/wp-json\/wp\/v2\/users\/1"}],"replies":[{"embeddable":true,"href":"https:\/\/hcdvillademerlo.com\/index.php\/wp-json\/wp\/v2\/comments?post=4593"}],"version-history":[{"count":0,"href":"https:\/\/hcdvillademerlo.com\/index.php\/wp-json\/wp\/v2\/posts\/4593\/revisions"}],"wp:attachment":[{"href":"https:\/\/hcdvillademerlo.com\/index.php\/wp-json\/wp\/v2\/media?parent=4593"}],"wp:term":[{"taxonomy":"category","embeddable":true,"href":"https:\/\/hcdvillademerlo.com\/index.php\/wp-json\/wp\/v2\/categories?post=4593"},{"taxonomy":"post_tag","embeddable":true,"href":"https:\/\/hcdvillademerlo.com\/index.php\/wp-json\/wp\/v2\/tags?post=4593"}],"curies":[{"name":"wp","href":"https:\/\/api.w.org\/{rel}","templated":true}]}}