{"id":4337,"date":"2019-03-07T13:24:40","date_gmt":"2019-03-07T13:24:40","guid":{"rendered":"http:\/\/www.hcdvillademerlo.com.ar\/?p=4337"},"modified":"2019-03-07T13:24:40","modified_gmt":"2019-03-07T13:24:40","slug":"orden-del-dia-sesion-ordinaria-fecha-07-de-marzo-de-2019-acta-no-001-hcd-2019","status":"publish","type":"post","link":"https:\/\/hcdvillademerlo.com\/index.php\/2019\/03\/07\/orden-del-dia-sesion-ordinaria-fecha-07-de-marzo-de-2019-acta-no-001-hcd-2019\/","title":{"rendered":"ORDEN DEL D\u00cdA &#8211; SESI\u00d3N ORDINARIA FECHA: 07 DE MARZO DE 2019 ACTA N\u00ba 001-HCD-2019"},"content":{"rendered":"<h2 style=\"text-align: center;\">ORDEN DEL D\u00cdA &#8211; SESI\u00d3N ORDINARIA<br \/>\nFECHA: 07 DE MARZO DE 2019<br \/>\n<span style=\"text-decoration: underline;\">ACTA N\u00ba 001-HCD-2019<\/span><\/h2>\n<p style=\"text-align: justify;\">\n<span style=\"text-decoration: underline;\"><strong>De los Despachos de Comisi\u00f3n.-<\/strong><\/span><br \/>\n<strong>1) Nota R. N\u00ba 026-HCD-19.-<\/strong> Despacho de Comisi\u00f3n, Proyecto de Resoluci\u00f3n, en ref.: Designar miembros para las Comisiones de Trabajo del H.C.D. a\u00f1o 2019.-<\/p>\n<p style=\"text-align: justify;\">\n<strong>2) Nota R. N\u00ba 027-HCD-19.-<\/strong> Despacho de Comisi\u00f3n, Proyecto de Resoluci\u00f3n, en ref.: Designar miembros del H.C.D., para la Comisi\u00f3n Asesora de Medio Ambiente.-<\/p>\n<p style=\"text-align: justify;\">\n<strong>3) Nota R. N\u00ba 028-HCD-19.-<\/strong> Despacho de Comisi\u00f3n, Proyecto de Resoluci\u00f3n, en ref.: Designar miembros del H.C.D., para la Comisi\u00f3n del Ente Mixto de Promoci\u00f3n Tur\u00edstica (E.MI.PRO.TUR).-<\/p>\n<p style=\"text-align: justify;\">\n<strong>4) Nota R. N\u00ba 029-HCD-19.-<\/strong> Despacho de Comisi\u00f3n, Proyecto de Resoluci\u00f3n, en ref.: Designar miembros del H.C.D., para el Ente Mixto de Protecci\u00f3n Animal (E.MI.PRO.A.)<\/p>\n<p style=\"text-align: justify;\">\n<strong>5) Nota R. N\u00ba 030-HCD-19.-<\/strong> Despacho de Comisi\u00f3n, Proyecto de Resoluci\u00f3n, en ref.: Designar miembros del H.C.D., para la Comisi\u00f3n del Consejo Municipal de Discapacidad (CO.MU.DI.).-<\/p>\n<p style=\"text-align: justify;\">\n<strong>6) Nota R. N\u00ba 031-HCD-19.-<\/strong> Despacho de Comisi\u00f3n, Proyecto de Resoluci\u00f3n, en ref.: Designar miembros del H.C.D., para la Comisi\u00f3n Evaluadora de Proyectos.-<\/p>\n<p style=\"text-align: justify;\">\n<p style=\"text-align: justify;\"><strong>7) Nota R. N\u00ba 032-HCD-19.-<\/strong> Despacho de Comisi\u00f3n, Proyecto de Resoluci\u00f3n, en ref.: Ratificar miembros del H.C.D. para la Comisi\u00f3n de Regularizaci\u00f3n de Obras Permanente (C.R.O.P.) .-<\/p>\n<p style=\"text-align: justify;\">\n<span style=\"text-decoration: underline;\"><strong>De los Proyectos (y\/o propuestas de los Concejales).-<\/strong><\/span><br \/>\n<strong>8) Nota R. N\u00ba 022-HCD-19.-<\/strong> Concejal Gabriela Mancilla, eleva nota de los vecinos de Avda. del Sol por inconvenientes que genera patio de comidas \u201cEl Patio\u201d.-<\/p>\n<p style=\"text-align: justify;\">\n<strong>9) Nota R. N\u00ba 024-HCD-19.-<\/strong> Concejales del Bloque, U.C.R-Avanzar y Cambiemos por San Luis, elevan Nota al Intendente Municipal, Lic. Miguel \u00c1ngel Flores, en ref.: solicitarle realice las gestiones necesarias ante el Ministro de Relaciones Institucionales y Seguridad de la Provincia, para la puesta en marcha de acciones urgentes a fin de combatir la inseguridad en la Villa de Merlo.-\n<\/p>\n<p style=\"text-align: justify;\">\n<strong>10) Nota R. N\u00ba 025-HCD-19.<\/strong>&#8211; Concejales del Bloque, U.C.R-Avanzar y Cambiemos por San Luis, elevan Proyecto de Ordenanza, en ref.: Establecer la obligatoriedad de controles m\u00e9dicos femeninos al personal de la municipalidad.-\n<\/p>\n<p style=\"text-align: justify;\">\n<span style=\"text-decoration: underline;\"><strong>De las Comunicaciones Oficiales.-<\/strong><\/span><br \/>\n<strong>11) Nota R. N\u00ba 987-HCD-18.-<\/strong> Director del Ente Control de Rutas, Sr. Marcelo Eduardo Sisso, env\u00eda Carta Documento en ref.: respuesta por pedido de informes sobre trabajos realizados en Ruta N\u00ba 1, ingreso a la Villa de Merlo.-\n<\/p>\n<p style=\"text-align: justify;\"><strong>12) Nota R. N\u00ba 988-HCD-18.-<\/strong> Honorable Tribunal de Cuentas de la Pcia. de San Luis, eleva Cuenta de Inversi\u00f3n del Ejercicio a\u00f1o 2017.-\n<\/p>\n<p style=\"text-align: justify;\">\n<strong>13) Nota R. N\u00ba 005 BIS-HCD-19.-<\/strong> Agencia Nacional de Seguridad Vial, eleva nota en ref.: solicitud de informaci\u00f3n Normativa.-\n<\/p>\n<p style=\"text-align: justify;\">\n<strong>14) Nota R. N\u00ba 006-HCD-19.-<\/strong> Ministra de Educaci\u00f3n de la Pcia. de San Luis, Lic. Paulina Calder\u00f3n, responde pedido de informes en ref.: Plan Provincial Pa\u00f1uelos Solidarios.-<\/p>\n<p style=\"text-align: justify;\">\n<strong>15) Nota R. N\u00ba 009-HCD-19.-<\/strong> Jard\u00edn Maternal Municipal \u201cDuendes del Sol\u201d invita al Acto de Apertura del Ciclo Lectivo 2019 el lunes 25 de febrero a las 8:50hs..-\n<\/p>\n<p style=\"text-align: justify;\"><span style=\"text-decoration: underline;\"><strong>De los Informes (y\/o solicitudes) del D.E.M..-<\/strong><\/span><br \/>\n<strong>16) Nota R. N\u00ba 985-HCD-18.-<\/strong> Directora de Catastro de la Municipalidad de la Villa de Merlo, Sra. Rosana Sirka, responde Nota E. N\u00ba 334-HCD-18, en ref.: Planos Loteo Margarita Bohler.-\n<\/p>\n<p style=\"text-align: justify;\"><strong>17) Nota R. N\u00ba 003-HCD-19.-<\/strong> Intendente Municipal Lic. Miguel \u00c1ngel Flores, eleva Veto de la Ordenanza N\u00ba VII-0874-HCD-2018 sobre \u201cFondo Especial Municipal Transitorio para Transporte P\u00fablico de Pasajeros\u201d.-\n<\/p>\n<p style=\"text-align: justify;\"><strong>18) Nota R. N\u00ba 011-HCD-19.-<\/strong> Secretario de Gesti\u00f3n Territorial, Arq. Nicol\u00e1s Rosatti, responde Nota E. N\u00ba 328-HCD-18 en ref.: denuncias realizadas en relaci\u00f3n a Espacio Verde ubicado en intersecci\u00f3n de calles Ricardo Balb\u00edn y Los Carolinos.-\n<\/p>\n<p style=\"text-align: justify;\"><strong>19) Nota R. N\u00ba 012-HCD-19.-<\/strong> Secretario de Gesti\u00f3n Territorial, Arq. Nicol\u00e1s Rosatti, responde Nota E. N\u00ba 171-HCD-18 en ref.: pedido efectuado por vecinos de la Calle Roberto Mart\u00edn.-\n<\/p>\n<p style=\"text-align: justify;\">\n<strong>20) Nota R. N\u00ba 013-HCD-19.-<\/strong> Secretario de Gesti\u00f3n Territorial, Arq. Nicol\u00e1s Rosatti, eleva pedido de los Arquitectos Rodrigo \u00c1lvarez y Paz Gurruchaga, en representaci\u00f3n de la Sra. Eva Castell Doello, sobre permiso y factibilidad para construcci\u00f3n de una \u201cSala Museo\u201d con vivienda en planta alta.-\n<\/p>\n<p style=\"text-align: justify;\">\n<strong>21) Nota R. N\u00ba 014-HCD-19.-<\/strong> Secretario de Gesti\u00f3n Territorial, Arq. Nicol\u00e1s Rosatti, responde Nota E. N\u00ba 370-HCD-18 sobre opini\u00f3n respecto al Proyecto de Ordenanza \u201cConjuntos Inmobiliarios\u201d.-\n<\/p>\n<p style=\"text-align: justify;\">\n<strong>22) Nota R. N\u00ba 015-HCD-19.-<\/strong> Directora de Catastro de la Municipalidad de la Villa de Merlo, Sra. Rosana Sirka, eleva pedido de subdivisi\u00f3n propiedad ubicada en Ruta Provincial N\u00ba 5 Rinc\u00f3n del Este, del Sr. Marcelo Arturo Batalla.-\n<\/p>\n<p style=\"text-align: justify;\">\n<strong>23) Nota R. N\u00ba 017-HCD-19.-<\/strong> Directora de Catastro de la Municipalidad de la Villa de Merlo, Sra. Rosana Sirka, responde Nota E. N\u00ba 286-HCD-18 y adjunta nota de la Asociaci\u00f3n Bomberos Voluntarios de Merlo, para resoluci\u00f3n.-<\/p>\n<p style=\"text-align: justify;\">\n<span style=\"text-decoration: underline;\"><strong>De las Peticiones o Asuntos Particulares.-<\/strong><\/span><br \/>\n<strong>24) Nota R. N\u00ba 984-HCD-18.-<\/strong> Medico Veterinario Mariano Gast\u00f3n Raffo Magnasco, eleva copia de nota presentada al Sr. Intendente Municipal, en ref.: disconformidad por el manejo sanitario animal que se practica en la gesti\u00f3n Municipal.-\n<\/p>\n<p style=\"text-align: justify;\"><strong>25) Nota R. N\u00ba 986-HCD-18.-<\/strong> Decana Normalizadora de la Facultad de Turismo y Urbanismi, Lic. Norma Pereyra, responde Nota E. N\u00ba 370-HCD-18 sobre el Proyecto de Ordenanza de \u201cConjuntos Inmobiliarios\u201d.-\n<\/p>\n<p style=\"text-align: justify;\">\n<strong>26) Nota R. N\u00ba 989-HCD-18.-<\/strong> Sr. N\u00e9stor Hugo Ferrero solicita espacio para instalar Escuela de Artes Marciales Mixtas en la Villa de Merlo.-\n<\/p>\n<p style=\"text-align: justify;\"><strong>27) Nota R. N\u00ba 002-HCD-19.-<\/strong> Centro de Jubilados y Pensionados \u201cVolver a Empezar\u201d, solicita disponer la continuidad de excepci\u00f3n de pago de Tasas Municipales.-\n<\/p>\n<p style=\"text-align: justify;\">\n<strong>28) Nota R. N\u00ba 004-HCD-19.-<\/strong> Asociaci\u00f3n Civil Remiseros \u201cAlma Comechingones\u201d, eleva copia de nota presentada al Sr. Intendente Municipal de la Villa de Merlo, en ref.: uso de bermudas por choferes del servicio.-\n<\/p>\n<p style=\"text-align: justify;\"><strong>29) Nota R. N\u00ba 005-HCD-19.-<\/strong> Asociaci\u00f3n Vecinal de Cerro de Oro, eleva copia Fiel de las pertinentes peticiones, surgidas por las distintas necesidades de los Vecinos.-<\/p>\n<p style=\"text-align: justify;\">\n<strong>30) Nota R. N\u00ba 007-HCD-19.-<\/strong> Sr. Leonardo Andr\u00e9s La Frossia, en ref.: situaci\u00f3n con la Direcci\u00f3n de Deportes Municipal y Proyecto de recuperaci\u00f3n del Balneario del Rinc\u00f3n.-\n<\/p>\n<p style=\"text-align: justify;\"><strong>31) Nota R. N\u00ba 008-HCD-19.-<\/strong> Asociaci\u00f3n Civil Remiseros \u201cAlma Comechingones\u201d, eleva copia de nota presentada al Sr. Intendente Municipal de la Villa de Merlo, en ref.: preocupaci\u00f3n por colectivos locales y for\u00e1neos que realizan transporte de pasajeros desde hoteles a casinos, teatros y otros.-<\/p>\n<p style=\"text-align: justify;\">\n<p style=\"text-align: justify;\"><strong>32) Nota R. N\u00ba 010-HCD-19.-<\/strong> Asociaci\u00f3n Civil Remiseros \u201cAlma Comechingones\u201d, solicita habilitaci\u00f3n Municipal para veh\u00edculo adaptado para realizar traslado de personas con discapacidad y\/o movilidad reducida.-<\/p>\n<p style=\"text-align: justify;\">\n<p style=\"text-align: justify;\"><strong>33) Nota R. N\u00ba 018-HCD-19.-<\/strong> Asociaci\u00f3n Bomberos Voluntarios Merlo, solicita reuni\u00f3n con los Sres. Concejales para tratar tema: donaci\u00f3n realizado por el Sr. Nahuel Cancela.-<\/p>\n<p style=\"text-align: justify;\">\n<p style=\"text-align: justify;\"><strong>34) Nota R. N\u00ba 019-HCD-19.-<\/strong> Sr. Pablo Ariel Rodr\u00edguez, eleva nota solicitando reuni\u00f3n de Comisi\u00f3n, por tema: Resoluci\u00f3n N\u00ba 1716-HCD-16, habilitaci\u00f3n venta de neum\u00e1ticos.-\n<\/p>\n<p style=\"text-align: justify;\">\n<strong>35) Nota R. N\u00ba 020-HCD-19.-<\/strong> Picahuesos B\u00e1squet Club, solicita excepci\u00f3n pago de Tasas Municipales de terreno adquirido mediante Resoluci\u00f3n N\u00ba 1644-HCD-16.-<\/p>\n<p style=\"text-align: justify;\">\n<p style=\"text-align: justify;\"><strong>36) Nota R. N\u00ba 023-HCD-19.-<\/strong> Colegio P\u00fablico de Profesores de Educaci\u00f3n F\u00edsica de San Luis (COPEF), solicitan audiencia en Comisi\u00f3n, para explicar los beneficios de tener actividad f\u00edsica y solicitan adhesi\u00f3n a la Ley Provincial XIV-0856-2013 de creaci\u00f3n del Colegio.-<\/p>\n","protected":false},"excerpt":{"rendered":"<p>ORDEN DEL D\u00cdA &#8211; SESI\u00d3N ORDINARIA FECHA: 07 DE MARZO DE 2019 ACTA N\u00ba 001-HCD-2019 De los Despachos de Comisi\u00f3n.- 1) Nota R. N\u00ba 026-HCD-19.- Despacho de Comisi\u00f3n, Proyecto de Resoluci\u00f3n, en ref.: Designar miembros para las Comisiones de Trabajo del H.C.D. a\u00f1o 2019.- 2) Nota R. N\u00ba 027-HCD-19.- Despacho de Comisi\u00f3n, Proyecto de Resoluci\u00f3n,<\/p><\/div>\n<div class=\"blog-btn\"><a href=\"https:\/\/hcdvillademerlo.com\/index.php\/2019\/03\/07\/orden-del-dia-sesion-ordinaria-fecha-07-de-marzo-de-2019-acta-no-001-hcd-2019\/\" class=\"home-blog-btn\">Leer m\u00e1s<\/a><\/p>\n","protected":false},"author":1,"featured_media":0,"comment_status":"closed","ping_status":"closed","sticky":false,"template":"","format":"standard","meta":{"footnotes":""},"categories":[7],"tags":[],"class_list":["post-4337","post","type-post","status-publish","format-standard","hentry","category-orden-del-dia"],"_links":{"self":[{"href":"https:\/\/hcdvillademerlo.com\/index.php\/wp-json\/wp\/v2\/posts\/4337","targetHints":{"allow":["GET"]}}],"collection":[{"href":"https:\/\/hcdvillademerlo.com\/index.php\/wp-json\/wp\/v2\/posts"}],"about":[{"href":"https:\/\/hcdvillademerlo.com\/index.php\/wp-json\/wp\/v2\/types\/post"}],"author":[{"embeddable":true,"href":"https:\/\/hcdvillademerlo.com\/index.php\/wp-json\/wp\/v2\/users\/1"}],"replies":[{"embeddable":true,"href":"https:\/\/hcdvillademerlo.com\/index.php\/wp-json\/wp\/v2\/comments?post=4337"}],"version-history":[{"count":0,"href":"https:\/\/hcdvillademerlo.com\/index.php\/wp-json\/wp\/v2\/posts\/4337\/revisions"}],"wp:attachment":[{"href":"https:\/\/hcdvillademerlo.com\/index.php\/wp-json\/wp\/v2\/media?parent=4337"}],"wp:term":[{"taxonomy":"category","embeddable":true,"href":"https:\/\/hcdvillademerlo.com\/index.php\/wp-json\/wp\/v2\/categories?post=4337"},{"taxonomy":"post_tag","embeddable":true,"href":"https:\/\/hcdvillademerlo.com\/index.php\/wp-json\/wp\/v2\/tags?post=4337"}],"curies":[{"name":"wp","href":"https:\/\/api.w.org\/{rel}","templated":true}]}}