{"id":419,"date":"2016-03-04T14:25:23","date_gmt":"2016-03-04T17:25:23","guid":{"rendered":"http:\/\/hcdvillademerlo.com.ar.j8a.com.ar\/?p=419"},"modified":"2016-03-04T14:25:23","modified_gmt":"2016-03-04T17:25:23","slug":"reglamenta-ocupacion-de-espacio-publico-por-obras-en-via-publica","status":"publish","type":"post","link":"https:\/\/hcdvillademerlo.com\/index.php\/2016\/03\/04\/reglamenta-ocupacion-de-espacio-publico-por-obras-en-via-publica\/","title":{"rendered":"REGLAMENTA OCUPACI\u00d3N DE ESPACIO PUBLICO POR OBRAS EN VIA PUBLICA"},"content":{"rendered":"<p style=\"text-align: right\">Merlo, San Luis, 14 de Octubre de 1992<\/p>\n<p>&nbsp;<\/p>\n<p style=\"text-align: center\"><strong><u>ORDENANZA N\u00ba 498-HCD-1992<\/u><\/strong><\/p>\n<p>&nbsp;<br \/>\n<strong><u>VISTO:<\/u><\/strong><br \/>\nEl proyecto de Ordenanza, presentado por el Concejal V\u00edctor Iglesias del Bloque de la Uni\u00f3n C\u00edvica Radical, referido a la obstrucci\u00f3n de la v\u00eda p\u00fablica, con dep\u00f3sitos de materiales, en obras realizadas por entidades constructoras privadas o publicas, \u00a0y;<br \/>\n<strong><u>CONSIDERANDO:<\/u><\/strong><br \/>\nQue el dep\u00f3sito de tierra, arena u otros materiales de construcci\u00f3n, en la v\u00eda publica (vereda y\/o calle), constituyen un obst\u00e1culo para la libre circulaci\u00f3n de peatones y\/o veh\u00edculos, suponiendo adem\u00e1s un riesgo cierto para la integridad de los mismos.-<br \/>\nQue el tema ha sido tratado reglamentariamente en la Comisi\u00f3n pertinente, contando con un Despacho de la misma y posterior apoyo del resto de los ediles.-<br \/>\n&nbsp;<br \/>\n<strong>POR ELLO ESTE HONORABLE CONCEJO DELIBERANTE DE MERLO (S.L) EN USO DE LAS ATRIBUCIONES QUE LE OTORGA LA LEY,<\/strong><\/p>\n<p style=\"text-align: center\"><strong><u>\u00a0<\/u><\/strong><strong><u>ORDENA<\/u><\/strong><\/p>\n<ul>\n<li>Queda totalmente prohibido ocupar la v\u00eda publica (vereda y\/o calle, con escombros, tierra, materiales de construcci\u00f3n o cualquier otro elemento, sin el correspondiente permiso municipal.-<\/li>\n<li>Todas las obras realizadas en la v\u00eda publica, tanto publicas o privadas, que signifiquen rotura de la v\u00eda publica, u ocupaci\u00f3n de la misma, para el acopio de materiales, deber\u00e1 adem\u00e1s de contar con el permiso correspondiente, cumplir las siguientes normas de se\u00f1alizaci\u00f3n:\n<ol>\n<li>Se\u00f1alizaci\u00f3n diurna con banderines de chapa triangulares de 30 x 50 cm., color rojo, montados sobre parantes de 1.50m. de altura y perfectamente amurados.-<\/li>\n<li>Se\u00f1alizaci\u00f3n nocturna, con luces rojas claramente visibles a 100m de distancia y delimitando la zona de trabajo.-<\/li>\n<li>En todos los casos, deber\u00e1 construirse una valla pintada de blanco, con letras negras y la leyenda \u201cHOMBRES TRABAJANDO\u201d, valla que ser\u00e1 colocada en lugar visible a una distancia de 50m. antes del obst\u00e1culo.-<\/li>\n<li>Si se prev\u00e9 la obstrucci\u00f3n total de la calzada, se deber\u00e1 aparte de las medidas antedichas, colocar en la bocacalle de la cuadra afectada, vallas de 2m. de ancho, con una inscripci\u00f3n \u201cCERRADO AL TRANSITO\u201d, pintada en letras negras, sobre fondo blanco, con el agregado en letra menor, de la entidad o repartici\u00f3n responsable del trabajo.-<\/li>\n<\/ol>\n<\/li>\n<li>La falta de cumplimiento de la presente Ordenanza, dar\u00e1 derecho a la Municipalidad a paralizar los trabajos sin intimaci\u00f3n previa, procediendo al balizamiento de emergencia, hasta tanto los responsables, cumplimenten los requisitos de la presente. En caso de no existir responsable de la obra, la Municipalidad dispondr\u00e1 del material utilizable, traslad\u00e1ndolo al Corral\u00f3n Municipal, considerando al resto como residuo.-<\/li>\n<li>En los casos de incumplimiento de la presente Ordenanza, sin perjuicio de las multas dispuestas en el respectivo C\u00f3digo de Faltas, el costo de los trabajos efectuados por la Municipalidad, seg\u00fan el art. 3\u00ba, ser\u00e1 abonado por el propietario o responsable de la obra.-<\/li>\n<li>La Municipalidad, no reconocer\u00e1 como causal de incumplimiento, la sustracci\u00f3n de los elementos indicadores por parte de terceros, debiendo en tales casos ser repuestos inmediatamente.-<\/li>\n<li>Comun\u00edquese, Publ\u00edquese, Reg\u00edstrese y Arch\u00edvese.-<\/li>\n<\/ul>\n<p>&nbsp;<br \/>\nDADO, SELLADO Y FIRMADO EN LA SALA DE SESIONES DEL HONORABLE CONCEJO DELIBERANTE DE MERLO (S.L.), EN SESI\u00d3N ORDINARIA DEL D\u00cdA CATORCE DE OCTUBRE DE MIL NOVECIENTOS NOVENTA Y DOS POR UNANIMIDAD.-<br \/>\n<strong>\u00a0<\/strong><br \/>\n&nbsp;<br \/>\nPresidente H.C.D.: Eduardo E. Ponce<br \/>\nSecretario H.C.D.: Delfor D. Silva<br \/>\n<strong>\u00a0<\/strong><br \/>\n&nbsp;<br \/>\n&nbsp;<\/p>\n","protected":false},"excerpt":{"rendered":"<p>Merlo, San Luis, 14 de Octubre de 1992 &nbsp; ORDENANZA N\u00ba 498-HCD-1992 &nbsp; VISTO: El proyecto de Ordenanza, presentado por el Concejal V\u00edctor Iglesias del Bloque de la Uni\u00f3n C\u00edvica Radical, referido a la obstrucci\u00f3n de la v\u00eda p\u00fablica, con dep\u00f3sitos de materiales, en obras realizadas por entidades constructoras privadas o publicas, \u00a0y; CONSIDERANDO: Que<\/p><\/div>\n<div class=\"blog-btn\"><a href=\"https:\/\/hcdvillademerlo.com\/index.php\/2016\/03\/04\/reglamenta-ocupacion-de-espacio-publico-por-obras-en-via-publica\/\" class=\"home-blog-btn\">Leer m\u00e1s<\/a><\/p>\n","protected":false},"author":1,"featured_media":0,"comment_status":"closed","ping_status":"open","sticky":false,"template":"","format":"standard","meta":{"footnotes":""},"categories":[9],"tags":[124,231],"class_list":["post-419","post","type-post","status-publish","format-standard","hentry","category-planeamiento-urbano","tag-espacio","tag-publico"],"_links":{"self":[{"href":"https:\/\/hcdvillademerlo.com\/index.php\/wp-json\/wp\/v2\/posts\/419","targetHints":{"allow":["GET"]}}],"collection":[{"href":"https:\/\/hcdvillademerlo.com\/index.php\/wp-json\/wp\/v2\/posts"}],"about":[{"href":"https:\/\/hcdvillademerlo.com\/index.php\/wp-json\/wp\/v2\/types\/post"}],"author":[{"embeddable":true,"href":"https:\/\/hcdvillademerlo.com\/index.php\/wp-json\/wp\/v2\/users\/1"}],"replies":[{"embeddable":true,"href":"https:\/\/hcdvillademerlo.com\/index.php\/wp-json\/wp\/v2\/comments?post=419"}],"version-history":[{"count":0,"href":"https:\/\/hcdvillademerlo.com\/index.php\/wp-json\/wp\/v2\/posts\/419\/revisions"}],"wp:attachment":[{"href":"https:\/\/hcdvillademerlo.com\/index.php\/wp-json\/wp\/v2\/media?parent=419"}],"wp:term":[{"taxonomy":"category","embeddable":true,"href":"https:\/\/hcdvillademerlo.com\/index.php\/wp-json\/wp\/v2\/categories?post=419"},{"taxonomy":"post_tag","embeddable":true,"href":"https:\/\/hcdvillademerlo.com\/index.php\/wp-json\/wp\/v2\/tags?post=419"}],"curies":[{"name":"wp","href":"https:\/\/api.w.org\/{rel}","templated":true}]}}