{"id":3930,"date":"2018-12-21T12:19:06","date_gmt":"2018-12-21T15:19:06","guid":{"rendered":"http:\/\/www.hcdvillademerlo.com.ar\/?p=3930"},"modified":"2021-11-17T11:31:43","modified_gmt":"2021-11-17T14:31:43","slug":"ordenanza-no-vii-0865-hcd-2018-tarifas-de-transporte-publico-de-pasajeros","status":"publish","type":"post","link":"https:\/\/hcdvillademerlo.com\/index.php\/2018\/12\/21\/ordenanza-no-vii-0865-hcd-2018-tarifas-de-transporte-publico-de-pasajeros\/","title":{"rendered":"ORDENANZA N\u00ba VII-0865-HCD-2018: TARIFAS DE TRANSPORTE PUBLICO DE PASAJEROS"},"content":{"rendered":"<p style=\"text-align: right;\"><span style=\"vertical-align: inherit;\"><span style=\"vertical-align: inherit;\"><span style=\"vertical-align: inherit;\"><span style=\"vertical-align: inherit;\">Villa de Merlo, (San Luis), 13 de diciembre de 2018.-<\/span><\/span><\/span><\/span><\/p>\n<p>&nbsp;<br \/>\n<strong>\u00a0\u00a0\u00a0\u00a0\u00a0\u00a0\u00a0\u00a0\u00a0\u00a0\u00a0\u00a0\u00a0\u00a0\u00a0\u00a0\u00a0\u00a0\u00a0\u00a0\u00a0\u00a0\u00a0\u00a0\u00a0\u00a0\u00a0\u00a0\u00a0\u00a0\u00a0\u00a0\u00a0\u00a0\u00a0\u00a0\u00a0\u00a0\u00a0\u00a0\u00a0\u00a0\u00a0 <\/strong><\/p>\n<p style=\"text-align: center;\"><strong><u><span style=\"vertical-align: inherit;\"><span style=\"vertical-align: inherit;\"><span style=\"vertical-align: inherit;\"><span style=\"vertical-align: inherit;\">ORDENANZA N\u00ba VII-0865-HCD-2018<\/span><\/span><\/span><\/span><\/u><\/strong><\/p>\n<p><strong><u><span style=\"vertical-align: inherit;\"><span style=\"vertical-align: inherit;\"><span style=\"vertical-align: inherit;\"><span style=\"vertical-align: inherit;\">VISTO:<\/span><\/span><\/span><\/span><\/u><\/strong><\/p>\n<p style=\"text-align: justify;\"><span style=\"vertical-align: inherit;\"><span style=\"vertical-align: inherit;\"><span style=\"vertical-align: inherit;\"><span style=\"vertical-align: inherit;\">Solicitud de aumento de tarifas Sistema de transporte urbano por medio de la Nota Rec. N\u00ba 866-HCD-2018, de fecha 13.11.2018, por el Ejecutivo Municipal, ante la propuesta de la empresa Zenitram San Luis SRL; <\/span><\/span><\/span><span style=\"vertical-align: inherit;\"><span style=\"vertical-align: inherit;\"><span style=\"vertical-align: inherit;\">y<\/span><\/span><\/span><\/span><\/p>\n<p>&nbsp;<br \/>\n<strong><u><span style=\"vertical-align: inherit;\"><span style=\"vertical-align: inherit;\"><span style=\"vertical-align: inherit;\"><span style=\"vertical-align: inherit;\">CONSIDERANDO<\/span><\/span><\/span><\/span><\/u><span style=\"vertical-align: inherit;\"><span style=\"vertical-align: inherit;\"><span style=\"vertical-align: inherit;\"><span style=\"vertical-align: inherit;\"> :<\/span><\/span><\/span><\/span><\/strong><\/p>\n<p style=\"text-align: justify;\"><span style=\"vertical-align: inherit;\"><span style=\"vertical-align: inherit;\"><span style=\"vertical-align: inherit;\"><span style=\"vertical-align: inherit;\">Que en el presente a\u00f1o este HCD autoriza un aumento en el transporte p\u00fablico en el mes de junio del 30% .-<\/span><\/span><\/span><\/span><\/p>\n<p style=\"text-align: justify;\"><span style=\"vertical-align: inherit;\"><span style=\"vertical-align: inherit;\">Que se realiz\u00f3 una reuni\u00f3n en este Honorable Concejo Deliberante con representantes del Poder Ejecutivo Municipal, Secretario de Gobierno Se\u00f1or Mariano Gonz\u00e1lez y la Direcci\u00f3n de Transporte Se\u00f1ora Nelly Fenoglio, Representantes de la empresa Zenitram, representantes de los choferes de micros de la mencionada Empresa y Concejales de ambos bloques.-<\/span><\/span><\/p>\n<p style=\"text-align: justify;\"><span style=\"vertical-align: inherit;\"><span style=\"vertical-align: inherit;\">Que en dicha reuni\u00f3n la empresa explique la situaci\u00f3n dif\u00edcil que est\u00e1 atravesando por el aumento de los servicios operativos y el retraso en los env\u00edos de los Sistemas Integrados de Transporte Automotor (SISTAU) .-<\/span><\/span><\/p>\n<p style=\"text-align: justify;\"><span style=\"vertical-align: inherit;\"><span style=\"vertical-align: inherit;\">Que tambi\u00e9n se brind\u00f3 informaci\u00f3n sobre el d\u00e9ficit y la situaci\u00f3n que estar\u00edamos atravesando.-<\/span><\/span><\/p>\n<p style=\"text-align: justify;\"><span style=\"vertical-align: inherit;\"><span style=\"vertical-align: inherit;\">\u00bfCu\u00e1les son las gestiones del Gobierno Provincial? Las Nacionales con la participaci\u00f3n de un representante del Poder Ejecutivo municipal, es necesario compensar la empresa para que el servicio y la capacidad del mismo. .-<\/span><\/span><\/p>\n<p style=\"text-align: justify;\"><span style=\"vertical-align: inherit;\"><span style=\"vertical-align: inherit;\">\u00a0Que la empresa comunica d\u00edas atr\u00e1s al Departamento Ejecutivo Municipal la decisi\u00f3n de continuar con la prestaci\u00f3n del Servicio hasta el d\u00eda 31 de Diciembre del corriente a\u00f1o.-<\/span><\/span><\/p>\n<p style=\"text-align: justify;\"><span style=\"vertical-align: inherit;\"><span style=\"vertical-align: inherit;\">Que en la reuni\u00f3n de la Comisi\u00f3n, se mencionan m\u00e1s arriba, los representantes de Zenitram expresan que su voluntad es continuar brindando el servicio y se regulariza la situaci\u00f3n econ\u00f3mica y se compromete por el Ejecutivo Municipal al momento de la concesi\u00f3n.-<\/span><\/span><\/p>\n<p style=\"text-align: justify;\"><span style=\"vertical-align: inherit;\"><span style=\"vertical-align: inherit;\">Que existe un proyecto de Ley presentado en la legislatura provincial que propone la &#8220;Creaci\u00f3n de un Fondo para el subsidio al transporte automotor urbano e interurbano de pasajeros&#8221;, cuyo destino es la subsidiaria o la tarifa boleto respectivo.-<\/span><\/span><\/p>\n<p style=\"text-align: justify;\"><span style=\"vertical-align: inherit;\"><span style=\"vertical-align: inherit;\">Que si bien el aumento de la tarifa en el boleto impacta en el usuario directamente, se ha tratado de enmarcarlo en los lugares de inter\u00e9s en otras localidades de la provincia.-<\/span><\/span><\/p>\n<p style=\"text-align: justify;\"><span style=\"vertical-align: inherit;\"><span style=\"vertical-align: inherit;\">Que dicho aumento podr\u00eda colaborar para que la empresa pueda proporcionar el servicio, garantizar las fuentes de trabajo y dejar de lado a los usuarios sin el mismo, sobre todos los que se utilizan para asistir a sus trabajos.<\/span><\/span><\/p>\n<p style=\"text-align: justify;\"><span style=\"vertical-align: inherit;\"><span style=\"vertical-align: inherit;\">Que por todo esto se resuelve conforme a continuaci\u00f3n se establece.-<\/span><\/span><\/p>\n<p>&nbsp;<br \/>\n<strong><span style=\"vertical-align: inherit;\"><span style=\"vertical-align: inherit;\">POR TODO LO EXPUESTO, ESTE HONOR CONCEJO DELIBERANTE DE LA CIUDAD VILLA DE MERLO, SAN LUIS, EN USO DE LAS ATRIBUCIONES Y FACULTADES QUE LE CONFIERE LA LEY SANCIONA EL SIGUIENTE:<\/span><\/span><\/strong><\/p>\n<p style=\"text-align: center;\"><strong><u><span style=\"vertical-align: inherit;\"><span style=\"vertical-align: inherit;\">ORDENANZA<\/span><\/span><\/u><\/strong><\/p>\n<p>&nbsp;<\/p>\n<p style=\"text-align: justify;\"><strong><u><span style=\"vertical-align: inherit;\"><span style=\"vertical-align: inherit;\">ART\u00cdCULO 1<\/span><\/span><\/u><span style=\"vertical-align: inherit;\"><span style=\"vertical-align: inherit;\"> : AUTORIZAR el siguiente CUADRO DE TARIFAS<\/span><\/span><\/strong><span style=\"vertical-align: inherit;\"><span style=\"vertical-align: inherit;\"> para el Servicio de Transporte P\u00fablico de Pasajeros de nuestra Villa:<\/span><\/span><\/p>\n<table>\n<tbody>\n<tr>\n<td width=\"534\"><span style=\"vertical-align: inherit;\"><span style=\"vertical-align: inherit;\">-Boleto Pasaje UNICO &gt;&gt;&gt;&gt;&gt;&gt;&gt;&gt;&gt;&gt;&gt;&gt;&gt;&gt;&gt;&gt;&gt;&gt;&gt;&gt;&gt;&gt;&gt;&gt;&gt;&gt;&gt; $ 23,00.-<\/span><\/span><\/td>\n<\/tr>\n<tr>\n<td width=\"534\"><span style=\"vertical-align: inherit;\"><span style=\"vertical-align: inherit;\">-Boleto Pasaje UNICO TURISTICO &gt;&gt;&gt;&gt;&gt;&gt;&gt;&gt;&gt;&gt;&gt;&gt;&gt;&gt;&gt;&gt;&gt; $ 25,00.-<\/span><\/span><\/td>\n<\/tr>\n<tr>\n<td width=\"534\"><span style=\"vertical-align: inherit;\"><span style=\"vertical-align: inherit;\">-Boleto Pasaje Docentes &gt;&gt;&gt;&gt;&gt;&gt;&gt;&gt;&gt;&gt;&gt;&gt;&gt;&gt;&gt;&gt;&gt;&gt;&gt;&gt;&gt;&gt;&gt;&gt; $ 13,00.-<\/span><\/span><\/td>\n<\/tr>\n<tr>\n<td width=\"534\"><span style=\"vertical-align: inherit;\"><span style=\"vertical-align: inherit;\">-Boleto Pasajeros Frecuentes (Bono 10 pasajes) &gt;&gt;&gt;&gt;&gt;&gt;&gt; $ 20,00.-<\/span><\/span><\/td>\n<\/tr>\n<tr>\n<td width=\"534\"><span style=\"vertical-align: inherit;\"><span style=\"vertical-align: inherit;\">-Boleto Pasajeros Frecuentes (Bono 20 Pasajes) &gt;&gt;&gt;&gt;&gt;&gt; $ 18,00.-<\/span><\/span><\/td>\n<\/tr>\n<tr>\n<td width=\"534\"><span style=\"vertical-align: inherit;\"><span style=\"vertical-align: inherit;\">-Boleto Pasaje estudiantil UNICO &gt;&gt;&gt;&gt;&gt;&gt;&gt;&gt;&gt;&gt;&gt;&gt;&gt;&gt;&gt;&gt;&gt;&gt;&gt; $ 7,00.-<\/span><\/span><\/td>\n<\/tr>\n<tr>\n<td width=\"534\"><span style=\"vertical-align: inherit;\"><span style=\"vertical-align: inherit;\">-Boleto discapacitados &gt;&gt;&gt;&gt;&gt;&gt;&gt;&gt;&gt;&gt;&gt;&gt;&gt;&gt;&gt;&gt;&gt;&gt;&gt;&gt;&gt;&gt;&gt;&gt;&gt;&gt;&gt; $ 0,00.-<\/span><\/span><br \/>\n&nbsp;<\/td>\n<\/tr>\n<\/tbody>\n<\/table>\n<p style=\"text-align: justify;\"><strong><u><span style=\"vertical-align: inherit;\"><span style=\"vertical-align: inherit;\">ART\u00cdCULO 2\u00ba<\/span><\/span><\/u><span style=\"vertical-align: inherit;\"><span style=\"vertical-align: inherit;\"> :<\/span><\/span><\/strong><span style=\"vertical-align: inherit;\"><span style=\"vertical-align: inherit;\"> Tanto el DEM como la empresa han difundido la posibilidad de comprar los Abonos.-<\/span><\/span><\/p>\n<p style=\"text-align: justify;\"><strong><u><span style=\"vertical-align: inherit;\"><span style=\"vertical-align: inherit;\">ART\u00cdCULO 3 \u00b0<\/span><\/span><\/u><span style=\"vertical-align: inherit;\"><span style=\"vertical-align: inherit;\"> :<\/span><\/span><\/strong><span style=\"vertical-align: inherit;\"><span style=\"vertical-align: inherit;\"> Aplicaci\u00f3n en el caso de lo normal en el art\u00edculo 1\u00ba de la Ordenanza N\u00ba 1159-HCD-2009.-<\/span><\/span><\/p>\n<p style=\"text-align: justify;\"><a href=\"http:\/\/www.hcdvillademerlo.com.ar\/reglamenta-publicacion-de-ordenanzas\/\"><span style=\"vertical-align: inherit;\"><span style=\"vertical-align: inherit;\">ORDENANZA N\u00ba 1159-HCD-2009: REGLAMENTA PUBLICACI\u00d3N DE ORDENANZAS<\/span><\/span><\/a><\/p>\n<p style=\"text-align: justify;\"><strong><u><span style=\"vertical-align: inherit;\"><span style=\"vertical-align: inherit;\">ARTICULO 4 \u00b0<\/span><\/span><\/u><span style=\"vertical-align: inherit;\"><span style=\"vertical-align: inherit;\"> : DEROGAR<\/span><\/span><\/strong><span style=\"vertical-align: inherit;\"><span style=\"vertical-align: inherit;\"> en todas sus partes la Ordenanza N \u00b0 VII-0826-HCD-2018.-<\/span><\/span><\/p>\n<p style=\"text-align: justify;\"><a href=\"http:\/\/www.hcdvillademerlo.com.ar\/ordenanza-no-vii-0826-hcd-2018-autoriza-aumento-de-tarifas-de-transporte-urbano-de-pasajeros\/\"><span style=\"vertical-align: inherit;\"><span style=\"vertical-align: inherit;\"><span style=\"vertical-align: inherit;\"><span style=\"vertical-align: inherit;\">ORDENANZA N\u00ba VII- 0826-HCD-2018: AUTORIZA AUMENTO DE TARIFAS DE TRANSPORTE URBANO DE PASAJEROS<\/span><\/span><\/span><\/span><\/a><\/p>\n<p style=\"text-align: justify;\"><strong><u><span style=\"vertical-align: inherit;\"><span style=\"vertical-align: inherit;\"><span style=\"vertical-align: inherit;\"><span style=\"vertical-align: inherit;\">ARTICULO 5 \u00b0<\/span><\/span><\/span><\/span><\/u><span style=\"vertical-align: inherit;\"><span style=\"vertical-align: inherit;\"><span style=\"vertical-align: inherit;\"><span style=\"vertical-align: inherit;\"> : <\/span><\/span><\/span><\/span><\/strong><strong><span style=\"vertical-align: inherit;\"><span style=\"vertical-align: inherit;\"><span style=\"vertical-align: inherit;\"><span style=\"vertical-align: inherit;\">COMUNICADO, PUBLICADO, REGISTRO Y ARCHIVO OPORTUNAMENTE.-<\/span><\/span><\/span><\/span><\/strong><\/p>\n<p style=\"text-align: justify;\">\n","protected":false},"excerpt":{"rendered":"<p>Villa de Merlo, (San Luis), 13 de diciembre de 2018.- &nbsp; \u00a0\u00a0\u00a0\u00a0\u00a0\u00a0\u00a0\u00a0\u00a0\u00a0\u00a0\u00a0\u00a0\u00a0\u00a0\u00a0\u00a0\u00a0\u00a0\u00a0\u00a0\u00a0\u00a0\u00a0\u00a0\u00a0\u00a0\u00a0\u00a0\u00a0\u00a0\u00a0\u00a0\u00a0\u00a0\u00a0\u00a0\u00a0\u00a0\u00a0\u00a0\u00a0\u00a0 ORDENANZA N\u00ba VII-0865-HCD-2018 VISTO: Solicitud de aumento de tarifas Sistema de transporte urbano por medio de la Nota Rec. N\u00ba 866-HCD-2018, de fecha 13.11.2018, por el Ejecutivo Municipal, ante la propuesta de la empresa Zenitram San Luis SRL; y &nbsp; CONSIDERANDO : Que<\/p><\/div>\n<div class=\"blog-btn\"><a href=\"https:\/\/hcdvillademerlo.com\/index.php\/2018\/12\/21\/ordenanza-no-vii-0865-hcd-2018-tarifas-de-transporte-publico-de-pasajeros\/\" class=\"home-blog-btn\">Leer m\u00e1s<\/a><\/p>\n","protected":false},"author":1,"featured_media":3579,"comment_status":"closed","ping_status":"closed","sticky":false,"template":"","format":"standard","meta":{"footnotes":""},"categories":[20,8,293],"tags":[],"class_list":["post-3930","post","type-post","status-publish","format-standard","has-post-thumbnail","hentry","category-hacienda","category-ordenanza","category-ordenanzas-2018"],"_links":{"self":[{"href":"https:\/\/hcdvillademerlo.com\/index.php\/wp-json\/wp\/v2\/posts\/3930","targetHints":{"allow":["GET"]}}],"collection":[{"href":"https:\/\/hcdvillademerlo.com\/index.php\/wp-json\/wp\/v2\/posts"}],"about":[{"href":"https:\/\/hcdvillademerlo.com\/index.php\/wp-json\/wp\/v2\/types\/post"}],"author":[{"embeddable":true,"href":"https:\/\/hcdvillademerlo.com\/index.php\/wp-json\/wp\/v2\/users\/1"}],"replies":[{"embeddable":true,"href":"https:\/\/hcdvillademerlo.com\/index.php\/wp-json\/wp\/v2\/comments?post=3930"}],"version-history":[{"count":1,"href":"https:\/\/hcdvillademerlo.com\/index.php\/wp-json\/wp\/v2\/posts\/3930\/revisions"}],"predecessor-version":[{"id":6645,"href":"https:\/\/hcdvillademerlo.com\/index.php\/wp-json\/wp\/v2\/posts\/3930\/revisions\/6645"}],"wp:featuredmedia":[{"embeddable":true,"href":"https:\/\/hcdvillademerlo.com\/index.php\/wp-json\/"}],"wp:attachment":[{"href":"https:\/\/hcdvillademerlo.com\/index.php\/wp-json\/wp\/v2\/media?parent=3930"}],"wp:term":[{"taxonomy":"category","embeddable":true,"href":"https:\/\/hcdvillademerlo.com\/index.php\/wp-json\/wp\/v2\/categories?post=3930"},{"taxonomy":"post_tag","embeddable":true,"href":"https:\/\/hcdvillademerlo.com\/index.php\/wp-json\/wp\/v2\/tags?post=3930"}],"curies":[{"name":"wp","href":"https:\/\/api.w.org\/{rel}","templated":true}]}}