{"id":3918,"date":"2018-12-21T11:51:10","date_gmt":"2018-12-21T14:51:10","guid":{"rendered":"http:\/\/www.hcdvillademerlo.com.ar\/?p=3918"},"modified":"2021-11-17T11:32:04","modified_gmt":"2021-11-17T14:32:04","slug":"ordenanza-no-vii-0862-hcd-2018-nocturnidad-en-villa-de-merlo","status":"publish","type":"post","link":"https:\/\/hcdvillademerlo.com\/index.php\/2018\/12\/21\/ordenanza-no-vii-0862-hcd-2018-nocturnidad-en-villa-de-merlo\/","title":{"rendered":"ORDENANZA N\u00ba VII-0862-HCD-2018  \u00a0\u201cNOCTURNIDAD EN VILLA DE MERLO\u201d"},"content":{"rendered":"<p style=\"text-align: right;\"><span style=\"vertical-align: inherit;\"><span style=\"vertical-align: inherit;\"><span style=\"vertical-align: inherit;\"><span style=\"vertical-align: inherit;\">Villa de Merlo, (San Luis), 13 de diciembre de 2018.-<\/span><\/span><\/span><\/span><\/p>\n<p style=\"text-align: center;\"><strong><u><span style=\"vertical-align: inherit;\"><span style=\"vertical-align: inherit;\"><span style=\"vertical-align: inherit;\"><span style=\"vertical-align: inherit;\">ORDENANZA N\u00ba VII-0862-HCD-2018<\/span><\/span><\/span><\/span><\/u><\/strong><\/p>\n<p style=\"text-align: center;\"><span style=\"vertical-align: inherit;\"><span style=\"vertical-align: inherit;\"><span style=\"vertical-align: inherit;\"><span style=\"vertical-align: inherit;\">\u00a0\u201c <\/span><\/span><\/span><\/span><u><span style=\"vertical-align: inherit;\"><span style=\"vertical-align: inherit;\"><span style=\"vertical-align: inherit;\"><span style=\"vertical-align: inherit;\">NOCTURNIDAD EN VILLA DE MERLO<\/span><\/span><\/span><\/span><\/u><span style=\"vertical-align: inherit;\"><span style=\"vertical-align: inherit;\"><span style=\"vertical-align: inherit;\"><span style=\"vertical-align: inherit;\"> \u201d<\/span><\/span><\/span><\/span><\/p>\n<p style=\"text-align: justify;\"><strong><u><span style=\"vertical-align: inherit;\"><span style=\"vertical-align: inherit;\"><span style=\"vertical-align: inherit;\"><span style=\"vertical-align: inherit;\">VISTO:<\/span><\/span><\/span><\/span><\/u><\/strong><\/p>\n<p style=\"text-align: justify;\"><span style=\"vertical-align: inherit;\"><span style=\"vertical-align: inherit;\"><span style=\"vertical-align: inherit;\"><span style=\"vertical-align: inherit;\">La necesidad de actualizar la normativa vigente respecto a la recreaci\u00f3n nocturna; <\/span><\/span><\/span><span style=\"vertical-align: inherit;\"><span style=\"vertical-align: inherit;\"><span style=\"vertical-align: inherit;\">y<\/span><\/span><\/span><\/span><\/p>\n<p style=\"text-align: justify;\"><strong><u><span style=\"vertical-align: inherit;\"><span style=\"vertical-align: inherit;\"><span style=\"vertical-align: inherit;\"><span style=\"vertical-align: inherit;\">CONSIDERANDO:<\/span><\/span><\/span><\/span><\/u><\/strong><\/p>\n<p style=\"text-align: justify;\"><span style=\"vertical-align: inherit;\"><span style=\"vertical-align: inherit;\"><span style=\"vertical-align: inherit;\"><span style=\"vertical-align: inherit;\">Que mediante la Resoluci\u00f3n N\u00ba 1879-HCD-2018, este HCD convoc\u00f3 en el marco de la Ordenanza N\u00ba 1168-HCD-2009, una Audiencia P\u00fablica para el tema de la noche en la Villa de Merlo.-<\/span><\/span><\/span><\/span><\/p>\n<p style=\"text-align: justify;\"><span style=\"vertical-align: inherit;\"><span style=\"vertical-align: inherit;\"><span style=\"vertical-align: inherit;\"><span style=\"vertical-align: inherit;\">Que la iniciativa tuvo una trascendencia en la Villa, que fueron las instituciones y las personas que se inscribieron para participar en la Audiencia P\u00fablica, raz\u00f3n por la cual, mediante la Resoluci\u00f3n N\u00ba 1894-HCD-2018 pudiesen explayarse.-<\/span><\/span><\/span><\/span><\/p>\n<p style=\"text-align: justify;\"><span style=\"vertical-align: inherit;\"><span style=\"vertical-align: inherit;\"><span style=\"vertical-align: inherit;\"><span style=\"vertical-align: inherit;\">\u00bfQu\u00e9 audiencias se llevaron a cabo en el Centro de Jubilados? \u00bfVolveremos a Empezar? De esta Villa, los responsables gentilmente cedieron las instalaciones para ello, los que han sido especialmente de los j\u00f3venes, colegios, centros de estudiantes, profesionales y diferentes vecinos de la villa.-<\/span><\/span><\/span><\/span><\/p>\n<p style=\"text-align: justify;\"><span style=\"vertical-align: inherit;\"><span style=\"vertical-align: inherit;\">\u00bfPor qu\u00e9? \u00bfAdem\u00e1s, durante el transcurso del presente a\u00f1o, hemos llevado a cabo un gran n\u00famero de reuniones en el HCD, hablamos de las mismas, las Fuerzas de Seguridad, Bomberos, Colegios de Profesionales, Instituciones Educativas, Centros de Estudiantes, Funcionarios, Propietarios de las m\u00e1s Las actividades de la noche, y los vecinos en general que se acercaron a los interesados \u200b\u200ben el tema.-<\/span><\/span><\/p>\n<p style=\"text-align: justify;\"><span style=\"vertical-align: inherit;\"><span style=\"vertical-align: inherit;\">Que debido al constante aumento poblacional se ha ampliado a los sectores residenciales, al tiempo que ha aumentado la poblaci\u00f3n de j\u00f3venes, a la demanda de recreaci\u00f3n nocturna.-<\/span><\/span><\/p>\n<p style=\"text-align: justify;\"><span style=\"vertical-align: inherit;\"><span style=\"vertical-align: inherit;\">Que la decisi\u00f3n del emplazamiento de las confiter\u00edas bailables y otros de la noche debe contemplar los intereses de los vecinos.-<\/span><\/span><\/p>\n<p style=\"text-align: justify;\"><span style=\"vertical-align: inherit;\"><span style=\"vertical-align: inherit;\">Que es necesario reglamentar la edificaci\u00f3n, procurando la aplicaci\u00f3n de las normas nacionales.-<\/span><\/span><\/p>\n<p style=\"text-align: justify;\"><span style=\"vertical-align: inherit;\"><span style=\"vertical-align: inherit;\">\u00bfCu\u00e1l es la prioridad para este Concejo? Las normas claras, equitativas y f\u00e1ciles de controlar.<\/span><\/span><\/p>\n<p style=\"text-align: justify;\"><span style=\"vertical-align: inherit;\"><span style=\"vertical-align: inherit;\">Este es un lugar en el que se comparte la preocupaci\u00f3n de las familias y las instituciones en lo relativo a los lugares de esparcimiento para la juventud, que garantiza la protecci\u00f3n de los mismos, en especial en lo relacionado con el consumo de bebidas alcoh\u00f3licas en los menores de edad.<\/span><\/span><\/p>\n<p style=\"text-align: justify;\"><span style=\"vertical-align: inherit;\"><span style=\"vertical-align: inherit;\">Que por todo lo que se tiene conforme a continuaci\u00f3n se establece.-<\/span><\/span><\/p>\n<p style=\"text-align: justify;\"><strong><span style=\"vertical-align: inherit;\"><span style=\"vertical-align: inherit;\">POR TODO LO EXPUESTO, ESTE HONOR CONCEJO DELIBERANTE DE LA CIUDAD VILLA DE MERLO, SAN LUIS, EN USO DE LAS ATRIBUCIONES Y FACULTADES QUE LE CONFIERE LA LEY SANCIONA EL SIGUIENTE:<\/span><\/span><\/strong><\/p>\n<p style=\"text-align: center;\"><strong>\u00a0<\/strong><strong><u><span style=\"vertical-align: inherit;\"><span style=\"vertical-align: inherit;\">ORDENANZA<\/span><\/span><\/u><\/strong><\/p>\n<p style=\"text-align: center;\"><strong><u><span style=\"vertical-align: inherit;\"><span style=\"vertical-align: inherit;\">CAPITULO I: \u201cOBJETO, ACTIVIDADES COMPRENDIDAS Y PRINCIPIOS GENERALES\u201d<\/span><\/span><\/u><\/strong><\/p>\n<p style=\"text-align: justify;\"><strong><u><span style=\"vertical-align: inherit;\"><span style=\"vertical-align: inherit;\">ARTICULO 1 \u00b0<\/span><\/span><\/u><\/strong><strong><span style=\"vertical-align: inherit;\"><span style=\"vertical-align: inherit;\"> : <\/span><\/span><\/strong> <strong><u><span style=\"vertical-align: inherit;\"><span style=\"vertical-align: inherit;\">OBJETO<\/span><\/span><\/u><span style=\"vertical-align: inherit;\"><span style=\"vertical-align: inherit;\"> . <\/span><\/span><\/strong><span style=\"vertical-align: inherit;\"><span style=\"vertical-align: inherit;\">La presente ordenanza tiene como objetivo establecer el r\u00e9gimen jur\u00eddico de los espect\u00e1culos y las actividades nocturnas, as\u00ed como los derechos y los espacios abiertos al p\u00fablico donde se llevan a cabo dichas actividades.<\/span><\/span><\/p>\n<p style=\"text-align: justify;\"><strong><u><span style=\"vertical-align: inherit;\"><span style=\"vertical-align: inherit;\">ARTICULO 2 \u00b0<\/span><\/span><\/u><\/strong><strong><span style=\"vertical-align: inherit;\"><span style=\"vertical-align: inherit;\"> : <\/span><\/span><\/strong> <strong><u><span style=\"vertical-align: inherit;\"><span style=\"vertical-align: inherit;\">ACTIVIDADES COMPRENDIDAS<\/span><\/span><\/u><span style=\"vertical-align: inherit;\"><span style=\"vertical-align: inherit;\"> . <\/span><\/span><\/strong><span style=\"vertical-align: inherit;\"><span style=\"vertical-align: inherit;\">La presente ordenanza se aplicar\u00e1 a las actividades desarrolladas en el \u00e1mbito territorial del Municipio de la Villa de Merlo, incluyendo los siguientes rubros:<\/span><\/span><\/p>\n<p style=\"text-align: justify;\"><strong><u><span style=\"vertical-align: inherit;\"><span style=\"vertical-align: inherit;\">RUBRO I<\/span><\/span><\/u><\/strong><strong><span style=\"vertical-align: inherit;\"><span style=\"vertical-align: inherit;\"> :<\/span><\/span><\/strong><span style=\"vertical-align: inherit;\"><span style=\"vertical-align: inherit;\"> Discotecas y confiter\u00edas bailables. <\/span><span style=\"vertical-align: inherit;\">Comprender esta categor\u00eda los servicios donde mar actividad dominante ejecuci\u00f3n de m\u00fasica por medios electr\u00f3nicos y \/ o en vivo, con pista de baile. <\/span><span style=\"vertical-align: inherit;\">Donde se permite el gasto de bebidas alcoh\u00f3licas.-<\/span><\/span><\/p>\n<p style=\"text-align: justify;\"><strong><u><span style=\"vertical-align: inherit;\"><span style=\"vertical-align: inherit;\">RUBRO II<\/span><\/span><\/u><\/strong><strong><span style=\"vertical-align: inherit;\"><span style=\"vertical-align: inherit;\"> :<\/span><\/span><\/strong><span style=\"vertical-align: inherit;\"><span style=\"vertical-align: inherit;\"> Pubs, caf\u00e9s, conciertos, restaurantes, bares y restaurantes con manifestaciones art\u00edsticas. <\/span><span style=\"vertical-align: inherit;\">Comprender esta categor\u00eda los servicios donde se expande bebidas y comidas, se difunde la m\u00fasica y se muestra en vivo con la superficie destinada a un baile. <\/span><span style=\"vertical-align: inherit;\">Estos servicios tienen una capacidad de hasta 200 personas.-<\/span><\/span><\/p>\n<p><strong><u><span style=\"vertical-align: inherit;\"><span style=\"vertical-align: inherit;\">RUBRO III<\/span><\/span><\/u><\/strong><strong><span style=\"vertical-align: inherit;\"><span style=\"vertical-align: inherit;\"> :<\/span><\/span><\/strong><br \/>\n&nbsp;<\/p>\n<ol style=\"list-style-type: lower-alpha;\">\n<li style=\"text-align: justify;\"><span style=\"vertical-align: inherit;\"><span style=\"vertical-align: inherit;\">Espacios culturales alternativos. <\/span><span style=\"vertical-align: inherit;\">Comprenden clubes sociales, sum de escuelas, centros culturales. <\/span><span style=\"vertical-align: inherit;\">Estos espacios est\u00e1n destinados al desarrollo de espect\u00e1culos de \u00edndole cultural. <\/span><span style=\"vertical-align: inherit;\">Complementariamente habilitarse habilitarse bailes o alquilar sus instalaciones como salones de fiesta, como m\u00e1ximo 4 veces al mes.<\/span><\/span><\/li>\n<li style=\"text-align: justify;\"><span style=\"vertical-align: inherit;\"><span style=\"vertical-align: inherit;\">Salones de alquiler para eventos. <\/span><span style=\"vertical-align: inherit;\">Comprender esta categor\u00eda para que se pueda utilizar para los distintos tipos de eventos, sean o no de \u00edndole bailable.<\/span><\/span><\/li>\n<\/ol>\n<p style=\"text-align: justify;\"><span style=\"vertical-align: inherit;\"><span style=\"vertical-align: inherit;\">Los niveles del rubro III a) yb) deben cumplirse los requisitos de seguridad, controles ac\u00fasticos del rubro I; <\/span><span style=\"vertical-align: inherit;\">y lo establecido por la Ordenanza de Fiestas Privadas (ORD. N\u00ba IX-0621-HCD-2014) .-<\/span><\/span><\/p>\n<p style=\"text-align: justify;\"><strong><u><span style=\"vertical-align: inherit;\"><span style=\"vertical-align: inherit;\">RUBRO IV<\/span><\/span><\/u><\/strong><strong><span style=\"vertical-align: inherit;\"><span style=\"vertical-align: inherit;\"> :<\/span><\/span><\/strong><span style=\"vertical-align: inherit;\"><span style=\"vertical-align: inherit;\"> Espect\u00e1culos de concurrencia masiva, festivales o eventos al aire libre o en espacios cerrados, y lo establecido por la Ordenanza de Fiestas Privadas (ORD. N\u00ba IX-0621-HCD-2014) .-<\/span><\/span><\/p>\n<p style=\"text-align: justify;\"><strong><u><span style=\"vertical-align: inherit;\"><span style=\"vertical-align: inherit;\">ARTICULO 3 \u00b0<\/span><\/span><\/u><\/strong><strong><span style=\"vertical-align: inherit;\"><span style=\"vertical-align: inherit;\"> : <\/span><\/span><\/strong> <strong><u><span style=\"vertical-align: inherit;\"><span style=\"vertical-align: inherit;\">PRINCIPIOS GENERALES Y FINALIDADES<\/span><\/span><\/u><\/strong><\/p>\n<p style=\"text-align: justify;\"><strong>\u00a0<\/strong><span style=\"vertical-align: inherit;\"><span style=\"vertical-align: inherit;\">La presente ordenanza tiene como principios generales y finales los siguientes incisos:<\/span><\/span><\/p>\n<ol style=\"text-align: justify;\">\n<li><span style=\"vertical-align: inherit;\"><span style=\"vertical-align: inherit;\">Los <\/span><\/span><u><span style=\"vertical-align: inherit;\"><span style=\"vertical-align: inherit;\">responsables<\/span><\/span><\/u><span style=\"vertical-align: inherit;\"><span style=\"vertical-align: inherit;\"> de la realizaci\u00f3n o la explotaci\u00f3n en el art\u00edculo 2 \u00b0) de la presente, son las personas jur\u00eddicas o f\u00edsicas, las privadas o el estado que se organizan, los propietarios, titulares, gerentes o encargados del lugar, aun cuando se organizan en todos los casos por los terceros, se solidifican los responsables de las condiciones estipuladas en la presente.<\/span><\/span><\/li>\n<li><span style=\"vertical-align: inherit;\"><span style=\"vertical-align: inherit;\">El Departamento Ejecutivo Municipal desarrollar\u00e1 sus competencias de contralor del presente ordenamiento, el servicio p\u00fablico y los deportes p\u00fablicos y las actividades recreativas se llevar\u00e1 a cabo dentro del marco legal y se garantizar\u00e1 el respeto de los derechos humanos consagrados en la Constituci\u00f3n Nacional y la Constituci\u00f3n de La Provincia de San Luis, valorando la protecci\u00f3n de la vida de las personas desde una perspectiva de la gesti\u00f3n integral preventiva frente a la eventualidad de los riesgos emanados de las actividades que se refieren aqu\u00ed.<\/span><\/span><\/li>\n<li><span style=\"vertical-align: inherit;\"><span style=\"vertical-align: inherit;\">Los principios generales y las finalidades se basan en el presente ordenamiento y en el desarrollo y la aplicaci\u00f3n de la ciudadan\u00eda, la seguridad y la calidad total de los productos y sus productos.<\/span><\/span><\/li>\n<li><span style=\"vertical-align: inherit;\"><span style=\"vertical-align: inherit;\">Los organizadores y los titulares tienen las siguientes obligaciones:<\/span><\/span><\/li>\n<\/ol>\n<ol style=\"list-style-type: lower-alpha;\">\n<li style=\"text-align: justify;\"><span style=\"vertical-align: inherit;\"><span style=\"vertical-align: inherit;\">Respetar el factor ocupacional m\u00e1ximo permitido para los servicios abiertos al p\u00fablico y abstenerse de vender entradas y abonos en un n\u00famero que lo exceda. <\/span><span style=\"vertical-align: inherit;\">Los sistemas de verificaci\u00f3n y control del factor ocupacional est\u00e1n previstos en esta ordenanza que se exige en su reglamentaci\u00f3n posterior.<\/span><\/span><\/li>\n<li style=\"text-align: justify;\"><span style=\"vertical-align: inherit;\"><span style=\"vertical-align: inherit;\">S\u00f3lo un efecto de los c\u00e1lculos. Los n\u00fameros de los n\u00fameros de los ocupantes de las entradas, las salidas de las emergencias, las escaleras, el servicio de salubridad y el estacionamiento, as\u00ed como la capacidad m\u00e1xima <\/span><\/span><strong><span style=\"vertical-align: inherit;\"><span style=\"vertical-align: inherit;\">, la<\/span><\/span><\/strong><span style=\"vertical-align: inherit;\"><span style=\"vertical-align: inherit;\"> Ordenanza 757-HCD-2000. <\/span><span style=\"vertical-align: inherit;\">Cap\u00edtulo 3.7.9 N\u00famero de Ocupantes 3.7.9.1. <\/span><span style=\"vertical-align: inherit;\">\u00cdndice de ocupaci\u00f3n.<\/span><\/span><\/li>\n<li style=\"text-align: justify;\"><span style=\"vertical-align: inherit;\"><span style=\"vertical-align: inherit;\">Cumplir con los horarios de apertura y cierre de los servicios abiertos, p\u00fablicos, p\u00fablicos y finales de los espect\u00e1culos p\u00fablicos y actividades recreativas.<\/span><\/span><\/li>\n<li style=\"text-align: justify;\"><span style=\"vertical-align: inherit;\"><span style=\"vertical-align: inherit;\">Disponer de los servicios de seguridad y vigilancia atendidos por personal y capacidad de acuerdo.<\/span><\/span><\/li>\n<li style=\"text-align: justify;\"><span style=\"vertical-align: inherit;\"><span style=\"vertical-align: inherit;\">Responder por los da\u00f1os y perjuicios que pueden producirse como consecuencia de las caracter\u00edsticas de un establecimiento abierto por el p\u00fablico o la organizaci\u00f3n y el desarrollo del espect\u00e1culo o la actividad recreativa.<\/span><\/span><\/li>\n<li style=\"text-align: justify;\"><span style=\"vertical-align: inherit;\"><span style=\"vertical-align: inherit;\">Facilitar el acceso a las fuerzas y los cuerpos de seguridad, defensa civil, salud, agentes de la autoridad, los funcionarios, inspectores y entidades colaboradoras del Municipio que ejerzan funciones de control, de vigilancia, de observaci\u00f3n o de inspecci\u00f3n.<\/span><\/span><\/li>\n<li style=\"text-align: justify;\"><span style=\"vertical-align: inherit;\"><span style=\"vertical-align: inherit;\">Los controles t\u00e9cnicos se convierten en obligatorios de acuerdo con las normas vigentes y las medidas de seguridad, la higiene y la salubridad. momento en un estado de funcionamiento adecuado.<\/span><\/span><\/li>\n<li style=\"text-align: justify;\"><span style=\"vertical-align: inherit;\"><span style=\"vertical-align: inherit;\">Tener una disposici\u00f3n de los agentes de control municipal, la documentaci\u00f3n habilitante de la actividad.<\/span><\/span><\/li>\n<li style=\"text-align: justify;\"><span style=\"vertical-align: inherit;\"><span style=\"vertical-align: inherit;\">Informar sobre el control personal de los accesos y los servicios de vigilancia sobre las funciones y las obligaciones que se atribuyen a la presente normativa, as\u00ed como las responsabilidades personales que pueden derivar del incumplimiento de dichas funciones.<\/span><\/span><\/li>\n<li style=\"text-align: justify;\"><span style=\"vertical-align: inherit;\"><span style=\"vertical-align: inherit;\">Cumplir la normativa vigente sobre accesibilidad y supresi\u00f3n de barreras arquitect\u00f3nicas y de seguridad.<\/span><\/span><\/li>\n<li style=\"text-align: justify;\"><span style=\"vertical-align: inherit;\"><span style=\"vertical-align: inherit;\">Dise\u00f1ar un plan de evacuaci\u00f3n que deba ser aprobado por bomberos de la provincia.<\/span><\/span><\/li>\n<\/ol>\n<p style=\"text-align: justify;\"><strong><u><span style=\"vertical-align: inherit;\"><span style=\"vertical-align: inherit;\">ARTICULO 4 \u00b0<\/span><\/span><\/u><\/strong><strong><span style=\"vertical-align: inherit;\"><span style=\"vertical-align: inherit;\"> : <\/span><\/span><u><span style=\"vertical-align: inherit;\"><span style=\"vertical-align: inherit;\">DERECHO DE ADMISI\u00d3N<\/span><\/span><\/u><\/strong><span style=\"vertical-align: inherit;\"><span style=\"vertical-align: inherit;\"> . <\/span><span style=\"vertical-align: inherit;\">El ejercicio del derecho de admisi\u00f3n se rige por las previsiones de la Ley Nacional N \u00b0 26.370. <\/span><span style=\"vertical-align: inherit;\">En tal sentido, no puede conllevar en ning\u00fan caso por raz\u00f3n de nacimiento, raza, sexo, religi\u00f3n, opini\u00f3n, discapacidad, econ\u00f3mica, orientaci\u00f3n sexual, identidad de g\u00e9nero, o cualquier otra condici\u00f3n o circunstancia personal o social de los usuarios de los servicios. y los espacios abiertos al p\u00fablico, tanto en lo relativo a las condiciones de acceso como a la permanencia en los servicios y al uso y a los servicios que se prestan en ellos.-<\/span><\/span><\/p>\n<p>&nbsp;<\/p>\n<p style=\"text-align: center;\"><strong><u><span style=\"vertical-align: inherit;\"><span style=\"vertical-align: inherit;\">CAPITULO II: \u201cDE LOS REQUISITOS GENERALES DE HABILITACI\u00d3N Y FUNCIONAMIENTO\u201d<\/span><\/span><\/u><\/strong><\/p>\n<p style=\"text-align: justify;\"><strong><u><span style=\"vertical-align: inherit;\"><span style=\"vertical-align: inherit;\">ARTICULO 5 \u00b0<\/span><\/span><\/u><\/strong><strong><span style=\"vertical-align: inherit;\"><span style=\"vertical-align: inherit;\"> : <\/span><\/span><\/strong> <strong><u><span style=\"vertical-align: inherit;\"><span style=\"vertical-align: inherit;\">EXIGENCIAS DE HABILITACI\u00d3N<\/span><\/span><\/u><\/strong><span style=\"vertical-align: inherit;\"><span style=\"vertical-align: inherit;\"> . <\/span><span style=\"vertical-align: inherit;\">Los titulares de las actividades comprendidas en la presente Ordenanza debe cumplir con las siguientes tareas para su habilitaci\u00f3n y funcionamiento:<\/span><\/span><\/p>\n<ol style=\"text-align: justify; list-style-type: lower-alpha;\">\n<li><span style=\"vertical-align: inherit;\"><span style=\"vertical-align: inherit;\">Fotocopia del documento nacional de identidad.<\/span><\/span><\/li>\n<li><span style=\"vertical-align: inherit;\"><span style=\"vertical-align: inherit;\">Constituir domicilio comercial y real.<\/span><\/span><\/li>\n<li><span style=\"vertical-align: inherit;\"><span style=\"vertical-align: inherit;\">Certificado de buena conducta, con informe del Registro Nacional de Reincidencia.<\/span><\/span><\/li>\n<li><span style=\"vertical-align: inherit;\"><span style=\"vertical-align: inherit;\">Plano de final de la obra del local, el cual debe corresponder a la disposici\u00f3n interna del establecimiento. <\/span><span style=\"vertical-align: inherit;\">Los mismos deben estar firmes por un profesional matriculado y aprobado por la Municipalidad.<\/span><\/span><\/li>\n<li><span style=\"vertical-align: inherit;\"><span style=\"vertical-align: inherit;\">En este mismo caso, se publicar\u00e1 una declaraci\u00f3n jurada del propietario y se certificar\u00e1.<\/span><\/span><\/li>\n<li><span style=\"vertical-align: inherit;\"><span style=\"vertical-align: inherit;\">Plan de evacuaci\u00f3n por el Cuerpo de Bomberos de la Polic\u00eda de la Provincia de San Luis, y \/ o profesional interviniente matriculado en la materia.<\/span><\/span><\/li>\n<li><span style=\"vertical-align: inherit;\"><span style=\"vertical-align: inherit;\">Luces de emergencia, las redes de emergencia, los pasillos, las zonas de servicios, las redes de pisos y las escaleras, de acuerdo a la Ordenanza. N \u00b0 757-HCD-2000 art. <\/span><span style=\"vertical-align: inherit;\">3.6.6.3.<\/span><\/span><\/li>\n<li><span style=\"vertical-align: inherit;\"><span style=\"vertical-align: inherit;\">Las puertas de acceso y salida de emergencia cumplen con lo establecido en la normativa nacional y con lo establecido en el art. <\/span><span style=\"vertical-align: inherit;\">3.7.8.2 de la Ordenanza 757-HCD-2000.<\/span><\/span><\/li>\n<li><span style=\"vertical-align: inherit;\"><span style=\"vertical-align: inherit;\">En la protecci\u00f3n contra incendios se cumplir\u00e1n con lo dispuesto en Ordenanza N \u00b0 VIII-0182-HCD-2000 (757) art. <\/span><span style=\"vertical-align: inherit;\">3.13 <\/span><\/span><strong><span style=\"vertical-align: inherit;\"><span style=\"vertical-align: inherit;\">.<\/span><\/span><\/strong><\/li>\n<li><span style=\"vertical-align: inherit;\"><span style=\"vertical-align: inherit;\">Iluminaci\u00f3n: Los locales regulados por la presente, cuentan con una iluminaci\u00f3n artificial que permite una perfecta visualizaci\u00f3n de las condiciones de emergencia, seg\u00fan el art. <\/span><span style=\"vertical-align: inherit;\">3.6.6.3 de Ordenanza N \u00b0 757-HCD-2000.<\/span><\/span><\/li>\n<li><span style=\"vertical-align: inherit;\"><span style=\"vertical-align: inherit;\">Todos los medios exigentes de salida de un edificio, se colocar\u00e1n se\u00f1ales de direcci\u00f3n como gu\u00eda, tambi\u00e9n se incluye una flecha indicativa y la palabra &#8220;SALIDA&#8221;, a la altura de dintel.<\/span><\/span><\/li>\n<li><span style=\"vertical-align: inherit;\"><span style=\"vertical-align: inherit;\">Botiqu\u00edn de primeros auxilios acorde a la capacidad establecida.<\/span><\/span><\/li>\n<li><span style=\"vertical-align: inherit;\"><span style=\"vertical-align: inherit;\">Constancia de contrataci\u00f3n de seguro de responsabilidad civil contra todo riesgo.<\/span><\/span><\/li>\n<li><span style=\"vertical-align: inherit;\"><span style=\"vertical-align: inherit;\">El personal que se desempe\u00f1a en los locales legislados por el presente debe obtener su correspondiente libreta sanitaria.<\/span><\/span><\/li>\n<li><span style=\"vertical-align: inherit;\"><span style=\"vertical-align: inherit;\">En el caso de que el local est\u00e1 habilitado para el servicio, teniendo en cuenta la existencia de entrepisos, la combinaci\u00f3n de estructuras portantes, los medios de comunicaci\u00f3n y los requisitos de la autoridad de aplicaci\u00f3n, los requisitos de los estudios de estabilidad, la resistencia estructural y la fatiga de materiales, Realizado por profesionales id\u00f3neos y certificados por el colegio profesional correspondiente. <\/span><span style=\"vertical-align: inherit;\">En locales con m\u00e1s de diez (10) a\u00f1os.<\/span><\/span><\/li>\n<li>Los titulares de los locales deber\u00e1n tomar a su cargo la limpieza integral de las veredas a 50 metros lineales a ambos lados de su establecimiento y frente al mismo.<\/li>\n<li>Todos los establecimientos normados en el Rubro II deber\u00e1n tener como m\u00ednimo un 70% de su capacidad cubierta con mesas y sillas.<\/li>\n<li>Los establecimientos del Rubro II podr\u00e1n cobrar entrada en concepto de derecho de espect\u00e1culo, \u00fanicamente cuando hubiese espect\u00e1culos en vivo en el local.-<\/li>\n<\/ol>\n<p style=\"text-align: justify;\"><strong><u>ARTICULO 6\u00b0<\/u><\/strong><strong>: <u>SERVICIO M\u00cdNIMO DE SALUBRIDAD<\/u><\/strong><\/p>\n<ol style=\"list-style-type: lower-alpha;\">\n<li>Los Rubros II, III y IV se regir\u00e1n por lo normado en Art. 3.8.2 de la Ordenanza N\u00b0 VIII-0182-HCD-2000 (757).<\/li>\n<li>En todos los Rubros, se deben disponer de un ba\u00f1o universal para personas con movilidad reducida cuando la cantidad de personas del establecimiento sea menor o igual a 200 (doscientas).Se exigir\u00e1 un ba\u00f1o universal para cada sexo cuando la cantidad de personas en el establecimiento sea mayor a 200 (doscientas).<\/li>\n<li>En todos los Rubros, el acceso a los locales sanitarios ser\u00e1 independiente para cada sexo por intermedio de superficies cubiertas \u00f3 por ante ba\u00f1o cuando los mismos se ubiquen junto al local principal. Deber\u00e1 disponerse para ambos casos locales sanitarios para el personal y artistas, separados de los del p\u00fablico en general.-<\/li>\n<\/ol>\n<p style=\"text-align: justify;\"><strong><u>ARTICULO 7\u00ba<\/u><\/strong><strong>: <u>HORARIOS DE FUNCIONAMIENTO:<\/u> <\/strong><\/p>\n<p style=\"text-align: justify;\"><strong>\u00a0<\/strong>7.1 Se establecen para el RUBRO I, los siguientes horarios permitidos:<\/p>\n<ul style=\"text-align: justify;\">\n<li>Horario m\u00e1ximo de Ingreso: 2:00 a.m. o hasta agotar capacidad m\u00e1xima, lo que suceda primero.-<\/li>\n<li>Quedar\u00e1 terminantemente prohibida la venta de bebidas alcoh\u00f3licas durante una hora antes del horario de cierre. Hasta las 4:30<\/li>\n<li>Horario m\u00e1ximo permitido para encender las luces y garantizar la desconcentraci\u00f3n: 5:00 a.m.<\/li>\n<li>Horario permitido m\u00e1ximo para cierre: 5:30 a.m.<\/li>\n<\/ul>\n<p style=\"text-align: justify;\">7.2\u00a0 Se establecen para el RUBRO II y III los siguientes horarios permitidos:<\/p>\n<ul style=\"text-align: justify;\">\n<li>Horario permitido m\u00e1ximo para cierre de espect\u00e1culo al aire libre: 2:30 a.m.<\/li>\n<li>Horario m\u00e1ximo permitido para espect\u00e1culos internos (dentro del establecimiento): 4:30 a.m.<\/li>\n<li>Horario permitido m\u00e1ximo: 5:30 a.m.<\/li>\n<li>Quedar\u00e1 terminantemente prohibida la venta de bebidas alcoh\u00f3licas, m\u00e1ximo una hora antes del horario de cierre.<\/li>\n<\/ul>\n<p style=\"text-align: justify;\">7.3 Se establecen para el Rubro IV horario m\u00e1ximo permitido para el cierre 5:00 a.m.<\/p>\n<ul style=\"text-align: justify;\">\n<li>Quedar\u00e1 terminantemente prohibida la venta de bebidas alcoh\u00f3licas, m\u00e1ximo una hora antes del horario de cierre.<\/li>\n<\/ul>\n<p>&nbsp;<\/p>\n<p style=\"text-align: justify;\"><strong><u>ARTICULO 8\u00ba<\/u><\/strong><strong>: <u>ZONAS PERMITIDAS<\/u><\/strong><\/p>\n<p><u>a) RUBRO I<\/u>: Se permitir\u00e1 en las siguientes zonas determinadas por Ord. 744-HCD-2000, modificatorias y complementarias:<\/p>\n<p style=\"text-align: justify;\">a.1\u00a0 Zona C3<\/p>\n<ul style=\"text-align: justify;\">\n<li>Frentistas de Ruta N\u00b0 5 margen norte<\/li>\n<li>Frentistas Ruta N\u00b0 5 de la manzana 901 y 93 (seg\u00fan catastro municipal).<\/li>\n<\/ul>\n<p style=\"text-align: justify;\">a.2\u00a0 Zonas C4, E y E1. (En dichas zonas \u00fanicamente frentistas de Ruta N\u00b01)<\/p>\n<p><u>b) RUBRO II. <\/u>Se permitir\u00e1 en las siguientes zonas determinadas por Ord. 744-HCD-2000, modificatorias y complementarias:<\/p>\n<p style=\"text-align: justify;\">b.1 Todas las zonas autorizadas para el Rubro I<\/p>\n<p style=\"text-align: justify;\">b.2 Frentistas Avenida de los C\u00e9sares y Ruta N\u00b0 5 (Rinc\u00f3n del Este)<\/p>\n<p style=\"text-align: justify;\">b.3 Frentistas a Av. Ferm\u00edn Romero<\/p>\n<p style=\"text-align: justify;\">b.4 Frentistas calle Sobremonte (entre Poeta Ag\u00fcero y Becerra) y su continuaci\u00f3n por Avenida del Sol hasta Avenida Jos\u00e9 Mercau.<\/p>\n<p style=\"text-align: justify;\">b.5\u00a0 Frentistas calle Janson y su continuaci\u00f3n Avenida Los Almendros (entre Poeta Ag\u00fcero y Avenida del Deporte)<\/p>\n<p style=\"text-align: justify;\">b.6\u00a0 Frentistas Plaza Marqu\u00e9s de Sobremonte<\/p>\n<p style=\"text-align: justify;\">b.7\u00a0 Frentistas Avenida Dos Venados, Avenida Jos\u00e9 Mercau y Camino del Cerro (capacidad m\u00e1xima 80 personas).<\/p>\n<p style=\"text-align: justify;\">b.8\u00a0 Frentistas Avenida Libertador San Martin (capacidad m\u00e1xima 80 personas)<\/p>\n<p style=\"text-align: justify;\">b.9\u00a0\u00a0 Frentistas Avenida Avelino Arias (capacidad m\u00e1xima 80 personas)<\/p>\n<p style=\"text-align: justify;\">b.10\u00a0 Frentistas Avenida Eva Duarte (entre Avenida del Sol y Cerro Las Lajas).-<\/p>\n<p style=\"text-align: justify;\">Todos los rubros no podr\u00e1n establecerse a menos de 100 mts. de casas velatorias,\u00a0 hospitales, establecimientos sanitarios, cl\u00ednicas o similares.-<\/p>\n<p style=\"text-align: center;\"><strong><u>CAPITULO III: \u201cDE LOS REQUISITOS EXCLUSIVOS PARA DISCOTECAS Y BOLICHES BAILABLES (RUBRO I)\u201d<\/u><\/strong><\/p>\n<p style=\"text-align: justify;\"><strong><u>ARTICULO 9\u00b0<\/u><\/strong><strong>: <\/strong>Sin perjuicio de lo requerido en el Art\u00edculo 5\u00b0) de la presente Ordenanza, los establecimientos del Rubro I deber\u00e1n cumplimentar las siguientes exigencias:<\/p>\n<ol style=\"list-style-type: lower-alpha;\">\n<li>Acreditaci\u00f3n del cumplimiento de medidas de seguridad antisiniestral otorgado por el Cuerpo de Bomberos de la Polic\u00eda de la Provincia de San Luis.<\/li>\n<li>Constancia de Capacidad autorizada de acuerdo al factor ocupacional, conforme al c\u00e1lculo suscripto por el Cuerpo de Bomberos dependiente de la Polic\u00eda de la Provincia de San Luis, y\/o profesional interviniente matriculado en la materia.<\/li>\n<li>Cantidad y distribuci\u00f3n de matafuegos, de acuerdo al c\u00e1lculo de carga de fuego establecido por el Cuerpo de Bomberos mencionado, o profesional matriculado en la materia.<\/li>\n<li>Deber\u00e1n contar con un generador o grupo electr\u00f3geno en funcionamiento mientras dure la actividad a realizarse, como m\u00ednimo, para garantizar el circuito de iluminaci\u00f3n de todo el establecimiento.<\/li>\n<li>Carteler\u00eda se\u00f1al\u00e9tica donde se detallen las medidas de seguridad del local, plan de evacuaci\u00f3n, capacidad m\u00e1xima establecida y edades permitidas seg\u00fan Art. 22\u00ba) de la presente ordenanza. La carteler\u00eda deber\u00e1 estar ubicada obligatoriamente en el ingreso al local y dentro del mismo en lugares visibles.<\/li>\n<li>El personal de seguridad interna de los establecimientos deber\u00e1 contar con personal femenino.<\/li>\n<\/ol>\n<p><strong><u>ARTICULO 10\u00b0<\/u><\/strong><strong>: <u>DEL PERSONAL DE SEGURIDAD INTERNA<\/u><\/strong><\/p>\n<p style=\"text-align: justify;\">Para desempe\u00f1arse como personal de control de admisi\u00f3n y permanencia se deber\u00e1n cumplir los siguientes requisitos:<\/p>\n<p>&nbsp;<br \/>\na) Poseer dos (2) a\u00f1os de residencia efectiva en el Merlo;<br \/>\nb) Ser mayor de dieciocho (18) a\u00f1os;<br \/>\nc) Haber cumplido con la educaci\u00f3n obligatoria;<br \/>\nd) Presentar certificado de antecedentes penales y reincidencia carcelaria;<br \/>\ne) Obtener un certificado de aptitud psicol\u00f3gica otorgado por la instituci\u00f3n que la autoridad de aplicaci\u00f3n determine;<br \/>\nf) Ser empleado bajo relaci\u00f3n de dependencia laboral directa de la persona o empresa titular del lugar de entretenimiento o, en su caso, de una empresa prestadora de dicho servicio, siempre y cuando, en todos los casos, se cumpla con la legislaci\u00f3n civil, laboral, impositiva, previsional y aquella que determina esta ley;<br \/>\ng) Estar inscripto en el Registro Municipal mencionado en el Art\u00edculo 11\u00b0).-<br \/>\n&nbsp;<\/p>\n<p style=\"text-align: justify;\"><strong><u>ARTICULO 11\u00b0<\/u><\/strong><strong>:<\/strong> <strong>CREASE<\/strong> el Registro \u00danico Municipal de Controladores de Admisi\u00f3n y Permanencia. El Ejecutivo Municipal, mediante la autoridad de aplicaci\u00f3n designada, deber\u00e1 reglamentar el presente art\u00edculo.<\/p>\n<p style=\"text-align: justify;\">Los certificados previstos en los incisos d) y e) del Articulo 10\u00b0) deber\u00e1n presentarse ante este registro con periodicidad anual.<\/p>\n<p>&nbsp;<br \/>\n<strong><u>ARTICULO 12\u00ba<\/u><\/strong><strong>:<\/strong> No podr\u00e1 desempe\u00f1arse como trabajador de la actividad, aquella persona que se halle en alguna de las siguientes situaciones:<\/p>\n<p style=\"text-align: justify;\">a) Haber sido condenado por delitos de lesa humanidad;<\/p>\n<p style=\"text-align: justify;\">b) Encontrarse revistando como personal en actividad de fuerzas armadas, de seguridad, policiales, del servicio penitenciario u organismos de inteligencia;<\/p>\n<p style=\"text-align: justify;\">c) Haber sido condenado por delitos cometidos en el desempe\u00f1o de la actividad regulada por esta ley;<\/p>\n<p style=\"text-align: justify;\">d) Haber sido exonerado de alguna de las instituciones enumeradas en el inciso b).<\/p>\n<p>&nbsp;<br \/>\n<strong><u>ARTICULO 13\u00ba:<\/u><\/strong> El personal de admisi\u00f3n y permanencia tendr\u00e1 las siguientes obligaciones:<br \/>\na) Dar un trato igualitario a las personas en las mismas condiciones, en forma respetuosa y amable;<br \/>\nb) Cumplir el servicio respetando la dignidad de las personas y protegiendo su integridad f\u00edsica y moral;<br \/>\nc) Cumplir con las condiciones objetivas de admisi\u00f3n y permanencia;<br \/>\nd) Comprobar, solicitando la exhibici\u00f3n de un documento oficial de identidad que lo acredite, la edad de aquellas personas cuando el l\u00edmite de edad resultare un requisito de admisi\u00f3n o ingreso para el lugar o evento de que se trate;<br \/>\ne) Hacer cumplir a los concurrentes y mantener las condiciones t\u00e9cnicas de seguridad fijadas por la legislaci\u00f3n vigente;<br \/>\nf) En caso de ser necesario, y dentro de sus posibilidades deber\u00e1n auxiliar a las personas que se encuentren heridas o f\u00edsicamente incapacitadas y poner en conocimiento de la autoridad que corresponda dicha circunstancia, para recibir asistencia m\u00e9dica de profesionales;<br \/>\ng) Realizar la capacitaci\u00f3n exigida para el ejercicio de la actividad (RCP y Primeros Auxilios como m\u00ednimo)<br \/>\nh) Poseer durante la jornada de trabajo el carnet profesional al que hace alusi\u00f3n el art\u00edculo 15\u00b0, que acredite la habilitaci\u00f3n para trabajar, debiendo exhibirlo cada vez que sea requerido por la autoridad p\u00fablica;<br \/>\ni) Desarrollar tareas exhibiendo permanentemente y en forma visible sin que pueda quedar oculta, la credencial de identificaci\u00f3n otorgada por la autoridad de aplicaci\u00f3n, a la que alude el art\u00edculo 16\u00b0.<br \/>\nj) El personal que realice tareas de control de admisi\u00f3n y permanencia realizar\u00e1 su trabajo en los accesos e interior de los lugares de entretenimiento, ya sean privados o p\u00fablicos dados en concesi\u00f3n.<br \/>\nk) Requerir, cuando las circunstancias pongan en riesgo la seguridad de las personas o bienes, el concurso de la autoridad policial o de los organismos de seguridad, para preservar el orden y la integridad de los mismos.<br \/>\n&nbsp;<\/p>\n<p style=\"text-align: justify;\"><strong><u>ARTICULO 14\u00ba<\/u><\/strong><strong>:<\/strong> El personal de control de admisi\u00f3n y permanencia tiene prohibido:<\/p>\n<p>a) Obstaculizar el leg\u00edtimo ejercicio de los derechos pol\u00edticos y sociales de los concurrentes;<br \/>\nb) Prestar el servicio con utilizaci\u00f3n de armas de cualquier tipo que fuere;<br \/>\nc) Dar a conocer a terceros informaci\u00f3n de la que tomen conocimiento por el ejercicio de la actividad sobre sus clientes, personas o bienes relacionados con \u00e9stos;<br \/>\nd) Prestar servicios sin la respectiva habilitaci\u00f3n expedida por la autoridad de aplicaci\u00f3n;<br \/>\ne) Encontrarse alcoholizado o tomar bebidas alcoh\u00f3licas durante la jornada de trabajo;<br \/>\nf) Desarrollar las tareas bajo el efecto de sustancias alucin\u00f3genas o estupefacientes.-<br \/>\n&nbsp;<\/p>\n<p style=\"text-align: justify;\"><strong><u>ARTICULO 15\u00ba<\/u><\/strong>: La acreditaci\u00f3n de la habilitaci\u00f3n se har\u00e1 mediante la expedici\u00f3n de un carnet profesional, otorgado por la autoridad de aplicaci\u00f3n, el que deber\u00e1 contener los siguientes datos:<\/p>\n<p>a) Nombre y apellido;<br \/>\nb) N\u00famero de documento de identidad;<br \/>\nc) Categor\u00eda;<br \/>\nd) N\u00famero de habilitaci\u00f3n;<br \/>\ne) Localidad;<br \/>\nf) Provincia.<br \/>\n&nbsp;<\/p>\n<p style=\"text-align: justify;\"><strong><u>ARTICULO 16\u00ba<\/u><\/strong><strong>:<\/strong> Asimismo, el personal de control de admisi\u00f3n y permanencia deber\u00e1 exhibir una credencial identificatoria, donde conste nombre, apellido y foto, la que adem\u00e1s deber\u00e1 contener la leyenda &#8220;Control de Admisi\u00f3n y Permanencia&#8221;, como as\u00ed tambi\u00e9n el n\u00famero de habilitaci\u00f3n profesional otorgado, el cual tambi\u00e9n ser\u00e1 impreso en el uniforme de personal.-<\/p>\n<p style=\"text-align: justify;\"><strong><u>ARTICULO 17\u00b0<\/u><\/strong><strong>:<\/strong> <strong><u>DEL PERSONAL DE SEGURIDAD EXTERNA<\/u><\/strong><\/p>\n<p style=\"text-align: justify;\">Los titulares, encargados o responsables de los establecimientos que se regulan en el Rubro I, III y Rubro IV de la presente ordenanza deber\u00e1n disponer los recaudos pertinentes para el mantenimiento del orden, tranquilidad y seguridad del entorno, en cuanto este \u00faltimo se viese alterado por la actividad del establecimiento.<\/p>\n<p style=\"text-align: justify;\">El deber de proveer al orden, la tranquilidad y la seguridad deber\u00e1 ser cumplimentado mediante la contrataci\u00f3n de, por lo menos, tres servicios adicionales de la polic\u00eda provincial, siendo rotativo el funcionario policial asignado.<\/p>\n<p style=\"text-align: justify;\">Dentro de sus funciones est\u00e1n obligados a solicitar Documento de identidad o similar que acredite la edad de los concurrentes y a impedir su admisi\u00f3n para el estricto cumplimiento de la presente ordenanza.<\/p>\n<p style=\"text-align: justify;\">Para eventos especiales la polic\u00eda evaluar\u00e1 la cantidad de efectivos necesarios para garantizar la seguridad externa.-<\/p>\n<p style=\"text-align: justify;\"><strong><u>ARTICULO 18\u00b0<\/u><\/strong><strong>: <u>ASPECTOS CONSTRUCTIVOS<\/u><\/strong><u>. <\/u><\/p>\n<p style=\"text-align: justify;\">Los locales del Rubro I deber\u00e1n cumplir con los siguientes requerimientos en materia constructiva:<\/p>\n<ol style=\"list-style-type: lower-alpha;\">\n<li style=\"text-align: justify;\">Las condiciones de dise\u00f1o, construcci\u00f3n y equipamiento a cumplir en materia de prevenci\u00f3n de incendios se ajustar\u00e1n a lo normado por el Decreto Nacional 351\/79 reglamentario de la Ley 19.589 sobre Seguridad e Higiene en el Trabajo. Los elementos constructivos de los locales para usos de acuerdo al presente ordenamiento ser\u00e1n incombustibles y resistentes al fuego.<\/li>\n<li style=\"text-align: justify;\">Las construcciones destinadas al establecimiento de locales bailables, deber\u00e1n plantear en el proyecto ejecutivo y verificado de obra, sistemas est\u00e1ndares de insonorizaci\u00f3n, acusticidad y sistemas para minimizar las vibraciones. Debiendo adecuarse todos los edificios que funcionen en la actualidad.<\/li>\n<li style=\"text-align: justify;\">Retiro de frente y contra frente de 10 metros, y no menos de 3 metros como espacio de retiro bilateral, respectivamente, pudiendo ser este sector descubierto o semicubierto. Dichos retiros bilaterales podr\u00e1n ser utilizados como medio de evacuaci\u00f3n de emergencia y para la contenci\u00f3n de ruidos internos.<\/li>\n<li style=\"text-align: justify;\">Los accesos a los locales establecidos en el Rubro I deber\u00e1n tener dos (2) puertas de ingreso, separadas por un hall de dos (2) metros como m\u00ednimo. Todo ello como medida para contribuir a la correcta insonorizaci\u00f3n del local.<\/li>\n<li style=\"text-align: justify;\">Todas las puertas de acceso y salidas de emergencia deben abrir hacia el exterior, o en el sentido de evacuaci\u00f3n, con barral antip\u00e1nico.<\/li>\n<li style=\"text-align: justify;\">Todo desnivel existente en el interior, exterior o la transici\u00f3n entre los antes mencionados debe ser salvado con rampas cuya pendiente m\u00e1xima ser\u00e1 del 12% y contar con iluminaci\u00f3n apropiada y borde de color amarillo. No se permitir\u00e1 ninguna rampa con mayor desnivel.<\/li>\n<li style=\"text-align: justify;\">Las escaleras deber\u00e1n contar con medidas de m\u00e1xima seguridad, correctamente iluminada, tramos rectos, sin escalones compensados, huella y contrahuella con medidas apropiada (a evaluar seg\u00fan planos presentados en la Direcci\u00f3n de Obras Privadas), barandas a ambos lados y con un ancho m\u00ednimo de 1,50 metros.<\/li>\n<li style=\"text-align: justify;\">Todas las decoraciones de madera, cortinados, traper\u00eda, y en general cualquier objeto, combustible indispensable en la sala, ser\u00e1n recubiertas, pintados o embebidos en substancias ign\u00edfugas.<\/li>\n<li style=\"text-align: justify;\">Se proh\u00edbe la existencia de materiales combustibles en cielorrasos<\/li>\n<li style=\"text-align: justify;\">Ninguna puerta, vest\u00edbulo, corredor, pasaje, escalera, rampa u otro medio de salida ser\u00e1 obstruido o reducido en su ancho exi\u00adgido, calcul\u00e1ndose \u00e9ste de modo que permita evacuar simult\u00e1nea\u00admente los distintos locales \u00f3 unidades funcionales que desembocan en aqu\u00e9l.<\/li>\n<li style=\"text-align: justify;\">Ventilaci\u00f3n por medios mec\u00e1nicos. La ventilaci\u00f3n de locales podr\u00e1 efectuarse por medios mec\u00e1nicos de renovaci\u00f3n de aire. En tal caso, deber\u00e1 asegurarse la renovaci\u00f3n de 20 m3. (veinte metros c\u00fabicos) por persona y por hora, siendo los conductos de salida de los aparatos, independientes de otros tubos de ventilaci\u00f3n. La autorizaci\u00f3n para instalar estos aparatos se dar\u00e1 al propietario, siendo \u00e9ste el \u00fanico responsable de su correcto funcionamiento.<\/li>\n<li style=\"text-align: justify;\">Los matafuegos exigidos ser\u00e1n manuables apropiados para cada clase de fuego (A, B, \u00f3 C), y garantizados por el IRAM o el Cuerpo de Bomberos. Tambi\u00e9n podr\u00e1n ser utiliza\u00addos los de polvo, denominados &#8220;triclase&#8221;, para apagar cualquier clase de fuegos. Los matafuegos a base de espumas o polvos qu\u00edmicos deben ser va\u00adciados, revisados y recargados anualmente.-<\/li>\n<li style=\"text-align: justify;\">Se deber\u00e1 garantizar mediante se\u00f1aletica y todos los elementos que correspondan la seguridad vial en el ingreso y egreso a los establecimientos.<\/li>\n<\/ol>\n<p>&nbsp;<\/p>\n<p style=\"text-align: justify;\"><strong><u>ARTICULO 19\u00b0<\/u><\/strong><strong>:<\/strong> <strong><u>MODIFICACIONES DE CONDICIONES CONSTRUCTIVAS<\/u><\/strong><\/p>\n<p style=\"text-align: justify;\">Cuando se realicen modificaciones edilicias que hagan variar la superficie habilitada destinada a las actividades enmarcadas en esta Ordenanza, o cuando el Departamento Ejecutivo Municipal lo considere pertinente por constatarse que no persisten las condiciones en las que fue habilitado el establecimiento, se dar\u00e1 intervenci\u00f3n a las \u00e1reas t\u00e9cnicas de competencia, para asignar nuevamente capacidad, debiendo subsanarse en tiempo y forma las observaciones t\u00e9cnicas para luego actualizar la documentaci\u00f3n pertinente. El tiempo que demande la obra o el tramite no tendr\u00e1 efecto interruptivo, ni suspensivo en el plazo de vigencia de la habilitaci\u00f3n original.-<\/p>\n<p style=\"text-align: justify;\"><strong><u>ARTICULO 20\u00b0<\/u><\/strong><strong>: <u>ESTACIONAMIENTO<\/u><\/strong>: Los establecimientos comprendidos en el RUBRO I deber\u00e1n disponer de una playa de estacionamiento debidamente iluminada, y de dimensiones adecuadas en funci\u00f3n a la capacidad de concurrentes, equivalente a una vez y media la superficie del local como m\u00ednimo<strong>, <\/strong>respetando los dispuesto en Art. 5.3.1 de Ordenanza N\u00b0 757-HCD-2000.-<\/p>\n<p style=\"text-align: justify;\"><strong><u>ARTICULO 21\u00b0<\/u><\/strong><strong>: <u>SERVICIO M\u00cdNIMO DE SALUBRIDAD <\/u><\/strong><\/p>\n<p style=\"text-align: justify;\">Adem\u00e1s de lo requerido en el Art\u00edculo 6\u00b0) el servicio m\u00ednimo de salubridad para el Rubro I, se calcular\u00e1 en relaci\u00f3n a la capacidad de la sala conforme la siguiente tabla (a los efectos del c\u00e1lculo se considera una asistencia de 50% de hombres y 50% de mujeres.<\/p>\n<p style=\"text-align: justify;\">Hombres: 1 (uno) lavabo cada 50 (cincuenta) personas.<\/p>\n<p style=\"text-align: justify;\"><strong>\u00a0 <\/strong>\u00a0\u00a0\u00a0\u00a0\u00a0\u00a0\u00a0\u00a0\u00a0\u00a0\u00a0\u00a0\u00a0\u00a0\u00a01 (uno) inodoro cada 75 (setenta y cinco) personas.<\/p>\n<p style=\"text-align: justify;\"><strong>\u00a0 <\/strong>\u00a0\u00a0\u00a0\u00a0\u00a0\u00a0\u00a0\u00a0\u00a0\u00a0\u00a0\u00a0\u00a0\u00a0\u00a01 (uno) mingitorio cada 25 (veinticinco) personas.<\/p>\n<p style=\"text-align: justify;\">Mujeres:\u00a0\u00a0 1 (uno) inodoros cada 30 (treinta) personas<\/p>\n<p style=\"text-align: justify;\">1 (uno) lavabo cada 40 (cuarenta) personas.<\/p>\n<p>&nbsp;<\/p>\n<p style=\"text-align: justify;\"><strong><u>ARTICULO 22\u00ba<\/u><\/strong><strong>: <u>GRUPOS ETARIOS<\/u><\/strong><\/p>\n<p style=\"text-align: justify;\">Cada establecimiento podr\u00e1 admitir a los siguientes grupos etarios.<\/p>\n<ul style=\"text-align: justify;\">\n<li><strong>Grupo 1<\/strong>: Edad m\u00ednima de 18 a\u00f1os en adelante<\/li>\n<li><strong>Grupo 2<\/strong>: Edad m\u00ednima de 16 a\u00f1os a 25 a\u00f1os como m\u00e1ximo.<\/li>\n<\/ul>\n<p style=\"text-align: justify;\">El Grupo etario N\u00ba 2 no podr\u00e1 compartir local simult\u00e1neamente con personas de edad mayor a 25 a\u00f1os.<\/p>\n<p style=\"text-align: justify;\">Se deber\u00e1 garantizar el cumplimiento de la Ordenanza N\u00ba 1224-HCD-2010.<\/p>\n<p style=\"text-align: center;\"><strong><u>CAPITULO IV: \u201cDEL REGIMEN SANCIONATORIO\u201d<\/u><\/strong><\/p>\n<p><strong><u>ART\u00cdCULO 23\u00b0<\/u><\/strong><strong>: <u>SANCIONES GENERALES<\/u><\/strong><\/p>\n<ol start=\"23\">\n<li style=\"text-align: justify;\">1 Cualquier infracci\u00f3n a la presente Ordenanza ser\u00e1 sancionada como a continuaci\u00f3n se detalla:<\/li>\n<\/ol>\n<ol style=\"text-align: justify;\">\n<li>Primera infracci\u00f3n: Multa en pesos entre 200 unidades de valor y 500 unidades de valor y clausura por 1 dia.<\/li>\n<li>Segunda infracci\u00f3n duplica el monto de la primera infracci\u00f3n y clausura por 20 d\u00edas.<\/li>\n<li>Tercera infracci\u00f3n : quintuplica el monto de la primera infracci\u00f3n y clausura definitiva.<\/li>\n<\/ol>\n<p style=\"text-align: justify;\">23.2 El incumplimiento a las normas de seguridad como higiene y seguridad ambiental, ser\u00e1 sancionada con la clausura del local por el tiempo necesario hasta dar efectivo cumplimiento a las condiciones exigidas. En caso de reincidencia con la clausura definitiva se retirara la habilitaci\u00f3n.<\/p>\n<p style=\"text-align: justify;\">23.3 La unidad de valor establecida en la presente norma corresponde a un litro de combustible de mayor octanaje.-<\/p>\n<p><strong><u>ARTICULO 24\u00b0<\/u><\/strong><strong>: <u>SANCIONES POR VENTA Y CONSUMO DE ALCOHOL A MENORES<\/u><\/strong><\/p>\n<p style=\"text-align: justify;\">El incumplimiento de lo dispuesto por el Art\u00edculo 1\u00b0) de la Ordenanza N\u00b0 1224-HCD-2010, cuando suceda dentro de las instalaciones de los establecimientos, tendr\u00e1 las siguientes sanciones aplicables al titular del comercio:<\/p>\n<ol>\n<li>Primera infracci\u00f3n: de 500 a 1000 unidades de valor y clausura por un d\u00eda.<\/li>\n<li>Segunda infracci\u00f3n: duplica el inciso anterior y se clausura por un mes el establecimiento.<\/li>\n<li>Tercera infracci\u00f3n: quintuplica el inciso primero y clausura definitiva del comercio.-<\/li>\n<\/ol>\n<p>&nbsp;<\/p>\n<p style=\"text-align: center;\"><strong><u>CAPITULO V: \u201cCLAUSULAS TRANSITORIAS\u201d<\/u><\/strong><\/p>\n<p>&nbsp;<\/p>\n<p style=\"text-align: justify;\"><strong><u>ARTICULO 25\u00b0<\/u><\/strong><strong>: <\/strong>Aquellos establecimientos que deban acogerse a la presente ordenanza en cuestiones edilicias tendr\u00e1n un plazo de adecuaci\u00f3n m\u00e1ximo de ocho meses contados a partir de la sanci\u00f3n de la presente.-<\/p>\n<p style=\"text-align: justify;\"><span style=\"vertical-align: inherit;\"><span style=\"vertical-align: inherit;\"><span style=\"vertical-align: inherit;\"><span style=\"vertical-align: inherit;\">La autoridad de la aplicaci\u00f3n debe dictaminar el tiempo.<\/span><\/span><\/span><\/span><\/p>\n<p style=\"text-align: justify;\"><strong><u><span style=\"vertical-align: inherit;\"><span style=\"vertical-align: inherit;\"><span style=\"vertical-align: inherit;\"><span style=\"vertical-align: inherit;\">ART\u00cdCULO 26 \u00b0<\/span><\/span><\/span><\/span><\/u><\/strong><strong><span style=\"vertical-align: inherit;\"><span style=\"vertical-align: inherit;\"><span style=\"vertical-align: inherit;\"><span style=\"vertical-align: inherit;\"> :<\/span><\/span><\/span><\/span><\/strong><span style=\"vertical-align: inherit;\"><span style=\"vertical-align: inherit;\"><span style=\"vertical-align: inherit;\"><span style=\"vertical-align: inherit;\"> Aplicaci\u00f3n en el caso de lo normal en el art\u00edculo 1\u00ba de la Ordenanza N\u00ba 1159-HCD-2009.-<\/span><\/span><\/span><\/span><\/p>\n<p style=\"text-align: justify;\"><strong>\u00a0<\/strong><\/p>\n<p style=\"text-align: justify;\"><strong><u><span style=\"vertical-align: inherit;\"><span style=\"vertical-align: inherit;\"><span style=\"vertical-align: inherit;\"><span style=\"vertical-align: inherit;\">ARTICULO 27 \u00b0<\/span><\/span><\/span><\/span><\/u><\/strong><strong><span style=\"vertical-align: inherit;\"><span style=\"vertical-align: inherit;\"><span style=\"vertical-align: inherit;\"><span style=\"vertical-align: inherit;\"> :<\/span><\/span><\/span><\/span><\/strong><span style=\"vertical-align: inherit;\"><span style=\"vertical-align: inherit;\"><span style=\"vertical-align: inherit;\"><span style=\"vertical-align: inherit;\"> Derogar la Ordenanza N \u00b0 699-HCD-1998 y sus modificatorias, y toda otra norma que se oponga a presente.-<\/span><\/span><\/span><\/span><\/p>\n<p style=\"text-align: justify;\"><strong><u><span style=\"vertical-align: inherit;\"><span style=\"vertical-align: inherit;\"><span style=\"vertical-align: inherit;\"><span style=\"vertical-align: inherit;\">ART\u00cdCULO 28 \u00b0<\/span><\/span><\/span><\/span><\/u><\/strong><strong><span style=\"vertical-align: inherit;\"><span style=\"vertical-align: inherit;\"><span style=\"vertical-align: inherit;\"><span style=\"vertical-align: inherit;\"> :<\/span><\/span><\/span><\/span><\/strong><span style=\"vertical-align: inherit;\"><span style=\"vertical-align: inherit;\"><span style=\"vertical-align: inherit;\"><span style=\"vertical-align: inherit;\"> SOLICITAR AL DEMAR.<\/span><\/span><\/span><\/span><\/p>\n<p style=\"text-align: justify;\"><strong><u><span style=\"vertical-align: inherit;\"><span style=\"vertical-align: inherit;\"><span style=\"vertical-align: inherit;\"><span style=\"vertical-align: inherit;\">ARTICULO 29 \u00b0<\/span><\/span><\/span><\/span><\/u><\/strong><strong><span style=\"vertical-align: inherit;\"><span style=\"vertical-align: inherit;\"><span style=\"vertical-align: inherit;\"><span style=\"vertical-align: inherit;\"> : <\/span><\/span><\/span><\/span><\/strong> <strong><span style=\"vertical-align: inherit;\"><span style=\"vertical-align: inherit;\"><span style=\"vertical-align: inherit;\"><span style=\"vertical-align: inherit;\">COMUNICADO, NOTIFICADO, PUBLICADO, REGISTRO Y ARCHIVO OPORTUNAMENTE.<\/span><\/span><\/span><\/span><\/strong><\/p>\n<p style=\"text-align: justify;\">\n","protected":false},"excerpt":{"rendered":"<p>Villa de Merlo, (San Luis), 13 de diciembre de 2018.- ORDENANZA N\u00ba VII-0862-HCD-2018 \u00a0\u201c NOCTURNIDAD EN VILLA DE MERLO \u201d VISTO: La necesidad de actualizar la normativa vigente respecto a la recreaci\u00f3n nocturna; y CONSIDERANDO: Que mediante la Resoluci\u00f3n N\u00ba 1879-HCD-2018, este HCD convoc\u00f3 en el marco de la Ordenanza N\u00ba 1168-HCD-2009, una Audiencia P\u00fablica<\/p><\/div>\n<div class=\"blog-btn\"><a href=\"https:\/\/hcdvillademerlo.com\/index.php\/2018\/12\/21\/ordenanza-no-vii-0862-hcd-2018-nocturnidad-en-villa-de-merlo\/\" class=\"home-blog-btn\">Leer m\u00e1s<\/a><\/p>\n","protected":false},"author":1,"featured_media":0,"comment_status":"closed","ping_status":"closed","sticky":false,"template":"","format":"standard","meta":{"footnotes":""},"categories":[20,8,293],"tags":[],"class_list":["post-3918","post","type-post","status-publish","format-standard","hentry","category-hacienda","category-ordenanza","category-ordenanzas-2018"],"_links":{"self":[{"href":"https:\/\/hcdvillademerlo.com\/index.php\/wp-json\/wp\/v2\/posts\/3918","targetHints":{"allow":["GET"]}}],"collection":[{"href":"https:\/\/hcdvillademerlo.com\/index.php\/wp-json\/wp\/v2\/posts"}],"about":[{"href":"https:\/\/hcdvillademerlo.com\/index.php\/wp-json\/wp\/v2\/types\/post"}],"author":[{"embeddable":true,"href":"https:\/\/hcdvillademerlo.com\/index.php\/wp-json\/wp\/v2\/users\/1"}],"replies":[{"embeddable":true,"href":"https:\/\/hcdvillademerlo.com\/index.php\/wp-json\/wp\/v2\/comments?post=3918"}],"version-history":[{"count":1,"href":"https:\/\/hcdvillademerlo.com\/index.php\/wp-json\/wp\/v2\/posts\/3918\/revisions"}],"predecessor-version":[{"id":6648,"href":"https:\/\/hcdvillademerlo.com\/index.php\/wp-json\/wp\/v2\/posts\/3918\/revisions\/6648"}],"wp:attachment":[{"href":"https:\/\/hcdvillademerlo.com\/index.php\/wp-json\/wp\/v2\/media?parent=3918"}],"wp:term":[{"taxonomy":"category","embeddable":true,"href":"https:\/\/hcdvillademerlo.com\/index.php\/wp-json\/wp\/v2\/categories?post=3918"},{"taxonomy":"post_tag","embeddable":true,"href":"https:\/\/hcdvillademerlo.com\/index.php\/wp-json\/wp\/v2\/tags?post=3918"}],"curies":[{"name":"wp","href":"https:\/\/api.w.org\/{rel}","templated":true}]}}