{"id":385,"date":"2016-03-02T14:44:39","date_gmt":"2016-03-02T17:44:39","guid":{"rendered":"http:\/\/hcdvillademerlo.com.ar.j8a.com.ar\/?p=385"},"modified":"2016-03-02T14:44:39","modified_gmt":"2016-03-02T17:44:39","slug":"autoriza-compra-de-terreno-para-museo-kurteff","status":"publish","type":"post","link":"https:\/\/hcdvillademerlo.com\/index.php\/2016\/03\/02\/autoriza-compra-de-terreno-para-museo-kurteff\/","title":{"rendered":"AUTORIZA COMPRA DE TERRENO PARA MUSEO KURTEFF"},"content":{"rendered":"<p>Merlo, (San Luis), 26 de Febrero de 1990<br \/>\n&nbsp;<\/p>\n<p style=\"text-align: center\"><strong><u>ORDENANZA N\u00ba 450-HCD-1990<\/u><\/strong><\/p>\n<p><strong><u>VISTO:<\/u><\/strong><br \/>\nLa necesidad de ubicar un predio acorde a las caracter\u00edsticas apropiadas para la construcci\u00f3n destinado al funcionamiento de un MUSEO para Merlo, donde se pueda compilar obras de artes locales como de otro lugares, cuyos fines ser\u00edan enriquecer el acervo cultural de la zona y aumente nuestra inquietud tur\u00edstica, y:<br \/>\n<strong><u>CONSIDERANDO:<\/u><\/strong><br \/>\nQue a la entrada del Arco del Rinc\u00f3n del Este exige un terreno de 1.700 m2 rodeado de calles vecinales que se encuadrar\u00eda y al final enmarcar\u00eda las inquietudes de nuestra Comunidad.-<br \/>\nQue el mismo predio no ha tenido mejoras desde su primitivo loteo hecho por la Compa\u00f1\u00eda \u201cOli Forestal\u201d en el a\u00f1o 1976 y que responde catastralmente a la parcela N\u00ba 6532 de la manzana N\u00ba 1 del Plano de Mensura N\u00ba 1 confeccionado por el \u2026\u2026\u2026\u2026\u2026\u2026\u2026\u2026\u2026..inscripto en el Padr\u00f3n Territorial bajo el N\u00ba \u2026\u2026\u2026\u2026\u2026\u2026\u2026\u2026\u2026\u2026<br \/>\nQue su propietario Don Mart\u00edn Ortiz y se\u00f1ora est\u00e1n de acuerdo con enajenar el mencionado inmueble dado los fines que\u00a0 se persiguen, por ello el HONORABLE CONCEJO DELIBERANTE DE MERLO en su Sesi\u00f3n Extraordinaria del d\u00eda 22 de Febrero del a\u00f1o 1990 convocada por el Se\u00f1or Intendente Municipal, promulga con fuerza de Ley la siguiente:<br \/>\n&nbsp;<\/p>\n<p style=\"text-align: center\"><strong><u>ORDENANZA<\/u><\/strong><\/p>\n<p>&nbsp;<\/p>\n<ul>\n<li>Autorizase al Departamento Ejecutivo Municipal a que se efect\u00fae la compra directa del inmueble de referencia hasta la suma de DOS MILLONES DOSCIENTOS MIL AUSTRALES (A 200.000), para destinarlo a la construcci\u00f3n de un Edificio para Museo de Merlo y su parquizaci\u00f3n correspondiente.-<\/li>\n<li>Autorizase al Departamento Ejecutivo Municipal a que condone la deuda que por Servicios o Tasas Municipales debiera hasta la fecha el mencionado inmueble a nuestra comuna, otorg\u00e1ndole el Certificado de libre deuda para confeccionar la escritura traslativa del dominio.-<\/li>\n<li>Autorizase al Departamento Ejecutivo Municipal para que por intermedio de la Asesor\u00eda Letrada de la Municipalidad se le d\u00e9 forma legal a esta adquisici\u00f3n ingres\u00e1ndola al patrimonio del Municipio de Merlo y ocupando fondos de la partida correspondiente para efectuar el pago del citado inmueble.-<\/li>\n<li>Propiciase como nombre futuro para el mencionado predio \u201cPlazoleta Cultural de los C\u00e9sares\u201d.-<\/li>\n<li>Comun\u00edquese, reg\u00edstrese, publ\u00edquese y arch\u00edvese.-<\/li>\n<\/ul>\n<p>&nbsp;<br \/>\nPresidente HCD: Eduardo E. Ponce<br \/>\nSecretario HCD: Delfor D. Silva<\/p>\n","protected":false},"excerpt":{"rendered":"<p>Merlo, (San Luis), 26 de Febrero de 1990 &nbsp; ORDENANZA N\u00ba 450-HCD-1990 VISTO: La necesidad de ubicar un predio acorde a las caracter\u00edsticas apropiadas para la construcci\u00f3n destinado al funcionamiento de un MUSEO para Merlo, donde se pueda compilar obras de artes locales como de otro lugares, cuyos fines ser\u00edan enriquecer el acervo cultural de<\/p><\/div>\n<div class=\"blog-btn\"><a href=\"https:\/\/hcdvillademerlo.com\/index.php\/2016\/03\/02\/autoriza-compra-de-terreno-para-museo-kurteff\/\" class=\"home-blog-btn\">Leer m\u00e1s<\/a><\/p>\n","protected":false},"author":1,"featured_media":0,"comment_status":"closed","ping_status":"open","sticky":false,"template":"","format":"standard","meta":{"footnotes":""},"categories":[10],"tags":[41,170],"class_list":["post-385","post","type-post","status-publish","format-standard","hentry","category-poder-ejecutivo","tag-autoriza","tag-kurteff"],"_links":{"self":[{"href":"https:\/\/hcdvillademerlo.com\/index.php\/wp-json\/wp\/v2\/posts\/385","targetHints":{"allow":["GET"]}}],"collection":[{"href":"https:\/\/hcdvillademerlo.com\/index.php\/wp-json\/wp\/v2\/posts"}],"about":[{"href":"https:\/\/hcdvillademerlo.com\/index.php\/wp-json\/wp\/v2\/types\/post"}],"author":[{"embeddable":true,"href":"https:\/\/hcdvillademerlo.com\/index.php\/wp-json\/wp\/v2\/users\/1"}],"replies":[{"embeddable":true,"href":"https:\/\/hcdvillademerlo.com\/index.php\/wp-json\/wp\/v2\/comments?post=385"}],"version-history":[{"count":0,"href":"https:\/\/hcdvillademerlo.com\/index.php\/wp-json\/wp\/v2\/posts\/385\/revisions"}],"wp:attachment":[{"href":"https:\/\/hcdvillademerlo.com\/index.php\/wp-json\/wp\/v2\/media?parent=385"}],"wp:term":[{"taxonomy":"category","embeddable":true,"href":"https:\/\/hcdvillademerlo.com\/index.php\/wp-json\/wp\/v2\/categories?post=385"},{"taxonomy":"post_tag","embeddable":true,"href":"https:\/\/hcdvillademerlo.com\/index.php\/wp-json\/wp\/v2\/tags?post=385"}],"curies":[{"name":"wp","href":"https:\/\/api.w.org\/{rel}","templated":true}]}}