{"id":3801,"date":"2018-11-15T12:58:43","date_gmt":"2018-11-15T12:58:43","guid":{"rendered":"http:\/\/www.hcdvillademerlo.com.ar\/?p=3801"},"modified":"2018-11-15T12:58:43","modified_gmt":"2018-11-15T12:58:43","slug":"orden-del-dia-sesion-ordinaria-fecha-15-de-noviembre-de-2018-acta-no-034-hcd-2018","status":"publish","type":"post","link":"https:\/\/hcdvillademerlo.com\/index.php\/2018\/11\/15\/orden-del-dia-sesion-ordinaria-fecha-15-de-noviembre-de-2018-acta-no-034-hcd-2018\/","title":{"rendered":"ORDEN DEL D\u00cdA &#8211; SESI\u00d3N ORDINARIA FECHA: 15 DE NOVIEMBRE DE 2018 ACTA N\u00ba 034-HCD-2018.-"},"content":{"rendered":"<div class=\"\" data-block=\"true\" data-editor=\"1meoi\" data-offset-key=\"9r432-0-0\">\n<div class=\"_1mf _1mj\" style=\"text-align: center;\" data-offset-key=\"9r432-0-0\"><span style=\"text-decoration: underline;\"><strong>ORDEN DEL D\u00cdA &#8211; SESI\u00d3N ORDINARIA<\/strong><\/span><\/div>\n<\/div>\n<div class=\"\" style=\"text-align: center;\" data-block=\"true\" data-editor=\"1meoi\" data-offset-key=\"7jmj6-0-0\">\n<div class=\"_1mf _1mj\" data-offset-key=\"7jmj6-0-0\"><span style=\"text-decoration: underline;\"><strong>FECHA: 15 DE NOVIEMBRE DE 2018<\/strong><\/span><\/div>\n<\/div>\n<div class=\"\" style=\"text-align: center;\" data-block=\"true\" data-editor=\"1meoi\" data-offset-key=\"28r4t-0-0\">\n<div class=\"_1mf _1mj\" data-offset-key=\"28r4t-0-0\"><span style=\"text-decoration: underline;\"><strong>ACTA N\u00ba 034-HCD-2018.-<\/strong><\/span><\/div>\n<\/div>\n<div class=\"\" style=\"text-align: justify;\" data-block=\"true\" data-editor=\"1meoi\" data-offset-key=\"27o3v-0-0\">\n<div class=\"_1mf _1mj\" style=\"text-align: center;\" data-offset-key=\"27o3v-0-0\"><span data-offset-key=\"27o3v-0-0\">\u00a0<\/span><\/div>\n<\/div>\n<div class=\"\" style=\"text-align: justify;\" data-block=\"true\" data-editor=\"1meoi\" data-offset-key=\"46tad-0-0\">\n<div data-offset-key=\"46tad-0-0\"><\/div>\n<div class=\"_1mf _1mj\" data-offset-key=\"46tad-0-0\"><span style=\"text-decoration: underline;\"><strong>BANCA DEL VECINO:<\/strong><\/span><\/div>\n<\/div>\n<div class=\"\" style=\"text-align: justify;\" data-block=\"true\" data-editor=\"1meoi\" data-offset-key=\"4c8nn-0-0\">\n<div class=\"_1mf _1mj\" data-offset-key=\"4c8nn-0-0\"><span data-offset-key=\"4c8nn-0-0\">Vecinos Autoconvocados de la Calle Chumamaya y Anselmo Tisera, para exponer la situaci\u00f3n extrema de dicha Calle.-<\/span><\/div>\n<\/div>\n<div class=\"\" style=\"text-align: justify;\" data-block=\"true\" data-editor=\"1meoi\" data-offset-key=\"1jka3-0-0\">\n<div class=\"_1mf _1mj\" data-offset-key=\"1jka3-0-0\"><span data-offset-key=\"1jka3-0-0\">\u00a0<\/span><\/div>\n<\/div>\n<div class=\"\" style=\"text-align: justify;\" data-block=\"true\" data-editor=\"1meoi\" data-offset-key=\"ecs14-0-0\">\n<div class=\"_1mf _1mj\" data-offset-key=\"ecs14-0-0\"><span style=\"text-decoration: underline;\"><strong>De las Actas:<\/strong><\/span><\/div>\n<\/div>\n<div class=\"\" style=\"text-align: justify;\" data-block=\"true\" data-editor=\"1meoi\" data-offset-key=\"fldpp-0-0\">\n<div class=\"_1mf _1mj\" data-offset-key=\"fldpp-0-0\"><strong>1) Lectura y Aprobaci\u00f3n de Actas Anteriores.-<\/strong><\/div>\n<\/div>\n<div class=\"\" style=\"text-align: justify;\" data-block=\"true\" data-editor=\"1meoi\" data-offset-key=\"9rj5u-0-0\">\n<div class=\"_1mf _1mj\" data-offset-key=\"9rj5u-0-0\"><span data-offset-key=\"9rj5u-0-0\">\u2022 Acta N\u00ba 031 del d\u00eda 25 de Octubre de 2018&#8212;&#8212;&#8212;&#8212;&#8212;&#8212;&#8212;&#8212;&#8212;&#8212;&#8212;&#8212;&#8212;&#8212;&#8212;-<\/span><\/div>\n<\/div>\n<div class=\"\" style=\"text-align: justify;\" data-block=\"true\" data-editor=\"1meoi\" data-offset-key=\"6tgud-0-0\">\n<div class=\"_1mf _1mj\" data-offset-key=\"6tgud-0-0\"><span data-offset-key=\"6tgud-0-0\">\u2022 Acta N\u00ba 033 del d\u00eda 08 de Noviembre de 2018&#8212;&#8212;&#8212;&#8212;&#8212;&#8212;&#8212;&#8212;&#8212;&#8212;&#8212;&#8212;&#8212;&#8212;<\/span><\/div>\n<\/div>\n<div class=\"\" style=\"text-align: justify;\" data-block=\"true\" data-editor=\"1meoi\" data-offset-key=\"cd7rg-0-0\">\n<div class=\"_1mf _1mj\" data-offset-key=\"cd7rg-0-0\"><span data-offset-key=\"cd7rg-0-0\">\u00a0<\/span><\/div>\n<\/div>\n<div class=\"\" style=\"text-align: justify;\" data-block=\"true\" data-editor=\"1meoi\" data-offset-key=\"bg36h-0-0\">\n<div class=\"_1mf _1mj\" data-offset-key=\"bg36h-0-0\"><span data-offset-key=\"bg36h-0-0\">\u00a0<\/span><\/div>\n<\/div>\n<div class=\"\" style=\"text-align: justify;\" data-block=\"true\" data-editor=\"1meoi\" data-offset-key=\"a4led-0-0\">\n<div class=\"_1mf _1mj\" data-offset-key=\"a4led-0-0\"><span style=\"text-decoration: underline;\"><strong>De los Despachos de Comisi\u00f3n.-<\/strong><\/span><\/div>\n<\/div>\n<div class=\"\" style=\"text-align: justify;\" data-block=\"true\" data-editor=\"1meoi\" data-offset-key=\"bolu7-0-0\">\n<div class=\"_1mf _1mj\" data-offset-key=\"bolu7-0-0\"><span data-offset-key=\"bolu7-0-0\"><strong>2) Nota R. N\u00ba 869-HCD-18.-<\/strong> Despacho de Comisi\u00f3n, Proyecto de Ordenanza, en ref.: Vanos Molestos.-<\/span><\/div>\n<\/div>\n<div class=\"\" style=\"text-align: justify;\" data-block=\"true\" data-editor=\"1meoi\" data-offset-key=\"6nbvu-0-0\">\n<div class=\"_1mf _1mj\" data-offset-key=\"6nbvu-0-0\"><span data-offset-key=\"6nbvu-0-0\">\u00a0<\/span><\/div>\n<\/div>\n<div class=\"\" style=\"text-align: justify;\" data-block=\"true\" data-editor=\"1meoi\" data-offset-key=\"6kgk3-0-0\">\n<div class=\"_1mf _1mj\" data-offset-key=\"6kgk3-0-0\"><span data-offset-key=\"6kgk3-0-0\"><strong>3) Nota R. N\u00ba 870-HCD-18.-<\/strong> Despacho de Comisi\u00f3n, Proyecto de Ordenanza, en ref.: Designar nombres de calles para agregar al Nomenclador de Merlo.-<\/span><\/div>\n<\/div>\n<div class=\"\" style=\"text-align: justify;\" data-block=\"true\" data-editor=\"1meoi\" data-offset-key=\"4fhmm-0-0\">\n<div class=\"_1mf _1mj\" data-offset-key=\"4fhmm-0-0\"><span data-offset-key=\"4fhmm-0-0\">\u00a0<\/span><\/div>\n<\/div>\n<div class=\"\" style=\"text-align: justify;\" data-block=\"true\" data-editor=\"1meoi\" data-offset-key=\"flu55-0-0\">\n<div class=\"_1mf _1mj\" data-offset-key=\"flu55-0-0\"><span data-offset-key=\"flu55-0-0\"><strong>4) Nota R. N\u00ba 871-HCD-18.-<\/strong> Despacho de Comisi\u00f3n, Proyecto de Resoluci\u00f3n, en ref.: AUTORIZAR, al D.E.M., para que a trav\u00e9s de las \u00c1reas correspondientes, procedan a efectivizar la aprobaci\u00f3n del Plano de Mensura y Divisi\u00f3n, de inmueble ubicado en Cerro de Oro, de \u00e9sta localidad, cuya propietaria es la Sra. MARGARITA ELBA BOLHER.-<\/span><\/div>\n<\/div>\n<div class=\"\" style=\"text-align: justify;\" data-block=\"true\" data-editor=\"1meoi\" data-offset-key=\"c2g4d-0-0\">\n<div class=\"_1mf _1mj\" data-offset-key=\"c2g4d-0-0\"><span data-offset-key=\"c2g4d-0-0\">\u00a0<\/span><\/div>\n<\/div>\n<div class=\"\" style=\"text-align: justify;\" data-block=\"true\" data-editor=\"1meoi\" data-offset-key=\"ejadm-0-0\">\n<div class=\"_1mf _1mj\" data-offset-key=\"ejadm-0-0\"><span data-offset-key=\"ejadm-0-0\"><strong>5) Nota R. N\u00ba 872-HCD-18.-<\/strong> Despacho de Comisi\u00f3n, Proyecto de Ordenanza, en ref.: \u201dProhibici\u00f3n de venta y consumo de bebidas alcoh\u00f3licas en espect\u00e1culos deportivos donde participen categor\u00edas inferiores y juveniles\u201d.-<\/span><\/div>\n<\/div>\n<div class=\"\" style=\"text-align: justify;\" data-block=\"true\" data-editor=\"1meoi\" data-offset-key=\"33sm0-0-0\">\n<div class=\"_1mf _1mj\" data-offset-key=\"33sm0-0-0\"><span data-offset-key=\"33sm0-0-0\">\u00a0<\/span><\/div>\n<\/div>\n<div class=\"\" style=\"text-align: justify;\" data-block=\"true\" data-editor=\"1meoi\" data-offset-key=\"314vs-0-0\">\n<div class=\"_1mf _1mj\" data-offset-key=\"314vs-0-0\"><span data-offset-key=\"314vs-0-0\"><strong>6) Nota R. N\u00ba 873-HCD-18.-<\/strong> Despacho de Comisi\u00f3n, Proyecto de Nota a la Comisi\u00f3n Evaluadora de Proyectos, en ref.: elevar Expediente perteneciente a la Sra. LIDIA ROSA ARIAS, quien presenta pedido de divisi\u00f3n, solicitud ingresada a este Concejo por la Direcci\u00f3n de Catastro Municipal.-<\/span><\/div>\n<\/div>\n<div class=\"\" style=\"text-align: justify;\" data-block=\"true\" data-editor=\"1meoi\" data-offset-key=\"e1bj8-0-0\">\n<div class=\"_1mf _1mj\" data-offset-key=\"e1bj8-0-0\"><span data-offset-key=\"e1bj8-0-0\">\u00a0<\/span><\/div>\n<\/div>\n<div class=\"\" style=\"text-align: justify;\" data-block=\"true\" data-editor=\"1meoi\" data-offset-key=\"74ela-0-0\">\n<div class=\"_1mf _1mj\" data-offset-key=\"74ela-0-0\"><span data-offset-key=\"74ela-0-0\"><strong>7) Nota R. N\u00ba 874-HCD-18.-<\/strong> Despacho de Comisi\u00f3n, Proyecto de Nota a la Directora de Obras Privadas de la Municipalidad de la Villa de Merlo, Arq. Antonella Laudo Malet, en ref.: remitir Expediente del Sr. Pablo A. Rodr\u00edguez, que consiste en solicitud de Plano de Final de Obra e informarle que el mismo se trate en el marco de la Ordenanza VIII-0855-HCD-18.-<\/span><\/div>\n<\/div>\n<div class=\"\" style=\"text-align: justify;\" data-block=\"true\" data-editor=\"1meoi\" data-offset-key=\"61r5r-0-0\">\n<div class=\"_1mf _1mj\" data-offset-key=\"61r5r-0-0\"><span data-offset-key=\"61r5r-0-0\">\u00a0<\/span><\/div>\n<\/div>\n<div class=\"\" style=\"text-align: justify;\" data-block=\"true\" data-editor=\"1meoi\" data-offset-key=\"1jiff-0-0\">\n<div class=\"_1mf _1mj\" data-offset-key=\"1jiff-0-0\"><span data-offset-key=\"1jiff-0-0\"><strong>8) Nota R. N\u00ba 875-HCD-18.-<\/strong> Despacho de Comisi\u00f3n, Proyecto de Nota al Secretario de Gesti\u00f3n Territorial, Arq. Nicol\u00e1s Rosatti, en ref.: remitir Expte. de los Sres: TAPIE, ANDRADA, ALANIZ, FUERTES y ZEBALLOS, e informarle que el mismo se trate en el marco de la Ordenanza VIII-0855-HCD-18.-<\/span><\/div>\n<\/div>\n<div class=\"\" style=\"text-align: justify;\" data-block=\"true\" data-editor=\"1meoi\" data-offset-key=\"589m6-0-0\">\n<div class=\"_1mf _1mj\" data-offset-key=\"589m6-0-0\"><span data-offset-key=\"589m6-0-0\">\u00a0<\/span><\/div>\n<\/div>\n<div class=\"\" style=\"text-align: justify;\" data-block=\"true\" data-editor=\"1meoi\" data-offset-key=\"2ql45-0-0\">\n<div class=\"_1mf _1mj\" data-offset-key=\"2ql45-0-0\"><span data-offset-key=\"2ql45-0-0\"><strong>9) Nota R. N\u00ba 876-HCD-18.-<\/strong> Despacho de Comisi\u00f3n, Proyecto de Resoluci\u00f3n, en ref.: DECLARAR de INTERES MUNICIPAL, las \u201cQuintas Jornadas de Puertas Abiertas\u201d que se realizar\u00e1n en la Escuela T\u00e9cnica N\u00b0 34 \u201cAr\u00edstides Bratti\u201d de la Villa de Merlo, los d\u00edas 22 y 23 de noviembre de este a\u00f1o.-<\/span><\/div>\n<\/div>\n<div class=\"\" style=\"text-align: justify;\" data-block=\"true\" data-editor=\"1meoi\" data-offset-key=\"8ekeg-0-0\">\n<div class=\"_1mf _1mj\" data-offset-key=\"8ekeg-0-0\"><span data-offset-key=\"8ekeg-0-0\">\u00a0<\/span><\/div>\n<\/div>\n<div class=\"\" style=\"text-align: justify;\" data-block=\"true\" data-editor=\"1meoi\" data-offset-key=\"1l8f2-0-0\">\n<div class=\"_1mf _1mj\" data-offset-key=\"1l8f2-0-0\"><span data-offset-key=\"1l8f2-0-0\"><strong>10) Nota R. N\u00ba 879-HCD-18.-<\/strong> Despacho de Comisi\u00f3n, Proyecto de Nota al Secretario de Gesti\u00f3n Territorial, Arq. Nicol\u00e1s Rosatti, en ref.: solicitar inspecci\u00f3n por Plano de la Sra. MARGARITA ELBA BOLHER.-<\/span><\/div>\n<\/div>\n<div class=\"\" style=\"text-align: justify;\" data-block=\"true\" data-editor=\"1meoi\" data-offset-key=\"ebnmi-0-0\">\n<div class=\"_1mf _1mj\" data-offset-key=\"ebnmi-0-0\"><span data-offset-key=\"ebnmi-0-0\">\u00a0<\/span><\/div>\n<\/div>\n<div class=\"\" style=\"text-align: justify;\" data-block=\"true\" data-editor=\"1meoi\" data-offset-key=\"5achr-0-0\">\n<div class=\"_1mf _1mj\" data-offset-key=\"5achr-0-0\"><span data-offset-key=\"5achr-0-0\"><strong>11) Nota R. N\u00ba 880-HCD-18.-<\/strong> Despacho de Comisi\u00f3n, Proyecto de Nota a la Sra. Selva Marlene Ulfe Creste, en ref.: Responder solicitudes de Declaraci\u00f3n de Inter\u00e9s.-<\/span><\/div>\n<\/div>\n<div class=\"\" style=\"text-align: justify;\" data-block=\"true\" data-editor=\"1meoi\" data-offset-key=\"5tjeg-0-0\">\n<div class=\"_1mf _1mj\" data-offset-key=\"5tjeg-0-0\"><span data-offset-key=\"5tjeg-0-0\">\u00a0<\/span><\/div>\n<\/div>\n<div class=\"\" style=\"text-align: justify;\" data-block=\"true\" data-editor=\"1meoi\" data-offset-key=\"5kk4c-0-0\">\n<div class=\"_1mf _1mj\" data-offset-key=\"5kk4c-0-0\"><span data-offset-key=\"5kk4c-0-0\">\u00a0<\/span><\/div>\n<\/div>\n<div class=\"\" style=\"text-align: justify;\" data-block=\"true\" data-editor=\"1meoi\" data-offset-key=\"c7hlr-0-0\">\n<div class=\"_1mf _1mj\" data-offset-key=\"c7hlr-0-0\"><span style=\"text-decoration: underline;\"><strong>De los Proyectos (y\/o propuestas de los Concejales).-<\/strong><\/span><\/div>\n<\/div>\n<div class=\"\" style=\"text-align: justify;\" data-block=\"true\" data-editor=\"1meoi\" data-offset-key=\"aj0p6-0-0\">\n<div class=\"_1mf _1mj\" data-offset-key=\"aj0p6-0-0\"><span data-offset-key=\"aj0p6-0-0\"><strong>12) Nota R. N\u00ba 878-HCD-18.-<\/strong> Concejales del Bloque, U.C.R-Avanzar y Cambiemos por San Luis, elevan Proyecto de Nota dirigida al Intendente Municipal, Lic. Miguel \u00c1ngel Flores, en ref.: reiterar pedido de convocatoria del CO.MU.SE. (Consejo Municipal de Seguridad) y solicitar tenga a bien hacerlo efectivo.-<\/span><\/div>\n<\/div>\n<div class=\"\" style=\"text-align: justify;\" data-block=\"true\" data-editor=\"1meoi\" data-offset-key=\"dhb8r-0-0\">\n<div class=\"_1mf _1mj\" data-offset-key=\"dhb8r-0-0\"><span data-offset-key=\"dhb8r-0-0\">\u00a0<\/span><\/div>\n<\/div>\n<div class=\"\" style=\"text-align: justify;\" data-block=\"true\" data-editor=\"1meoi\" data-offset-key=\"f05v4-0-0\">\n<div class=\"_1mf _1mj\" data-offset-key=\"f05v4-0-0\"><span data-offset-key=\"f05v4-0-0\">\u00a0<\/span><\/div>\n<\/div>\n<div class=\"\" style=\"text-align: justify;\" data-block=\"true\" data-editor=\"1meoi\" data-offset-key=\"da44i-0-0\">\n<div class=\"_1mf _1mj\" data-offset-key=\"da44i-0-0\"><span style=\"text-decoration: underline;\"><strong>De los Informes (y\/o solicitudes) del D.E.M..-<\/strong><\/span><\/div>\n<\/div>\n<div class=\"\" style=\"text-align: justify;\" data-block=\"true\" data-editor=\"1meoi\" data-offset-key=\"411a8-0-0\">\n<div class=\"_1mf _1mj\" data-offset-key=\"411a8-0-0\"><span data-offset-key=\"411a8-0-0\"><strong>13) Nota R. N\u00ba 866-HCD-18.<\/strong>&#8211; Intendente Municipal de la Villa de Merlo, Lic. Miguel \u00c1ngel Flores, remite propuesta de la nueva Tarifa presentada por la Empresa ZENITRAM SAN LUIS S.R.L, para tratamiento y consideraci\u00f3n.-<\/span><\/div>\n<\/div>\n<div class=\"\" style=\"text-align: justify;\" data-block=\"true\" data-editor=\"1meoi\" data-offset-key=\"585k-0-0\">\n<div class=\"_1mf _1mj\" data-offset-key=\"585k-0-0\"><span data-offset-key=\"585k-0-0\">\u00a0<\/span><\/div>\n<\/div>\n<div class=\"\" style=\"text-align: justify;\" data-block=\"true\" data-editor=\"1meoi\" data-offset-key=\"c5hdl-0-0\">\n<div class=\"_1mf _1mj\" data-offset-key=\"c5hdl-0-0\"><span data-offset-key=\"c5hdl-0-0\"><strong>14) Nota R. N\u00ba 867-HCD-18.-<\/strong> Intendente Municipal, Lic. Miguel \u00c1ngel Flores y Secretaria de Hacienda, Srta. Cecilia Greco, elevan Proyecto de Presupuesto 2019 y su respectiva Ordenanza con las modificaciones y correcciones planteadas por Resoluci\u00f3n N\u00ba 1970-HCD-2018.- <\/span><\/div>\n<\/div>\n<div class=\"\" style=\"text-align: justify;\" data-block=\"true\" data-editor=\"1meoi\" data-offset-key=\"2f623-0-0\">\n<div class=\"_1mf _1mj\" data-offset-key=\"2f623-0-0\"><span data-offset-key=\"2f623-0-0\">\u00a0<\/span><\/div>\n<\/div>\n<div class=\"\" style=\"text-align: justify;\" data-block=\"true\" data-editor=\"1meoi\" data-offset-key=\"aqn8i-0-0\">\n<div class=\"_1mf _1mj\" data-offset-key=\"aqn8i-0-0\"><span data-offset-key=\"aqn8i-0-0\"><strong>15) Nota R. N\u00ba 868 -HCD-18.-<\/strong> Intendente Municipal, Lic. Miguel \u00c1ngel Flores y Secretaria de Hacienda, Srta. Cecilia Greco, elevan los siguientes Proyectos para evaluaci\u00f3n y aprobaci\u00f3n:<\/span><\/div>\n<\/div>\n<div class=\"\" style=\"text-align: justify;\" data-block=\"true\" data-editor=\"1meoi\" data-offset-key=\"em79o-0-0\">\n<div class=\"_1mf _1mj\" data-offset-key=\"em79o-0-0\"><span data-offset-key=\"em79o-0-0\">\u2022 Modificaci\u00f3n de Ordenanza Tarifaria.<\/span><\/div>\n<\/div>\n<div class=\"\" style=\"text-align: justify;\" data-block=\"true\" data-editor=\"1meoi\" data-offset-key=\"f4tt8-0-0\">\n<div class=\"_1mf _1mj\" data-offset-key=\"f4tt8-0-0\"><span data-offset-key=\"f4tt8-0-0\">\u2022 Proyecto de Ordenanza \u201cMontos de Contrataci\u00f3n\u201d.<\/span><\/div>\n<\/div>\n<div class=\"\" style=\"text-align: justify;\" data-block=\"true\" data-editor=\"1meoi\" data-offset-key=\"a93of-0-0\">\n<div class=\"_1mf _1mj\" data-offset-key=\"a93of-0-0\"><span data-offset-key=\"a93of-0-0\">\u2022 Proyecto de Ordenanza \u201cEstructuras Soporte de Antenas\u201d.<\/span><\/div>\n<\/div>\n<div class=\"\" style=\"text-align: justify;\" data-block=\"true\" data-editor=\"1meoi\" data-offset-key=\"3v17k-0-0\">\n<div class=\"_1mf _1mj\" data-offset-key=\"3v17k-0-0\"><span data-offset-key=\"3v17k-0-0\">\u2022 Proyecto de Ordenanza \u201cTasa Artesanos\u201d.<\/span><\/div>\n<\/div>\n<div class=\"\" style=\"text-align: justify;\" data-block=\"true\" data-editor=\"1meoi\" data-offset-key=\"6sn7n-0-0\">\n<div class=\"_1mf _1mj\" data-offset-key=\"6sn7n-0-0\"><span data-offset-key=\"6sn7n-0-0\">\u00a0<\/span><\/div>\n<\/div>\n<div class=\"\" style=\"text-align: justify;\" data-block=\"true\" data-editor=\"1meoi\" data-offset-key=\"fr6fo-0-0\">\n<div class=\"_1mf _1mj\" data-offset-key=\"fr6fo-0-0\"><span data-offset-key=\"fr6fo-0-0\"><strong>16) Nota R. N\u00ba 877-HCD-18.-<\/strong> Directora de Obras Privadas de la Municipalidad de la Villa de Merlo, Arq. Antonella Laudo Malet, en ref.: elevar Expte. a nombre de Chamma, Mar\u00eda Sof\u00eda, inmueble ubicado en Club de Monta\u00f1a \u201cCalaguala\u201d.-<\/span><\/div>\n<\/div>\n<div class=\"\" style=\"text-align: justify;\" data-block=\"true\" data-editor=\"1meoi\" data-offset-key=\"f3qmh-0-0\">\n<div class=\"_1mf _1mj\" data-offset-key=\"f3qmh-0-0\"><span data-offset-key=\"f3qmh-0-0\">\u00a0<\/span><\/div>\n<\/div>\n<div class=\"\" style=\"text-align: justify;\" data-block=\"true\" data-editor=\"1meoi\" data-offset-key=\"7tgjd-0-0\">\n<div class=\"_1mf _1mj\" data-offset-key=\"7tgjd-0-0\"><span data-offset-key=\"7tgjd-0-0\">\u00a0<\/span><\/div>\n<\/div>\n<div class=\"\" style=\"text-align: justify;\" data-block=\"true\" data-editor=\"1meoi\" data-offset-key=\"b561d-0-0\">\n<div class=\"_1mf _1mj\" data-offset-key=\"b561d-0-0\"><span style=\"text-decoration: underline;\"><strong>De las Peticiones o Asuntos Particulares.-<\/strong><\/span><\/div>\n<\/div>\n<div class=\"\" style=\"text-align: justify;\" data-block=\"true\" data-editor=\"1meoi\" data-offset-key=\"bo4ed-0-0\">\n<div class=\"_1mf _1mj\" data-offset-key=\"bo4ed-0-0\"><span data-offset-key=\"bo4ed-0-0\"><strong>17) Nota R. N\u00ba 863-HCD-18.-<\/strong> Martillero P\u00fablico Graciela Nicoletti y Dr. Eduardo Ponce, elevan nota solicitando respuesta respecto al funcionamiento de la Distribuidora de Gas propiedad del Sr. Guardia.-<\/span><\/div>\n<\/div>\n<div class=\"\" style=\"text-align: justify;\" data-block=\"true\" data-editor=\"1meoi\" data-offset-key=\"5p4mc-0-0\">\n<div class=\"_1mf _1mj\" data-offset-key=\"5p4mc-0-0\"><strong>\u00a0<\/strong><\/div>\n<\/div>\n<div class=\"\" style=\"text-align: justify;\" data-block=\"true\" data-editor=\"1meoi\" data-offset-key=\"71r71-0-0\">\n<div class=\"_1mf _1mj\" data-offset-key=\"71r71-0-0\"><span data-offset-key=\"71r71-0-0\"><strong>18) Nota R. N\u00ba 864-HCD-18.-<\/strong> Decana Normalizadora de la U.N.S.L., Lic. Gladys Pereyra responde Nota E. N\u00ba 292-HCD-18, sobre participaci\u00f3n en la Comisi\u00f3n Evaluadora de Proyectos.-<\/span><\/div>\n<\/div>\n<div class=\"\" style=\"text-align: justify;\" data-block=\"true\" data-editor=\"1meoi\" data-offset-key=\"ahe0t-0-0\">\n<div class=\"_1mf _1mj\" data-offset-key=\"ahe0t-0-0\"><span data-offset-key=\"ahe0t-0-0\">\u00a0<\/span><\/div>\n<\/div>\n<div class=\"\" data-block=\"true\" data-editor=\"1meoi\" data-offset-key=\"5qrrs-0-0\">\n<div class=\"_1mf _1mj\" style=\"text-align: justify;\" data-offset-key=\"5qrrs-0-0\"><span data-offset-key=\"5qrrs-0-0\"><strong>19) Nota R. N\u00ba 865 -HCD-18.-<\/strong> Presidente y Tesorero de la Asociaci\u00f3n de Taxis de la Villa de Merlo, solicitan nueva parada sobre Avda. del Sol y esquina La Luna.-<\/span><\/div>\n<\/div>\n<div class=\"\" data-block=\"true\" data-editor=\"1meoi\" data-offset-key=\"1scfg-0-0\"><\/div>\n","protected":false},"excerpt":{"rendered":"<p>ORDEN DEL D\u00cdA &#8211; SESI\u00d3N ORDINARIA FECHA: 15 DE NOVIEMBRE DE 2018 ACTA N\u00ba 034-HCD-2018.- \u00a0 BANCA DEL VECINO: Vecinos Autoconvocados de la Calle Chumamaya y Anselmo Tisera, para exponer la situaci\u00f3n extrema de dicha Calle.- \u00a0 De las Actas: 1) Lectura y Aprobaci\u00f3n de Actas Anteriores.- \u2022 Acta N\u00ba 031 del d\u00eda 25 de<\/p><\/div>\n<div class=\"blog-btn\"><a href=\"https:\/\/hcdvillademerlo.com\/index.php\/2018\/11\/15\/orden-del-dia-sesion-ordinaria-fecha-15-de-noviembre-de-2018-acta-no-034-hcd-2018\/\" class=\"home-blog-btn\">Leer m\u00e1s<\/a><\/p>\n","protected":false},"author":1,"featured_media":0,"comment_status":"closed","ping_status":"closed","sticky":false,"template":"","format":"standard","meta":{"footnotes":""},"categories":[7],"tags":[],"class_list":["post-3801","post","type-post","status-publish","format-standard","hentry","category-orden-del-dia"],"_links":{"self":[{"href":"https:\/\/hcdvillademerlo.com\/index.php\/wp-json\/wp\/v2\/posts\/3801","targetHints":{"allow":["GET"]}}],"collection":[{"href":"https:\/\/hcdvillademerlo.com\/index.php\/wp-json\/wp\/v2\/posts"}],"about":[{"href":"https:\/\/hcdvillademerlo.com\/index.php\/wp-json\/wp\/v2\/types\/post"}],"author":[{"embeddable":true,"href":"https:\/\/hcdvillademerlo.com\/index.php\/wp-json\/wp\/v2\/users\/1"}],"replies":[{"embeddable":true,"href":"https:\/\/hcdvillademerlo.com\/index.php\/wp-json\/wp\/v2\/comments?post=3801"}],"version-history":[{"count":0,"href":"https:\/\/hcdvillademerlo.com\/index.php\/wp-json\/wp\/v2\/posts\/3801\/revisions"}],"wp:attachment":[{"href":"https:\/\/hcdvillademerlo.com\/index.php\/wp-json\/wp\/v2\/media?parent=3801"}],"wp:term":[{"taxonomy":"category","embeddable":true,"href":"https:\/\/hcdvillademerlo.com\/index.php\/wp-json\/wp\/v2\/categories?post=3801"},{"taxonomy":"post_tag","embeddable":true,"href":"https:\/\/hcdvillademerlo.com\/index.php\/wp-json\/wp\/v2\/tags?post=3801"}],"curies":[{"name":"wp","href":"https:\/\/api.w.org\/{rel}","templated":true}]}}