{"id":3717,"date":"2018-10-24T14:15:24","date_gmt":"2018-10-24T17:15:24","guid":{"rendered":"http:\/\/www.hcdvillademerlo.com.ar\/?p=3717"},"modified":"2021-11-17T11:34:06","modified_gmt":"2021-11-17T14:34:06","slug":"ordenanza-no-x-0843-hcd-2018-modifica-ord-949-figura-vecino-ejemplar-incorpora-a-bomberos-voluntarios","status":"publish","type":"post","link":"https:\/\/hcdvillademerlo.com\/index.php\/2018\/10\/24\/ordenanza-no-x-0843-hcd-2018-modifica-ord-949-figura-vecino-ejemplar-incorpora-a-bomberos-voluntarios\/","title":{"rendered":"ORDENANZA N\u00ba X-0843-HCD-2018: MODIFICA ORD. 949- FIGURA VECINO EJEMPLAR-  INCORPORA A BOMBEROS VOLUNTARIOS"},"content":{"rendered":"<p>&nbsp;<\/p>\n<p style=\"text-align: right;\"><span style=\"vertical-align: inherit;\"><span style=\"vertical-align: inherit;\"><span style=\"vertical-align: inherit;\"><span style=\"vertical-align: inherit;\">Villa de Merlo, (San Luis), 06 de Septiembre de 2018.-<\/span><\/span><\/span><\/span><\/p>\n<p>&nbsp;<\/p>\n<p style=\"text-align: center;\"><strong><u><span style=\"vertical-align: inherit;\"><span style=\"vertical-align: inherit;\"><span style=\"vertical-align: inherit;\"><span style=\"vertical-align: inherit;\">ORDENANZA N\u00ba X-0843-HCD-2018<\/span><\/span><\/span><\/span><\/u><\/strong><\/p>\n<p>&nbsp;<br \/>\n<strong>\u00a0<u><span style=\"vertical-align: inherit;\"><span style=\"vertical-align: inherit;\"><span style=\"vertical-align: inherit;\"><span style=\"vertical-align: inherit;\">VISTO<\/span><\/span><\/span><\/span><\/u><span style=\"vertical-align: inherit;\"><span style=\"vertical-align: inherit;\"><span style=\"vertical-align: inherit;\"><span style=\"vertical-align: inherit;\"> :<\/span><\/span><\/span><\/span><\/strong><br \/>\n<span style=\"vertical-align: inherit;\"><span style=\"vertical-align: inherit;\"><span style=\"vertical-align: inherit;\"><span style=\"vertical-align: inherit;\">El Proyecto de Ordenanza presentado por el Bloque de Concejales UCR Avanzar y Cambiemos por San Luis, a trav\u00e9s de la Nota Especial N\u00ba 596-HCD-2018, de fecha 28 de agosto de 2018; <\/span><\/span><\/span><span style=\"vertical-align: inherit;\"><span style=\"vertical-align: inherit;\"><span style=\"vertical-align: inherit;\">y<\/span><\/span><\/span><\/span><br \/>\n&nbsp;<br \/>\n<strong><u><span style=\"vertical-align: inherit;\"><span style=\"vertical-align: inherit;\"><span style=\"vertical-align: inherit;\"><span style=\"vertical-align: inherit;\">CONSIDERANDO<\/span><\/span><\/span><\/span><\/u><\/strong><strong><span style=\"vertical-align: inherit;\"><span style=\"vertical-align: inherit;\"><span style=\"vertical-align: inherit;\"><span style=\"vertical-align: inherit;\"> :<\/span><\/span><\/span><\/span><\/strong><br \/>\n<span style=\"vertical-align: inherit;\"><span style=\"vertical-align: inherit;\"><span style=\"vertical-align: inherit;\"><span style=\"vertical-align: inherit;\">Que existe la necesidad de reconocer la valiosa trayectoria y la tarea de los Bomberos Voluntarios de nuestra Villa de Merlo.-<\/span><\/span><\/span><\/span><br \/>\n<span style=\"vertical-align: inherit;\"><span style=\"vertical-align: inherit;\"><span style=\"vertical-align: inherit;\"><span style=\"vertical-align: inherit;\">Que la Villa de Merlo cuenta con un cuartel activo de Bomberos Voluntarios conformados por hombres y mujeres que desinteresadamente trabajan d\u00eda a d\u00eda en beneficio de la comunidad.-<\/span><\/span><\/span><\/span><br \/>\n<span style=\"vertical-align: inherit;\"><span style=\"vertical-align: inherit;\"><span style=\"vertical-align: inherit;\"><span style=\"vertical-align: inherit;\">Que el cuartel de la Villa de Merlo fue creado el 16 de septiembre de 1978, y este a\u00f1o cumple 40 a\u00f1os.-<\/span><\/span><\/span><\/span><br \/>\n<span style=\"vertical-align: inherit;\"><span style=\"vertical-align: inherit;\">Que es importante crear desde el Honorable Concejo Deliberante La posibilidad de honrar y reconocer la trayectoria de aquellos bomberos que han prestado servicio a la comunidad a lo largo del tiempo.-<\/span><\/span><br \/>\n<span style=\"vertical-align: inherit;\"><span style=\"vertical-align: inherit;\">Que es justo declarar como Vecino Ejemplar para hombres y mujeres que cuenten con 25 a\u00f1os en total de servicio activo como Bombero en la Villa de Merlo y en el Sistema de Bomberos Nacional.-<\/span><\/span><br \/>\n<span style=\"vertical-align: inherit;\"><span style=\"vertical-align: inherit;\">Que la Resoluci\u00f3n N \u00b0 1446-HCD-2014, es un importante antecedente, que se realiza como la misma se declara como Vecino Ejemplar al Sr. Walter Andr\u00e9s Pizarro, quien lleg\u00f3 a ser Jefe del Cuartel de Bomberos con m\u00e1s de 25 a\u00f1os de servicio activo .-<\/span><\/span><br \/>\n<span style=\"vertical-align: inherit;\"><span style=\"vertical-align: inherit;\">Que el 2 de junio de cada a\u00f1o ser\u00eda el d\u00eda ideal para realizar estos reconocimientos, que se celebra el D\u00eda del Bombero Voluntario Argentino.-<\/span><\/span><br \/>\n<span style=\"vertical-align: inherit;\"><span style=\"vertical-align: inherit;\">Que por todo lo que se tiene conforme a continuaci\u00f3n se establece.-<\/span><\/span><br \/>\n&nbsp;<br \/>\n<strong><span style=\"vertical-align: inherit;\"><span style=\"vertical-align: inherit;\">POR TODO LO EXPUESTO, ESTE HONOR CONCEJO DELIBERANTE DE LA CIUDAD VILLA DE MERLO, SAN LUIS, EN USO DE LAS ATRIBUCIONES Y FACULTADES QUE LE CONFIERE LA LEY SANCIONA LA SIGUIENTE:<\/span><\/span><\/strong><\/p>\n<p style=\"text-align: center;\"><strong><u><span style=\"vertical-align: inherit;\"><span style=\"vertical-align: inherit;\">ORDENANZA<\/span><\/span><\/u><\/strong><\/p>\n<p><strong>\u00a0<\/strong><br \/>\n<strong><u><span style=\"vertical-align: inherit;\"><span style=\"vertical-align: inherit;\">ARTICULO 1 \u00b0<\/span><\/span><\/u><\/strong><strong><span style=\"vertical-align: inherit;\"><span style=\"vertical-align: inherit;\"> : <\/span><\/span><\/strong> <strong><span style=\"vertical-align: inherit;\"><span style=\"vertical-align: inherit;\">SUSTITUYASE<\/span><\/span><\/strong><span style=\"vertical-align: inherit;\"><span style=\"vertical-align: inherit;\"> \u00a0 el art\u00edculo 6 \u00b0)\u00a0 de la ORDENANZA N\u00ba 949-HCD-2005, por el siguiente texto, quedando redactado el mismo de la siguiente manera:<\/span><\/span><br \/>\n&nbsp;<br \/>\n<strong>\u00a0<em><u><span style=\"vertical-align: inherit;\"><span style=\"vertical-align: inherit;\">VECINO EJEMPLAR<\/span><\/span><\/u><span style=\"vertical-align: inherit;\"><span style=\"vertical-align: inherit;\"> :<\/span><\/span><\/em><\/strong><br \/>\n<em><span style=\"vertical-align: inherit;\"><span style=\"vertical-align: inherit;\">La distinci\u00f3n de VECINO EJEMPLAR DE LA CIUDAD VILLA DE MERLO se conceder\u00e1 a los individuos que en la forma desinteresada hubieran ejecutado pr\u00e1cticas continuadas de tipo solidario, que se destaquen por sus valores humanos, que posean car\u00e1cter ejemplificador para el conjunto de la comunidad avalados por la misma , mediante Decreto del Intendente Municipal o Resoluci\u00f3n del HCD.-<\/span><\/span><\/em><br \/>\n<em><span style=\"vertical-align: inherit;\"><span style=\"vertical-align: inherit;\">Asimismo, la distinci\u00f3n se conceder\u00e1 a los Bomberos Voluntarios de la Villa de Merlos que contar\u00e1n con el servicio de atenci\u00f3n al p\u00fablico en el cuartel. <\/span><span style=\"vertical-align: inherit;\">Para el caso de los bomberos que se han desempe\u00f1ado en otras instituciones, los mismos se acreditaron diez a\u00f1os de servicio activo en Bomberos de la Villa de Merlo y veinticinco a\u00f1os en total de servicio activo en el sistema de bomberos Nacional. <\/span><span style=\"vertical-align: inherit;\">La entrega de esta distinci\u00f3n se cumple en consonancia a lo establecido en el art\u00edculo 7 de la presente, el 2 de junio de cada a\u00f1o, d\u00eda del Bombero Voluntario Nacional &#8220;.-<\/span><\/span><\/em><br \/>\n<a href=\"http:\/\/www.hcdvillademerlo.com.ar\/figuras-protocolora\/\">ORDENANZA N\u00ba 949-HCD-2005: FIGURAS PROTOCOLARES<\/a><br \/>\n<strong><u><span style=\"vertical-align: inherit;\"><span style=\"vertical-align: inherit;\">ARTICULO 2 \u00b0<\/span><\/span><\/u><\/strong><strong><span style=\"vertical-align: inherit;\"><span style=\"vertical-align: inherit;\"> : COMUNICADO A LOS<\/span><\/span><\/strong><span style=\"vertical-align: inherit;\"><span style=\"vertical-align: inherit;\"> \u00a0Bomberos Voluntarios De La Villa De Merlo Y Al DEM.-<\/span><\/span><br \/>\n&nbsp;<br \/>\n<strong><u><span style=\"vertical-align: inherit;\"><span style=\"vertical-align: inherit;\">ARTICULO 3 \u00b0<\/span><\/span><\/u><\/strong><strong><span style=\"vertical-align: inherit;\"><span style=\"vertical-align: inherit;\"> : COMUNICADO, NOTIFICADO, PUBLICADO, REGISTRO Y ARCHIVO OPORTUNAMENTE.-<\/span><\/span><\/strong><\/p>\n","protected":false},"excerpt":{"rendered":"<p>&nbsp; Villa de Merlo, (San Luis), 06 de Septiembre de 2018.- &nbsp; ORDENANZA N\u00ba X-0843-HCD-2018 &nbsp; \u00a0VISTO : El Proyecto de Ordenanza presentado por el Bloque de Concejales UCR Avanzar y Cambiemos por San Luis, a trav\u00e9s de la Nota Especial N\u00ba 596-HCD-2018, de fecha 28 de agosto de 2018; y &nbsp; CONSIDERANDO : Que<\/p><\/div>\n<div class=\"blog-btn\"><a href=\"https:\/\/hcdvillademerlo.com\/index.php\/2018\/10\/24\/ordenanza-no-x-0843-hcd-2018-modifica-ord-949-figura-vecino-ejemplar-incorpora-a-bomberos-voluntarios\/\" class=\"home-blog-btn\">Leer m\u00e1s<\/a><\/p>\n","protected":false},"author":1,"featured_media":0,"comment_status":"closed","ping_status":"closed","sticky":false,"template":"","format":"standard","meta":{"footnotes":""},"categories":[8,293,12],"tags":[],"class_list":["post-3717","post","type-post","status-publish","format-standard","hentry","category-ordenanza","category-ordenanzas-2018","category-poder-legislativo"],"_links":{"self":[{"href":"https:\/\/hcdvillademerlo.com\/index.php\/wp-json\/wp\/v2\/posts\/3717","targetHints":{"allow":["GET"]}}],"collection":[{"href":"https:\/\/hcdvillademerlo.com\/index.php\/wp-json\/wp\/v2\/posts"}],"about":[{"href":"https:\/\/hcdvillademerlo.com\/index.php\/wp-json\/wp\/v2\/types\/post"}],"author":[{"embeddable":true,"href":"https:\/\/hcdvillademerlo.com\/index.php\/wp-json\/wp\/v2\/users\/1"}],"replies":[{"embeddable":true,"href":"https:\/\/hcdvillademerlo.com\/index.php\/wp-json\/wp\/v2\/comments?post=3717"}],"version-history":[{"count":1,"href":"https:\/\/hcdvillademerlo.com\/index.php\/wp-json\/wp\/v2\/posts\/3717\/revisions"}],"predecessor-version":[{"id":6663,"href":"https:\/\/hcdvillademerlo.com\/index.php\/wp-json\/wp\/v2\/posts\/3717\/revisions\/6663"}],"wp:attachment":[{"href":"https:\/\/hcdvillademerlo.com\/index.php\/wp-json\/wp\/v2\/media?parent=3717"}],"wp:term":[{"taxonomy":"category","embeddable":true,"href":"https:\/\/hcdvillademerlo.com\/index.php\/wp-json\/wp\/v2\/categories?post=3717"},{"taxonomy":"post_tag","embeddable":true,"href":"https:\/\/hcdvillademerlo.com\/index.php\/wp-json\/wp\/v2\/tags?post=3717"}],"curies":[{"name":"wp","href":"https:\/\/api.w.org\/{rel}","templated":true}]}}