{"id":3623,"date":"2018-09-13T11:39:39","date_gmt":"2018-09-13T11:39:39","guid":{"rendered":"http:\/\/www.hcdvillademerlo.com.ar\/?p=3623"},"modified":"2018-09-13T11:39:39","modified_gmt":"2018-09-13T11:39:39","slug":"orden-del-dia-sesion-ordinaria-fecha-13-de-setiembre-de-2018-acta-no-25-hcd-2018","status":"publish","type":"post","link":"https:\/\/hcdvillademerlo.com\/index.php\/2018\/09\/13\/orden-del-dia-sesion-ordinaria-fecha-13-de-setiembre-de-2018-acta-no-25-hcd-2018\/","title":{"rendered":"ORDEN DEL D\u00cdA &#8211; SESI\u00d3N ORDINARIA FECHA: 13 DE SETIEMBRE DE 2018 ACTA N\u00ba 25-HCD-2018.-"},"content":{"rendered":"<div class=\"\" data-block=\"true\" data-editor=\"9f529\" data-offset-key=\"82hpj-0-0\">\n<div class=\"_1mf _1mj\" style=\"text-align: center;\" data-offset-key=\"82hpj-0-0\"><strong><span style=\"vertical-align: inherit;\"><span style=\"vertical-align: inherit;\"><span style=\"vertical-align: inherit;\"><span style=\"vertical-align: inherit;\"><span style=\"vertical-align: inherit;\"><span style=\"vertical-align: inherit;\">ORDEN DEL D\u00cdA &#8211; SESI\u00d3N ORDINARIA<\/span><\/span><\/span><\/span><\/span><\/span><\/strong><\/div>\n<\/div>\n<div class=\"\" style=\"text-align: center;\" data-block=\"true\" data-editor=\"9f529\" data-offset-key=\"9411k-0-0\">\n<div class=\"_1mf _1mj\" data-offset-key=\"9411k-0-0\"><strong><span style=\"vertical-align: inherit;\"><span style=\"vertical-align: inherit;\"><span style=\"vertical-align: inherit;\"><span style=\"vertical-align: inherit;\"><span style=\"vertical-align: inherit;\"><span style=\"vertical-align: inherit;\">FECHA: 13 DE SETIEMBRE DE 2018<\/span><\/span><\/span><\/span><\/span><\/span><\/strong><\/div>\n<\/div>\n<div class=\"\" data-block=\"true\" data-editor=\"9f529\" data-offset-key=\"bb9te-0-0\">\n<div class=\"_1mf _1mj\" style=\"text-align: center;\" data-offset-key=\"bb9te-0-0\"><strong><span style=\"vertical-align: inherit;\"><span style=\"vertical-align: inherit;\"><span style=\"vertical-align: inherit;\"><span style=\"vertical-align: inherit;\"><span style=\"vertical-align: inherit;\"><span style=\"vertical-align: inherit;\">ACTA N\u00ba 025-HCD-2018.-<\/span><\/span><\/span><\/span><\/span><\/span><\/strong><\/div>\n<\/div>\n<div class=\"\" data-block=\"true\" data-editor=\"9f529\" data-offset-key=\"eugj2-0-0\">\n<div class=\"_1mf _1mj\" data-offset-key=\"eugj2-0-0\"><span data-offset-key=\"eugj2-0-0\">\u00a0<\/span><\/div>\n<\/div>\n<div class=\"\" data-block=\"true\" data-editor=\"9f529\" data-offset-key=\"fokm4-0-0\">\n<div class=\"_1mf _1mj\" style=\"text-align: justify;\" data-offset-key=\"fokm4-0-0\"><strong><span style=\"vertical-align: inherit;\"><span style=\"vertical-align: inherit;\"><span style=\"vertical-align: inherit;\"><span style=\"vertical-align: inherit;\"><span style=\"vertical-align: inherit;\"><span style=\"vertical-align: inherit;\">BANCA DEL VECINO:<\/span><\/span><\/span><\/span><\/span><\/span><\/strong><\/div>\n<\/div>\n<div class=\"\" style=\"text-align: justify;\" data-block=\"true\" data-editor=\"9f529\" data-offset-key=\"5i01p-0-0\">\n<div class=\"_1mf _1mj\" data-offset-key=\"5i01p-0-0\"><span data-offset-key=\"5i01p-0-0\"><span style=\"vertical-align: inherit;\"><span style=\"vertical-align: inherit;\"><span style=\"vertical-align: inherit;\"><span style=\"vertical-align: inherit;\"><span style=\"vertical-align: inherit;\"><span style=\"vertical-align: inherit;\">Agrupaci\u00f3n Juvennat, para la preocupaci\u00f3n por el destino que le est\u00e1 dando a los espacios p\u00fablicos.-<\/span><\/span><\/span><\/span><\/span><\/span><\/span><\/div>\n<\/div>\n<div class=\"\" style=\"text-align: justify;\" data-block=\"true\" data-editor=\"9f529\" data-offset-key=\"d93eo-0-0\">\n<div class=\"_1mf _1mj\" data-offset-key=\"d93eo-0-0\"><span data-offset-key=\"d93eo-0-0\">\u00a0<\/span><\/div>\n<\/div>\n<div class=\"\" style=\"text-align: justify;\" data-block=\"true\" data-editor=\"9f529\" data-offset-key=\"dm2kp-0-0\">\n<div class=\"_1mf _1mj\" data-offset-key=\"dm2kp-0-0\"><strong><span style=\"vertical-align: inherit;\"><span style=\"vertical-align: inherit;\"><span style=\"vertical-align: inherit;\"><span style=\"vertical-align: inherit;\"><span style=\"vertical-align: inherit;\"><span style=\"vertical-align: inherit;\">De las Actas:<\/span><\/span><\/span><\/span><\/span><\/span><\/strong><\/div>\n<\/div>\n<div class=\"\" style=\"text-align: justify;\" data-block=\"true\" data-editor=\"9f529\" data-offset-key=\"f7rl-0-0\">\n<div class=\"_1mf _1mj\" data-offset-key=\"f7rl-0-0\"><span data-offset-key=\"f7rl-0-0\"><span style=\"vertical-align: inherit;\"><span style=\"vertical-align: inherit;\"><span style=\"vertical-align: inherit;\"><span style=\"vertical-align: inherit;\"><span style=\"vertical-align: inherit;\"><span style=\"vertical-align: inherit;\">1) Lectura y Aprobaci\u00f3n de Actas Anteriores.-<\/span><\/span><\/span><\/span><\/span><\/span><\/span><\/div>\n<\/div>\n<div class=\"\" style=\"text-align: justify;\" data-block=\"true\" data-editor=\"9f529\" data-offset-key=\"8rfev-0-0\">\n<div class=\"_1mf _1mj\" data-offset-key=\"8rfev-0-0\"><span data-offset-key=\"8rfev-0-0\"><span style=\"vertical-align: inherit;\"><span style=\"vertical-align: inherit;\"><span style=\"vertical-align: inherit;\"><span style=\"vertical-align: inherit;\"><span style=\"vertical-align: inherit;\"><span style=\"vertical-align: inherit;\">\u2022 Acta N\u00ba 022 del d\u00eda 23 de Agosto de 2018 &#8212;&#8212;&#8212;&#8212;&#8211;<\/span><\/span><\/span><\/span><\/span><\/span><\/span><\/div>\n<\/div>\n<div class=\"\" style=\"text-align: justify;\" data-block=\"true\" data-editor=\"9f529\" data-offset-key=\"c3irc-0-0\">\n<div class=\"_1mf _1mj\" data-offset-key=\"c3irc-0-0\"><span data-offset-key=\"c3irc-0-0\">\u00a0<\/span><\/div>\n<\/div>\n<div class=\"\" style=\"text-align: justify;\" data-block=\"true\" data-editor=\"9f529\" data-offset-key=\"ke8f-0-0\">\n<div class=\"_1mf _1mj\" data-offset-key=\"ke8f-0-0\"><strong><span style=\"vertical-align: inherit;\"><span style=\"vertical-align: inherit;\"><span style=\"vertical-align: inherit;\"><span style=\"vertical-align: inherit;\"><span style=\"vertical-align: inherit;\"><span style=\"vertical-align: inherit;\">De los Despachos de Comisi\u00f3n.-<\/span><\/span><\/span><\/span><\/span><\/span><\/strong><\/div>\n<\/div>\n<div class=\"\" style=\"text-align: justify;\" data-block=\"true\" data-editor=\"9f529\" data-offset-key=\"95iot-0-0\">\n<div class=\"_1mf _1mj\" data-offset-key=\"95iot-0-0\"><span data-offset-key=\"95iot-0-0\"><strong><span style=\"vertical-align: inherit;\"><span style=\"vertical-align: inherit;\"><span style=\"vertical-align: inherit;\"><span style=\"vertical-align: inherit;\"><span style=\"vertical-align: inherit;\"><span style=\"vertical-align: inherit;\">2) Nota R. N\u00ba 652-HCD-18.-<\/span><\/span><\/span><\/span><\/span><\/span><\/strong><span style=\"vertical-align: inherit;\"><span style=\"vertical-align: inherit;\"><span style=\"vertical-align: inherit;\"><span style=\"vertical-align: inherit;\"><span style=\"vertical-align: inherit;\"><span style=\"vertical-align: inherit;\"> Despacho de Comisi\u00f3n, Proyecto de Nota a la Asociaci\u00f3n de Taxis de la Villa de Merlo, en ref .: convocarlos a la reuni\u00f3n de la Comisi\u00f3n del futuro d\u00eda Mi\u00e9rcoles 19 del corriente mes y a\u00f1o a las 18:00 horas en el Recinto de Sesiones, para el pedido pedido de modificaci\u00f3n por el tema de licencias.-<\/span><\/span><\/span><\/span><\/span><\/span><\/span><\/div>\n<\/div>\n<div class=\"\" style=\"text-align: justify;\" data-block=\"true\" data-editor=\"9f529\" data-offset-key=\"dbr3l-0-0\">\n<div class=\"_1mf _1mj\" data-offset-key=\"dbr3l-0-0\"><span data-offset-key=\"dbr3l-0-0\">\u00a0<\/span><\/div>\n<\/div>\n<div class=\"\" style=\"text-align: justify;\" data-block=\"true\" data-editor=\"9f529\" data-offset-key=\"cpplt-0-0\">\n<div class=\"_1mf _1mj\" data-offset-key=\"cpplt-0-0\"><span data-offset-key=\"cpplt-0-0\"><strong><span style=\"vertical-align: inherit;\"><span style=\"vertical-align: inherit;\"><span style=\"vertical-align: inherit;\"><span style=\"vertical-align: inherit;\"><span style=\"vertical-align: inherit;\"><span style=\"vertical-align: inherit;\">3) Nota R. N\u00ba 653-HCD-18.-<\/span><\/span><\/span><\/span><\/span><\/span><\/strong><span style=\"vertical-align: inherit;\"><span style=\"vertical-align: inherit;\"><span style=\"vertical-align: inherit;\"><span style=\"vertical-align: inherit;\"><span style=\"vertical-align: inherit;\"><span style=\"vertical-align: inherit;\"> Despacho de Comisi\u00f3n, Proyecto de Nota a la Directora de Catastro Municipal, Sra. <\/span><\/span><\/span><\/span><\/span><span style=\"vertical-align: inherit;\"><span style=\"vertical-align: inherit;\"><span style=\"vertical-align: inherit;\"><span style=\"vertical-align: inherit;\"><span style=\"vertical-align: inherit;\">Rosana Sirka, en ref .: Siguiente paso los Planos Expediente de la Sra. <\/span><\/span><\/span><\/span><\/span><span style=\"vertical-align: inherit;\"><span style=\"vertical-align: inherit;\"><span style=\"vertical-align: inherit;\"><span style=\"vertical-align: inherit;\"><span style=\"vertical-align: inherit;\">ANA MARIA GREGORAT, quien solicita aprobaci\u00f3n de divisi\u00f3n para PH.<\/span><\/span><\/span><\/span><\/span><\/span><\/span><\/div>\n<\/div>\n<div class=\"\" style=\"text-align: justify;\" data-block=\"true\" data-editor=\"9f529\" data-offset-key=\"2ppb8-0-0\">\n<div class=\"_1mf _1mj\" data-offset-key=\"2ppb8-0-0\"><span data-offset-key=\"2ppb8-0-0\">\u00a0<\/span><\/div>\n<\/div>\n<div class=\"\" style=\"text-align: justify;\" data-block=\"true\" data-editor=\"9f529\" data-offset-key=\"l964-0-0\">\n<div class=\"_1mf _1mj\" data-offset-key=\"l964-0-0\"><span data-offset-key=\"l964-0-0\"><strong><span style=\"vertical-align: inherit;\"><span style=\"vertical-align: inherit;\"><span style=\"vertical-align: inherit;\"><span style=\"vertical-align: inherit;\"><span style=\"vertical-align: inherit;\"><span style=\"vertical-align: inherit;\">4) Nota R. N\u00ba 654-HCD-18.-<\/span><\/span><\/span><\/span><\/span><\/span><\/strong><span style=\"vertical-align: inherit;\"><span style=\"vertical-align: inherit;\"><span style=\"vertical-align: inherit;\"><span style=\"vertical-align: inherit;\"><span style=\"vertical-align: inherit;\"><span style=\"vertical-align: inherit;\"> Despacho de Comisi\u00f3n, Proyecto de Nota a la Direcci\u00f3n de Catastro Municipal, Sra. <\/span><\/span><\/span><\/span><\/span><span style=\"vertical-align: inherit;\"><span style=\"vertical-align: inherit;\"><span style=\"vertical-align: inherit;\"><span style=\"vertical-align: inherit;\"><span style=\"vertical-align: inherit;\">Rosana Sirka, en ref .: Solicitar la corrijan los Planos Expediente del Sr. Carlos Alberto Peres y otros, los cuales solicitan la aprobaci\u00f3n de un plano para el R\u00e9gimen de Propiedad Horizontal.-<\/span><\/span><\/span><\/span><\/span><\/span><\/span><\/div>\n<\/div>\n<div class=\"\" style=\"text-align: justify;\" data-block=\"true\" data-editor=\"9f529\" data-offset-key=\"2lmij-0-0\">\n<div class=\"_1mf _1mj\" data-offset-key=\"2lmij-0-0\"><span data-offset-key=\"2lmij-0-0\">\u00a0<\/span><\/div>\n<\/div>\n<div class=\"\" style=\"text-align: justify;\" data-block=\"true\" data-editor=\"9f529\" data-offset-key=\"6d76i-0-0\">\n<div class=\"_1mf _1mj\" data-offset-key=\"6d76i-0-0\"><span data-offset-key=\"6d76i-0-0\"><strong><span style=\"vertical-align: inherit;\"><span style=\"vertical-align: inherit;\"><span style=\"vertical-align: inherit;\"><span style=\"vertical-align: inherit;\"><span style=\"vertical-align: inherit;\"><span style=\"vertical-align: inherit;\">5) Nota R. N\u00ba 655-HCD-18.-<\/span><\/span><\/span><\/span><\/span><\/span><\/strong><span style=\"vertical-align: inherit;\"><span style=\"vertical-align: inherit;\"><span style=\"vertical-align: inherit;\"><span style=\"vertical-align: inherit;\"><span style=\"vertical-align: inherit;\"><span style=\"vertical-align: inherit;\"> Despacho de Comisi\u00f3n, Proyecto de Nota a la Direcci\u00f3n de Catastro Municipal, Sra. <\/span><\/span><\/span><\/span><\/span><span style=\"vertical-align: inherit;\"><span style=\"vertical-align: inherit;\"><span style=\"vertical-align: inherit;\"><span style=\"vertical-align: inherit;\"><span style=\"vertical-align: inherit;\">Rosana Sirka, en ref .: Elevar copia de nota ingresada por la Sra. <\/span><\/span><\/span><\/span><\/span><span style=\"vertical-align: inherit;\"><span style=\"vertical-align: inherit;\"><span style=\"vertical-align: inherit;\"><span style=\"vertical-align: inherit;\"><span style=\"vertical-align: inherit;\">CAROLINA ELIZABETH MARINARO, por pedido de nombre para una calle en Cerro de Oro y solicitud de verificaci\u00f3n de la inexistencia de dicha calle en el Nomenclador Municipal y emita dictamen al respecto.-<\/span><\/span><\/span><\/span><\/span><\/span><\/span><\/div>\n<\/div>\n<div class=\"\" style=\"text-align: justify;\" data-block=\"true\" data-editor=\"9f529\" data-offset-key=\"71h62-0-0\">\n<div class=\"_1mf _1mj\" data-offset-key=\"71h62-0-0\"><span data-offset-key=\"71h62-0-0\">\u00a0<\/span><\/div>\n<\/div>\n<div class=\"\" style=\"text-align: justify;\" data-block=\"true\" data-editor=\"9f529\" data-offset-key=\"71hof-0-0\">\n<div class=\"_1mf _1mj\" data-offset-key=\"71hof-0-0\"><span data-offset-key=\"71hof-0-0\"><strong><span style=\"vertical-align: inherit;\"><span style=\"vertical-align: inherit;\"><span style=\"vertical-align: inherit;\"><span style=\"vertical-align: inherit;\"><span style=\"vertical-align: inherit;\"><span style=\"vertical-align: inherit;\">6) Nota R. N\u00ba 656-HCD-18.-<\/span><\/span><\/span><\/span><\/span><\/span><\/strong><span style=\"vertical-align: inherit;\"><span style=\"vertical-align: inherit;\"><span style=\"vertical-align: inherit;\"><span style=\"vertical-align: inherit;\"><span style=\"vertical-align: inherit;\"><span style=\"vertical-align: inherit;\"> Despacho de Comisi\u00f3n, Proyecto de Nota a la Direcci\u00f3n de Catastro Municipal, Sra. <\/span><\/span><\/span><\/span><\/span><span style=\"vertical-align: inherit;\"><span style=\"vertical-align: inherit;\"><span style=\"vertical-align: inherit;\"><span style=\"vertical-align: inherit;\"><span style=\"vertical-align: inherit;\">Rosana Sirka, en ref .: copia de nota de los vecinos del Barrio &#8220;Los Cha\u00f1ares&#8221; por nombres de calles y solicitud de informes.-<\/span><\/span><\/span><\/span><\/span><\/span><\/span><\/div>\n<\/div>\n<div class=\"\" style=\"text-align: justify;\" data-block=\"true\" data-editor=\"9f529\" data-offset-key=\"f5b10-0-0\">\n<div class=\"_1mf _1mj\" data-offset-key=\"f5b10-0-0\"><span data-offset-key=\"f5b10-0-0\">\u00a0<\/span><\/div>\n<\/div>\n<div class=\"\" style=\"text-align: justify;\" data-block=\"true\" data-editor=\"9f529\" data-offset-key=\"clced-0-0\">\n<span data-offset-key=\"clced-0-0\"><span data-offset-key=\"clced-0-0\"><strong><span style=\"vertical-align: inherit;\"><span style=\"vertical-align: inherit;\"><span style=\"vertical-align: inherit;\"><span style=\"vertical-align: inherit;\"><span style=\"vertical-align: inherit;\"><span style=\"vertical-align: inherit;\">7) Nota R. N\u00ba 658-HCD-18.-<\/span><\/span><\/span><\/span><\/span><\/span><\/strong><span style=\"vertical-align: inherit;\"><span style=\"vertical-align: inherit;\"><span style=\"vertical-align: inherit;\"><span style=\"vertical-align: inherit;\"><span style=\"vertical-align: inherit;\"><span style=\"vertical-align: inherit;\"> Despacho de Comisi\u00f3n, Proyecto de Nota a Entidades Deportivas de la Villa de Merlo, en ref .: Remitir copia del Proyecto de Ordenanza sobre &#8220;Prohibici\u00f3n de venta de consumo de bebidas alcoh\u00f3licas en\u00a0<\/span><\/span><\/span><\/span><\/span><\/span><\/span><\/span>espect\u00e1culos deportivos donde participen categor\u00edas inferiores\u201d y convocarlos a la reuni\u00f3n de Comisi\u00f3n del d\u00eda Mi\u00e9rcoles 19 del corriente mes y a\u00f1o a las 20:00 horas en el Recinto de Sesiones de este H.C.D., a fin de escuchar vuestros aportes.-\n<\/div>\n<div class=\"\" style=\"text-align: justify;\" data-block=\"true\" data-editor=\"9f529\" data-offset-key=\"cn4fp-0-0\">\n<div class=\"_1mf _1mj\" data-offset-key=\"cn4fp-0-0\"><span data-offset-key=\"cn4fp-0-0\">\u00a0<\/span><\/div>\n<\/div>\n<div class=\"\" style=\"text-align: justify;\" data-block=\"true\" data-editor=\"9f529\" data-offset-key=\"ct0lf-0-0\">\n<div class=\"_1mf _1mj\" data-offset-key=\"ct0lf-0-0\"><span data-offset-key=\"ct0lf-0-0\"><strong><span style=\"vertical-align: inherit;\"><span style=\"vertical-align: inherit;\"><span style=\"vertical-align: inherit;\"><span style=\"vertical-align: inherit;\"><span style=\"vertical-align: inherit;\"><span style=\"vertical-align: inherit;\">8) Nota R. N\u00ba 659-HCD-18.-<\/span><\/span><\/span><\/span><\/span><\/span><\/strong><span style=\"vertical-align: inherit;\"><span style=\"vertical-align: inherit;\"><span style=\"vertical-align: inherit;\"><span style=\"vertical-align: inherit;\"><span style=\"vertical-align: inherit;\"><span style=\"vertical-align: inherit;\"> Despacho de Comisi\u00f3n, Proyecto de Nota al Secretario de Gobierno Municipal, Sr. Mariano Gonz\u00e1lez, en ref .: Elevar copia de Expediente del Sr. SEBASTIAN ALEJANDRO ALFONSO, sobre pedido de prefactibilidad de uso de un carro gastron\u00f3mico y aplicaci\u00f3n para el mismo tratamiento que para los dem\u00e1s similares que actualmente se encuentran trabajando.-<\/span><\/span><\/span><\/span><\/span><\/span><\/span><\/div>\n<\/div>\n<div class=\"\" style=\"text-align: justify;\" data-block=\"true\" data-editor=\"9f529\" data-offset-key=\"b2hn4-0-0\">\n<div class=\"_1mf _1mj\" data-offset-key=\"b2hn4-0-0\"><span data-offset-key=\"b2hn4-0-0\">\u00a0<\/span><\/div>\n<\/div>\n<div class=\"\" style=\"text-align: justify;\" data-block=\"true\" data-editor=\"9f529\" data-offset-key=\"evdl1-0-0\">\n<div class=\"_1mf _1mj\" data-offset-key=\"evdl1-0-0\"><span data-offset-key=\"evdl1-0-0\"><strong><span style=\"vertical-align: inherit;\"><span style=\"vertical-align: inherit;\"><span style=\"vertical-align: inherit;\"><span style=\"vertical-align: inherit;\"><span style=\"vertical-align: inherit;\"><span style=\"vertical-align: inherit;\">9) Nota R. N\u00ba 660-HCD-18.-<\/span><\/span><\/span><\/span><\/span><\/span><\/strong><span style=\"vertical-align: inherit;\"><span style=\"vertical-align: inherit;\"><span style=\"vertical-align: inherit;\"><span style=\"vertical-align: inherit;\"><span style=\"vertical-align: inherit;\"><span style=\"vertical-align: inherit;\"> Despacho de Comisi\u00f3n, Proyecto de Resoluci\u00f3n, en ref .: DECLARAR como INSTITUCION DESTACADA de la Villa de Merlo, San Luis, a la Asociaci\u00f3n Bomberos Voluntarios de esta Villa de Merlo, San Luis y DECLARAR DE INTERES MUNICIPAL los festejos programados por el 40 \u00b0 Aniversario de su fundaci\u00f3n.-<\/span><\/span><\/span><\/span><\/span><\/span><\/span><\/div>\n<\/div>\n<div class=\"\" style=\"text-align: justify;\" data-block=\"true\" data-editor=\"9f529\" data-offset-key=\"6m9r2-0-0\">\n<div class=\"_1mf _1mj\" data-offset-key=\"6m9r2-0-0\"><span data-offset-key=\"6m9r2-0-0\">\u00a0<\/span><\/div>\n<\/div>\n<div class=\"\" style=\"text-align: justify;\" data-block=\"true\" data-editor=\"9f529\" data-offset-key=\"aqptd-0-0\">\n<div class=\"_1mf _1mj\" data-offset-key=\"aqptd-0-0\"><span data-offset-key=\"aqptd-0-0\"><strong><span style=\"vertical-align: inherit;\"><span style=\"vertical-align: inherit;\"><span style=\"vertical-align: inherit;\"><span style=\"vertical-align: inherit;\"><span style=\"vertical-align: inherit;\"><span style=\"vertical-align: inherit;\">10) Nota R. N\u00ba 661-HCD-18.-<\/span><\/span><\/span><\/span><\/span><\/span><\/strong><span style=\"vertical-align: inherit;\"><span style=\"vertical-align: inherit;\"><span style=\"vertical-align: inherit;\"><span style=\"vertical-align: inherit;\"><span style=\"vertical-align: inherit;\"><span style=\"vertical-align: inherit;\"> Despacho de Comisi\u00f3n, Proyecto de Resoluci\u00f3n, en ref. <\/span><span style=\"vertical-align: inherit;\">DECLARAR DE INTERES MUNICIPAL DE LA VILLA DE MERLO, SAN LUIS, EL &#8220;DIA NACIONAL DE JOVEN EMPRESARIO&#8221;, todos los dise\u00f1os 19 de Septiembre de Ley Nacional N \u00b0 26.878.-<\/span><\/span><\/span><\/span><\/span><\/span><\/span><\/div>\n<\/div>\n<div class=\"\" style=\"text-align: justify;\" data-block=\"true\" data-editor=\"9f529\" data-offset-key=\"ctckj-0-0\">\n<div class=\"_1mf _1mj\" data-offset-key=\"ctckj-0-0\"><span data-offset-key=\"ctckj-0-0\">\u00a0<\/span><\/div>\n<\/div>\n<div class=\"\" style=\"text-align: justify;\" data-block=\"true\" data-editor=\"9f529\" data-offset-key=\"6g5nq-0-0\">\n<div class=\"_1mf _1mj\" data-offset-key=\"6g5nq-0-0\"><span data-offset-key=\"6g5nq-0-0\"><strong><span style=\"vertical-align: inherit;\"><span style=\"vertical-align: inherit;\"><span style=\"vertical-align: inherit;\"><span style=\"vertical-align: inherit;\"><span style=\"vertical-align: inherit;\"><span style=\"vertical-align: inherit;\">11) Nota R. N\u00ba 664-HCD-18.-<\/span><\/span><\/span><\/span><\/span><\/span><\/strong><span style=\"vertical-align: inherit;\"><span style=\"vertical-align: inherit;\"><span style=\"vertical-align: inherit;\"><span style=\"vertical-align: inherit;\"><span style=\"vertical-align: inherit;\"><span style=\"vertical-align: inherit;\"> Despacho de Comisi\u00f3n, Proyecto de Resoluci\u00f3n, en ref .: AUTORIZAR, la aprobaci\u00f3n del Proyecto de Plano de Mensura a los efectos de constituir Derecho Real de Propiedad Horizontal de edificio construido, del inmueble ubicado en Calle Janson esquina Felipe Varela, de esta localidad Villa de Merlo, Departamento Jun\u00edn, Provincia de San Luis, cuyo propietario es el Sr. HERNANDO RAFAEL ANDRADA.-<\/span><\/span><\/span><\/span><\/span><\/span><\/span><\/div>\n<\/div>\n<div class=\"\" style=\"text-align: justify;\" data-block=\"true\" data-editor=\"9f529\" data-offset-key=\"ett59-0-0\">\n<div class=\"_1mf _1mj\" data-offset-key=\"ett59-0-0\"><span data-offset-key=\"ett59-0-0\">\u00a0<\/span><\/div>\n<\/div>\n<div class=\"\" style=\"text-align: justify;\" data-block=\"true\" data-editor=\"9f529\" data-offset-key=\"2tcer-0-0\">\n<div class=\"_1mf _1mj\" data-offset-key=\"2tcer-0-0\"><span data-offset-key=\"2tcer-0-0\"><strong><span style=\"vertical-align: inherit;\"><span style=\"vertical-align: inherit;\"><span style=\"vertical-align: inherit;\"><span style=\"vertical-align: inherit;\">12) Nota R. N\u00ba 665-HCD-18.-<\/span><\/span><\/span><\/span><\/strong><span style=\"vertical-align: inherit;\"><span style=\"vertical-align: inherit;\"><span style=\"vertical-align: inherit;\"><span style=\"vertical-align: inherit;\"> Despacho de Comisi\u00f3n, Proyecto de Resoluci\u00f3n, en ref .: AUTORIZAR la aprobaci\u00f3n del Proyecto de Plano de Mensura a los efectos de constituci\u00f3n Derecho Real de Propiedad Horizontal de edificio construido, del inmueble ubicado en Avenida de los Incas N \u00b0 500, Piedra Blanca, de esta localidad Villa de Merlo, Departamento Jun\u00edn, Provincia de San Luis, cuya propiedad es la Sra. <\/span><\/span><\/span><span style=\"vertical-align: inherit;\"><span style=\"vertical-align: inherit;\"><span style=\"vertical-align: inherit;\">SILVIA BEATRIZ CALLEJAS.-<\/span><\/span><\/span><\/span><\/span><\/div>\n<\/div>\n<div class=\"\" style=\"text-align: justify;\" data-block=\"true\" data-editor=\"9f529\" data-offset-key=\"38a6s-0-0\">\n<div class=\"_1mf _1mj\" data-offset-key=\"38a6s-0-0\"><span data-offset-key=\"38a6s-0-0\">\u00a0<\/span><\/div>\n<\/div>\n<div class=\"\" style=\"text-align: justify;\" data-block=\"true\" data-editor=\"9f529\" data-offset-key=\"b9vsa-0-0\">\n<div class=\"_1mf _1mj\" data-offset-key=\"b9vsa-0-0\"><span data-offset-key=\"b9vsa-0-0\"><strong><span style=\"vertical-align: inherit;\"><span style=\"vertical-align: inherit;\"><span style=\"vertical-align: inherit;\"><span style=\"vertical-align: inherit;\">13) Nota R. N\u00ba 669-HCD-18.-<\/span><\/span><\/span><\/span><\/strong><span style=\"vertical-align: inherit;\"><span style=\"vertical-align: inherit;\"><span style=\"vertical-align: inherit;\"><span style=\"vertical-align: inherit;\"> Despacho de Comisi\u00f3n, Proyecto de Ordenanza, en ref .: DEROGAR, en todas sus partes la Ordenanza N \u00b0 VII-0817-HCD-2018 mediante la cual se suspendieron los Art\u00edculos 11 \u00b0, 12 \u00b0 y 13 \u00b0, de la Ordenanza N \u00b0 VII-0810-HCD-2017 del Presupuesto Anual 2018.-<\/span><\/span><\/span><\/span><\/span><\/div>\n<\/div>\n<div class=\"\" style=\"text-align: justify;\" data-block=\"true\" data-editor=\"9f529\" data-offset-key=\"3f1n-0-0\">\n<div class=\"_1mf _1mj\" data-offset-key=\"3f1n-0-0\"><span data-offset-key=\"3f1n-0-0\">\u00a0<\/span><\/div>\n<\/div>\n<div class=\"\" style=\"text-align: justify;\" data-block=\"true\" data-editor=\"9f529\" data-offset-key=\"8ksh5-0-0\">\n<div class=\"_1mf _1mj\" data-offset-key=\"8ksh5-0-0\"><span data-offset-key=\"8ksh5-0-0\"><strong><span style=\"vertical-align: inherit;\"><span style=\"vertical-align: inherit;\"><span style=\"vertical-align: inherit;\"><span style=\"vertical-align: inherit;\">14) Nota R. N\u00ba 670-HCD-18.-<\/span><\/span><\/span><\/span><\/strong><span style=\"vertical-align: inherit;\"><span style=\"vertical-align: inherit;\"><span style=\"vertical-align: inherit;\"><span style=\"vertical-align: inherit;\"> Despacho de Comisi\u00f3n, Proyecto de Ordenanza, en ref .: MODIFICAR, el Art\u00edculo 12 \u00b0 de la Ordenanza N \u00b0 VII-0810-HCD-2017: Presupuesto de Gastos y Recursos a\u00f1o 2018.-<\/span><\/span><\/span><\/span><\/span><\/div>\n<\/div>\n<div class=\"\" style=\"text-align: justify;\" data-block=\"true\" data-editor=\"9f529\" data-offset-key=\"40cu0-0-0\">\n<div class=\"_1mf _1mj\" data-offset-key=\"40cu0-0-0\"><span data-offset-key=\"40cu0-0-0\">\u00a0<\/span><\/div>\n<\/div>\n<div class=\"\" style=\"text-align: justify;\" data-block=\"true\" data-editor=\"9f529\" data-offset-key=\"4u756-0-0\">\n<div class=\"_1mf _1mj\" data-offset-key=\"4u756-0-0\"><span data-offset-key=\"4u756-0-0\"><strong><span style=\"vertical-align: inherit;\"><span style=\"vertical-align: inherit;\"><span style=\"vertical-align: inherit;\"><span style=\"vertical-align: inherit;\">15) Nota R. N\u00ba 674-HCD-18.-<\/span><\/span><\/span><\/span><\/strong><span style=\"vertical-align: inherit;\"><span style=\"vertical-align: inherit;\"><span style=\"vertical-align: inherit;\"><span style=\"vertical-align: inherit;\"> Despacho de Comisi\u00f3n, Proyecto de Ordenanza, en ref .: MODIFICAR la Ordenanza N \u00b0 949-HCD-2005, INCORPORANDO la figura &#8220;DIPLOMA MUNICIPALIDAD VILLA DE MERLO AL VALOR EN SERVICIO&#8221; .-<\/span><\/span><\/span><\/span><\/span><\/div>\n<\/div>\n<div class=\"\" style=\"text-align: justify;\" data-block=\"true\" data-editor=\"9f529\" data-offset-key=\"54vk6-0-0\">\n<div class=\"_1mf _1mj\" data-offset-key=\"54vk6-0-0\"><span data-offset-key=\"54vk6-0-0\">\u00a0<\/span><\/div>\n<\/div>\n<div class=\"\" style=\"text-align: justify;\" data-block=\"true\" data-editor=\"9f529\" data-offset-key=\"bu719-0-0\">\n<div class=\"_1mf _1mj\" data-offset-key=\"bu719-0-0\"><strong><span style=\"vertical-align: inherit;\"><span style=\"vertical-align: inherit;\"><span style=\"vertical-align: inherit;\"><span style=\"vertical-align: inherit;\">De los Proyectos (y \/ o propuestas de los Concejales) .-<\/span><\/span><\/span><\/span><\/strong><\/div>\n<\/div>\n<div class=\"\" style=\"text-align: justify;\" data-block=\"true\" data-editor=\"9f529\" data-offset-key=\"fa5pp-0-0\">\n<div class=\"_1mf _1mj\" data-offset-key=\"fa5pp-0-0\"><span data-offset-key=\"fa5pp-0-0\"><strong><span style=\"vertical-align: inherit;\"><span style=\"vertical-align: inherit;\"><span style=\"vertical-align: inherit;\"><span style=\"vertical-align: inherit;\">16) Nota R. N\u00ba 667 -HCD-18.-<\/span><\/span><\/span><\/span><\/strong><span style=\"vertical-align: inherit;\"><span style=\"vertical-align: inherit;\"><span style=\"vertical-align: inherit;\"><span style=\"vertical-align: inherit;\"> Concejales del Bloque, UCR-Avanzar Cambiemos por San Luis, elevan Proyecto de Resoluci\u00f3n en ref.: Solicitar al Gobierno Provincial, la urgente Reglamentaci\u00f3n e Implementaci\u00f3n de la Ley (N\u00ba-0980 -2017) de Bomberos Voluntarios.-<\/span><\/span><\/span><\/span><\/span><\/div>\n<\/div>\n<div class=\"\" style=\"text-align: justify;\" data-block=\"true\" data-editor=\"9f529\" data-offset-key=\"c6esr-0-0\">\n<div class=\"_1mf _1mj\" data-offset-key=\"c6esr-0-0\"><span data-offset-key=\"c6esr-0-0\">\u00a0<\/span><\/div>\n<\/div>\n<div class=\"\" style=\"text-align: justify;\" data-block=\"true\" data-editor=\"9f529\" data-offset-key=\"5ntl1-0-0\">\n<div class=\"_1mf _1mj\" data-offset-key=\"5ntl1-0-0\"><span data-offset-key=\"5ntl1-0-0\"><strong><span style=\"vertical-align: inherit;\"><span style=\"vertical-align: inherit;\"><span style=\"vertical-align: inherit;\"><span style=\"vertical-align: inherit;\">7) Nota R. N\u00ba 668 -HCD-18.-<\/span><\/span><\/span><\/span><\/strong><span style=\"vertical-align: inherit;\"><span style=\"vertical-align: inherit;\"><span style=\"vertical-align: inherit;\"><span style=\"vertical-align: inherit;\"> Concejales del Bloque UCR-Avanzar Cambiemos por San Luis, elevan, Proyecto de Nota dirigida al Director de Transito Municipal, Sr. Leonardo Orgorozo, mediante la cual se solicita mayor seguridad vial en la intersecci\u00f3n de Ruta N\u00ba5 y Calle Juana Azurduy.-<\/span><\/span><\/span><\/span><\/span><\/div>\n<\/div>\n<div class=\"\" style=\"text-align: justify;\" data-block=\"true\" data-editor=\"9f529\" data-offset-key=\"66gke-0-0\">\n<div class=\"_1mf _1mj\" data-offset-key=\"66gke-0-0\"><span data-offset-key=\"66gke-0-0\">\u00a0<\/span><\/div>\n<\/div>\n<div class=\"\" style=\"text-align: justify;\" data-block=\"true\" data-editor=\"9f529\" data-offset-key=\"fs8tp-0-0\">\n<div class=\"_1mf _1mj\" data-offset-key=\"fs8tp-0-0\"><strong><span style=\"vertical-align: inherit;\"><span style=\"vertical-align: inherit;\"><span style=\"vertical-align: inherit;\"><span style=\"vertical-align: inherit;\">De los Informes (y \/ o solicitudes) del DEM.-<\/span><\/span><\/span><\/span><\/strong><\/div>\n<\/div>\n<div class=\"\" style=\"text-align: justify;\" data-block=\"true\" data-editor=\"9f529\" data-offset-key=\"d0sof-0-0\">\n<div class=\"_1mf _1mj\" data-offset-key=\"d0sof-0-0\"><span data-offset-key=\"d0sof-0-0\"><strong><span style=\"vertical-align: inherit;\"><span style=\"vertical-align: inherit;\"><span style=\"vertical-align: inherit;\"><span style=\"vertical-align: inherit;\">18) Nota R. N\u00ba 638 -HCD-18.-<\/span><\/span><\/span><\/span><\/strong><span style=\"vertical-align: inherit;\"><span style=\"vertical-align: inherit;\"><span style=\"vertical-align: inherit;\"><span style=\"vertical-align: inherit;\"> Juez de Faltas Municipal, Dra. <\/span><\/span><\/span><span style=\"vertical-align: inherit;\"><span style=\"vertical-align: inherit;\"><span style=\"vertical-align: inherit;\">Erika Coy, responde Nota Emitida N\u00ba 213-HCD-2018, ref.: Problema que genera los Animales Sueltos en la V\u00eda P\u00fablica.-<\/span><\/span><\/span><\/span><\/span><\/div>\n<\/div>\n<div class=\"\" style=\"text-align: justify;\" data-block=\"true\" data-editor=\"9f529\" data-offset-key=\"cgg7c-0-0\">\n<div class=\"_1mf _1mj\" data-offset-key=\"cgg7c-0-0\"><span data-offset-key=\"cgg7c-0-0\">\u00a0<\/span><\/div>\n<\/div>\n<div class=\"\" style=\"text-align: justify;\" data-block=\"true\" data-editor=\"9f529\" data-offset-key=\"ampns-0-0\">\n<div class=\"_1mf _1mj\" data-offset-key=\"ampns-0-0\"><span data-offset-key=\"ampns-0-0\"><strong><span style=\"vertical-align: inherit;\"><span style=\"vertical-align: inherit;\"><span style=\"vertical-align: inherit;\"><span style=\"vertical-align: inherit;\">19) Nota R. N\u00ba 643 -HCD-18.-<\/span><\/span><\/span><\/span><\/strong><span style=\"vertical-align: inherit;\"><span style=\"vertical-align: inherit;\"><span style=\"vertical-align: inherit;\"><span style=\"vertical-align: inherit;\"> Secretar\u00eda de Desarrollo Social y Humano, Sra. <\/span><\/span><\/span><span style=\"vertical-align: inherit;\"><span style=\"vertical-align: inherit;\"><span style=\"vertical-align: inherit;\">Alejandra Rubiolo, solicite en forma de pr\u00e9stamo las Banderas de Ceremonia.-<\/span><\/span><\/span><\/span><\/span><\/div>\n<\/div>\n<div class=\"\" style=\"text-align: justify;\" data-block=\"true\" data-editor=\"9f529\" data-offset-key=\"1g542-0-0\">\n<div class=\"_1mf _1mj\" data-offset-key=\"1g542-0-0\"><span data-offset-key=\"1g542-0-0\">\u00a0<\/span><\/div>\n<\/div>\n<div class=\"\" style=\"text-align: justify;\" data-block=\"true\" data-editor=\"9f529\" data-offset-key=\"68hl0-0-0\">\n<div class=\"_1mf _1mj\" data-offset-key=\"68hl0-0-0\"><span data-offset-key=\"68hl0-0-0\"><strong><span style=\"vertical-align: inherit;\"><span style=\"vertical-align: inherit;\"><span style=\"vertical-align: inherit;\"><span style=\"vertical-align: inherit;\">20) Nota R. N\u00ba 647 -HCD-18.-<\/span><\/span><\/span><\/span><\/strong><span style=\"vertical-align: inherit;\"><span style=\"vertical-align: inherit;\"><span style=\"vertical-align: inherit;\"><span style=\"vertical-align: inherit;\"> Directora de Catastro Municipal, Sra. <\/span><\/span><\/span><span style=\"vertical-align: inherit;\"><span style=\"vertical-align: inherit;\"><span style=\"vertical-align: inherit;\">Rosana Sirka, nota elevada del Sr. Antonio Sibio y Lautaro Reiriz los que solicitan se revea la Zona R 4.-<\/span><\/span><\/span><\/span><\/span><\/div>\n<\/div>\n<div class=\"\" style=\"text-align: justify;\" data-block=\"true\" data-editor=\"9f529\" data-offset-key=\"1eulc-0-0\">\n<div class=\"_1mf _1mj\" data-offset-key=\"1eulc-0-0\"><span data-offset-key=\"1eulc-0-0\">\u00a0<\/span><\/div>\n<\/div>\n<div class=\"\" style=\"text-align: justify;\" data-block=\"true\" data-editor=\"9f529\" data-offset-key=\"51b8q-0-0\">\n<div class=\"_1mf _1mj\" data-offset-key=\"51b8q-0-0\"><span data-offset-key=\"51b8q-0-0\"><strong><span style=\"vertical-align: inherit;\"><span style=\"vertical-align: inherit;\"><span style=\"vertical-align: inherit;\"><span style=\"vertical-align: inherit;\">21) Nota R. N\u00ba 648 -HCD-18.-<\/span><\/span><\/span><\/span><\/strong><span style=\"vertical-align: inherit;\"><span style=\"vertical-align: inherit;\"><span style=\"vertical-align: inherit;\"><span style=\"vertical-align: inherit;\"> Directora de Obras Privadas de la Municipalidad de la Villa de Merlo, Arq. <\/span><\/span><\/span><span style=\"vertical-align: inherit;\"><span style=\"vertical-align: inherit;\"><span style=\"vertical-align: inherit;\">Antonella Laudo Malet y Secretario de Gesti\u00f3n Territorial, Arq. <\/span><\/span><\/span><span style=\"vertical-align: inherit;\"><span style=\"vertical-align: inherit;\"><span style=\"vertical-align: inherit;\">Nicol\u00e1s Rosatti, solicitante de la Homologaci\u00f3n del Convenio Marco de Cooperaci\u00f3n realizado entre el Municipio y el Colegio de Ingenieros y T\u00e9cnicos de la Pcia. <\/span><\/span><\/span><span style=\"vertical-align: inherit;\"><span style=\"vertical-align: inherit;\"><span style=\"vertical-align: inherit;\">de San Luis.-<\/span><\/span><\/span><\/span><\/span><\/div>\n<\/div>\n<div class=\"\" style=\"text-align: justify;\" data-block=\"true\" data-editor=\"9f529\" data-offset-key=\"99ps3-0-0\">\n<div class=\"_1mf _1mj\" data-offset-key=\"99ps3-0-0\"><span data-offset-key=\"99ps3-0-0\">\u00a0<\/span><\/div>\n<\/div>\n<div class=\"\" style=\"text-align: justify;\" data-block=\"true\" data-editor=\"9f529\" data-offset-key=\"426aj-0-0\">\n<div class=\"_1mf _1mj\" data-offset-key=\"426aj-0-0\"><span data-offset-key=\"426aj-0-0\"><strong><span style=\"vertical-align: inherit;\"><span style=\"vertical-align: inherit;\"><span style=\"vertical-align: inherit;\"><span style=\"vertical-align: inherit;\">22) Nota R. N\u00ba649 -HCD-18.-<\/span><\/span><\/span><\/span><\/strong><span style=\"vertical-align: inherit;\"><span style=\"vertical-align: inherit;\"><span style=\"vertical-align: inherit;\"><span style=\"vertical-align: inherit;\">\u00a0<\/span><\/span><\/span><\/span><\/span>Directora de Obras Privadas de la Municipalidad de la Villa de Merlo, Arq. Antonella Laudo Malet, eleva nota del Colegio de Ingenieros y T\u00e9cnicos de la Ingenier\u00eda de la Provincia de San Luis, referida al Convenio suscripto con el Municipio, para consideraci\u00f3n.-<\/div>\n<\/div>\n<div class=\"\" style=\"text-align: justify;\" data-block=\"true\" data-editor=\"9f529\" data-offset-key=\"5mm4n-0-0\">\n<div class=\"_1mf _1mj\" data-offset-key=\"5mm4n-0-0\"><span data-offset-key=\"5mm4n-0-0\">\u00a0<\/span><\/div>\n<\/div>\n<div class=\"\" style=\"text-align: justify;\" data-block=\"true\" data-editor=\"9f529\" data-offset-key=\"3f61-0-0\">\n<div class=\"_1mf _1mj\" data-offset-key=\"3f61-0-0\"><span data-offset-key=\"3f61-0-0\"><strong><span style=\"vertical-align: inherit;\"><span style=\"vertical-align: inherit;\"><span style=\"vertical-align: inherit;\"><span style=\"vertical-align: inherit;\">23) Nota R. N\u00ba 650 -HCD-18.-<\/span><\/span><\/span><\/span><\/strong><span style=\"vertical-align: inherit;\"><span style=\"vertical-align: inherit;\"><span style=\"vertical-align: inherit;\"><span style=\"vertical-align: inherit;\"> Directora de Obras Privadas de la Municipalidad de la Villa de Merlo, Arq. <\/span><\/span><\/span><span style=\"vertical-align: inherit;\"><span style=\"vertical-align: inherit;\"><span style=\"vertical-align: inherit;\">Antonella Laudo Malet, eleva copias de Planos de Relevamiento con infracci\u00f3n a las Ordenanzas vigentes, para su consideraci\u00f3n.-<\/span><\/span><\/span><\/span><\/span><\/div>\n<\/div>\n<div class=\"\" style=\"text-align: justify;\" data-block=\"true\" data-editor=\"9f529\" data-offset-key=\"7lpaa-0-0\">\n<div class=\"_1mf _1mj\" data-offset-key=\"7lpaa-0-0\"><span data-offset-key=\"7lpaa-0-0\">\u00a0<\/span><\/div>\n<\/div>\n<div class=\"\" style=\"text-align: justify;\" data-block=\"true\" data-editor=\"9f529\" data-offset-key=\"cdgj7-0-0\">\n<div class=\"_1mf _1mj\" data-offset-key=\"cdgj7-0-0\"><span data-offset-key=\"cdgj7-0-0\"><strong><span style=\"vertical-align: inherit;\"><span style=\"vertical-align: inherit;\"><span style=\"vertical-align: inherit;\"><span style=\"vertical-align: inherit;\">24) Nota R. N\u00ba 673-HCD-18.-<\/span><\/span><\/span><\/span><\/strong><span style=\"vertical-align: inherit;\"><span style=\"vertical-align: inherit;\"><span style=\"vertical-align: inherit;\"><span style=\"vertical-align: inherit;\"> Secretar\u00eda de Hacienda de la Municipalidad de la Villa de Merlo, Srta. <\/span><\/span><\/span><span style=\"vertical-align: inherit;\"><span style=\"vertical-align: inherit;\"><span style=\"vertical-align: inherit;\">Cecilia Greco, remite para su tratamiento adecuado, el Balance del 1\u00ba Trimestre del a\u00f1o 2018 que consta de 691 fojas.-<\/span><\/span><\/span><\/span><\/span><\/div>\n<\/div>\n<div class=\"\" style=\"text-align: justify;\" data-block=\"true\" data-editor=\"9f529\" data-offset-key=\"9jisb-0-0\">\n<div class=\"_1mf _1mj\" data-offset-key=\"9jisb-0-0\"><span data-offset-key=\"9jisb-0-0\">\u00a0<\/span><\/div>\n<\/div>\n<div class=\"\" style=\"text-align: justify;\" data-block=\"true\" data-editor=\"9f529\" data-offset-key=\"vj99-0-0\">\n<div class=\"_1mf _1mj\" data-offset-key=\"vj99-0-0\"><strong><span style=\"vertical-align: inherit;\"><span style=\"vertical-align: inherit;\"><span style=\"vertical-align: inherit;\"><span style=\"vertical-align: inherit;\">De las Peticiones o Asuntos Particulares.-<\/span><\/span><\/span><\/span><\/strong><\/div>\n<\/div>\n<div class=\"\" style=\"text-align: justify;\" data-block=\"true\" data-editor=\"9f529\" data-offset-key=\"fchu0-0-0\">\n<div class=\"_1mf _1mj\" data-offset-key=\"fchu0-0-0\"><span data-offset-key=\"fchu0-0-0\"><strong><span style=\"vertical-align: inherit;\"><span style=\"vertical-align: inherit;\"><span style=\"vertical-align: inherit;\"><span style=\"vertical-align: inherit;\">25) Nota R. N\u00ba 639 -HCD-18.-<\/span><\/span><\/span><\/span><\/strong><span style=\"vertical-align: inherit;\"><span style=\"vertical-align: inherit;\"><span style=\"vertical-align: inherit;\"><span style=\"vertical-align: inherit;\"> Sra. <\/span><\/span><\/span><span style=\"vertical-align: inherit;\"><span style=\"vertical-align: inherit;\"><span style=\"vertical-align: inherit;\">Margarita Bohler, elevando solicitando la Aprobaci\u00f3n de los Planos de Divisi\u00f3n, un fin de regularizar la Escritura.<\/span><\/span><\/span><\/span><\/span><\/div>\n<\/div>\n<div class=\"\" style=\"text-align: justify;\" data-block=\"true\" data-editor=\"9f529\" data-offset-key=\"7g71o-0-0\">\n<div class=\"_1mf _1mj\" data-offset-key=\"7g71o-0-0\"><span data-offset-key=\"7g71o-0-0\">\u00a0<\/span><\/div>\n<\/div>\n<div class=\"\" style=\"text-align: justify;\" data-block=\"true\" data-editor=\"9f529\" data-offset-key=\"2gqlg-0-0\">\n<div class=\"_1mf _1mj\" data-offset-key=\"2gqlg-0-0\"><span data-offset-key=\"2gqlg-0-0\"><strong><span style=\"vertical-align: inherit;\"><span style=\"vertical-align: inherit;\"><span style=\"vertical-align: inherit;\"><span style=\"vertical-align: inherit;\">26) Nota R. N\u00ba 642 -HCD-18.-<\/span><\/span><\/span><\/span><\/strong><span style=\"vertical-align: inherit;\"><span style=\"vertical-align: inherit;\"><span style=\"vertical-align: inherit;\"><span style=\"vertical-align: inherit;\"> Sr. Leonardo Davicino, solicit\u00f3 la reuni\u00f3n con la Comisi\u00f3n que est\u00e1 tratando el cambio de sentido de las Avenidas &#8220;El Cipr\u00e9s&#8221; y &#8220;Padre Tissera&#8221;, con el objeto de plantear posibles inconvenientes.-<\/span><\/span><\/span><\/span><\/span><\/div>\n<\/div>\n<div class=\"\" style=\"text-align: justify;\" data-block=\"true\" data-editor=\"9f529\" data-offset-key=\"39ta6-0-0\">\n<div class=\"_1mf _1mj\" data-offset-key=\"39ta6-0-0\"><span data-offset-key=\"39ta6-0-0\">\u00a0<\/span><\/div>\n<\/div>\n<div class=\"\" style=\"text-align: justify;\" data-block=\"true\" data-editor=\"9f529\" data-offset-key=\"caqs1-0-0\">\n<div class=\"_1mf _1mj\" data-offset-key=\"caqs1-0-0\"><span data-offset-key=\"caqs1-0-0\"><strong><span style=\"vertical-align: inherit;\"><span style=\"vertical-align: inherit;\"><span style=\"vertical-align: inherit;\"><span style=\"vertical-align: inherit;\">27) Nota R. N\u00ba 644-HCD-18.-<\/span><\/span><\/span><\/span><\/strong><span style=\"vertical-align: inherit;\"><span style=\"vertical-align: inherit;\"><span style=\"vertical-align: inherit;\"><span style=\"vertical-align: inherit;\"> Sra. <\/span><\/span><\/span><span style=\"vertical-align: inherit;\"><span style=\"vertical-align: inherit;\"><span style=\"vertical-align: inherit;\">Mar\u00eda Virginia Garc\u00eda, solicit\u00f3 una excepci\u00f3n de la Ordenanza N\u00ba 0744, con el motivo de habilitar una casa de t\u00e9, en el edificio de la Vieja Usina del Rinc\u00f3n del Este.<\/span><\/span><\/span><\/span><\/span><\/div>\n<\/div>\n<div class=\"\" style=\"text-align: justify;\" data-block=\"true\" data-editor=\"9f529\" data-offset-key=\"9bso6-0-0\">\n<div class=\"_1mf _1mj\" data-offset-key=\"9bso6-0-0\"><span data-offset-key=\"9bso6-0-0\">\u00a0<\/span><\/div>\n<\/div>\n<div class=\"\" style=\"text-align: justify;\" data-block=\"true\" data-editor=\"9f529\" data-offset-key=\"bbumd-0-0\">\n<div class=\"_1mf _1mj\" data-offset-key=\"bbumd-0-0\"><span data-offset-key=\"bbumd-0-0\"><strong><span style=\"vertical-align: inherit;\"><span style=\"vertical-align: inherit;\"><span style=\"vertical-align: inherit;\"><span style=\"vertical-align: inherit;\">28) Nota R. N\u00ba 645-HCD-18.-<\/span><\/span><\/span><\/span><\/strong><span style=\"vertical-align: inherit;\"><span style=\"vertical-align: inherit;\"><span style=\"vertical-align: inherit;\"><span style=\"vertical-align: inherit;\"> Profesores de Kick Boxing, Defensa Personal, Miguel Ferrero y N\u00e9stor Ferrero, solicitan respaldo para que sus alumnos puedan viajar a los torneos en representaci\u00f3n de la Villa de Merlo.-<\/span><\/span><\/span><\/span><\/span><\/div>\n<\/div>\n<div class=\"\" style=\"text-align: justify;\" data-block=\"true\" data-editor=\"9f529\" data-offset-key=\"3sqbv-0-0\">\n<div class=\"_1mf _1mj\" data-offset-key=\"3sqbv-0-0\"><span data-offset-key=\"3sqbv-0-0\">\u00a0<\/span><\/div>\n<\/div>\n<div class=\"\" style=\"text-align: justify;\" data-block=\"true\" data-editor=\"9f529\" data-offset-key=\"evu5m-0-0\">\n<div class=\"_1mf _1mj\" data-offset-key=\"evu5m-0-0\"><span data-offset-key=\"evu5m-0-0\"><strong><span style=\"vertical-align: inherit;\"><span style=\"vertical-align: inherit;\"><span style=\"vertical-align: inherit;\"><span style=\"vertical-align: inherit;\">29) Nota R. N\u00ba 646-HCD-18.-<\/span><\/span><\/span><\/span><\/strong><span style=\"vertical-align: inherit;\"><span style=\"vertical-align: inherit;\"><span style=\"vertical-align: inherit;\"><span style=\"vertical-align: inherit;\"> Sr. Rub\u00e9n Dar\u00edo Gallardo, solicitud de declaraci\u00f3n de Inter\u00e9s Cultural, evento &#8220;Soy de San Luis&#8221; que se realiz\u00f3 el d\u00eda 22 de Septiembre a las 19 hs. <\/span><\/span><\/span><span style=\"vertical-align: inherit;\"><span style=\"vertical-align: inherit;\"><span style=\"vertical-align: inherit;\">en la Casa del Poeta.-<\/span><\/span><\/span><\/span><\/span><\/div>\n<\/div>\n<div class=\"\" style=\"text-align: justify;\" data-block=\"true\" data-editor=\"9f529\" data-offset-key=\"fk3if-0-0\">\n<div class=\"_1mf _1mj\" data-offset-key=\"fk3if-0-0\"><span data-offset-key=\"fk3if-0-0\">\u00a0<\/span><\/div>\n<\/div>\n<div class=\"\" style=\"text-align: justify;\" data-block=\"true\" data-editor=\"9f529\" data-offset-key=\"eqv38-0-0\">\n<div class=\"_1mf _1mj\" data-offset-key=\"eqv38-0-0\"><span data-offset-key=\"eqv38-0-0\"><strong><span style=\"vertical-align: inherit;\"><span style=\"vertical-align: inherit;\"><span style=\"vertical-align: inherit;\"><span style=\"vertical-align: inherit;\">30) Nota R. N\u00ba 651-HCD-18.-<\/span><\/span><\/span><\/span><\/strong><span style=\"vertical-align: inherit;\"><span style=\"vertical-align: inherit;\"><span style=\"vertical-align: inherit;\"><span style=\"vertical-align: inherit;\"> Sr. Ra\u00fal Zalazar, solicitud para participar en la presentaci\u00f3n del Profesor. <\/span><\/span><\/span><span style=\"vertical-align: inherit;\"><span style=\"vertical-align: inherit;\"><span style=\"vertical-align: inherit;\">Todone, para ampliar algunos conceptos Legales y poder conciliar y complementarios posibles alternativas.-<\/span><\/span><\/span><\/span><\/span><\/div>\n<\/div>\n<div class=\"\" style=\"text-align: justify;\" data-block=\"true\" data-editor=\"9f529\" data-offset-key=\"5unr7-0-0\">\n<div class=\"_1mf _1mj\" data-offset-key=\"5unr7-0-0\"><span data-offset-key=\"5unr7-0-0\">\u00a0<\/span><\/div>\n<\/div>\n<div class=\"\" style=\"text-align: justify;\" data-block=\"true\" data-editor=\"9f529\" data-offset-key=\"a4hk4-0-0\">\n<div class=\"_1mf _1mj\" data-offset-key=\"a4hk4-0-0\"><span data-offset-key=\"a4hk4-0-0\"><strong><span style=\"vertical-align: inherit;\"><span style=\"vertical-align: inherit;\"><span style=\"vertical-align: inherit;\"><span style=\"vertical-align: inherit;\">31) Nota R. N\u00ba 662-HCD-18.-<\/span><\/span><\/span><\/span><\/strong><span style=\"vertical-align: inherit;\"><span style=\"vertical-align: inherit;\"><span style=\"vertical-align: inherit;\"><span style=\"vertical-align: inherit;\"> Vecinos de la Calle &#8220;Chacho Pe\u00f1aloza&#8221; de Piedra Blanca Abajo, no solicitando se incorpora en el presupuesto del a\u00f1o siguiente para tendido el\u00e9ctrico.-<\/span><\/span><\/span><\/span><\/span><\/div>\n<\/div>\n<div class=\"\" style=\"text-align: justify;\" data-block=\"true\" data-editor=\"9f529\" data-offset-key=\"3ekqb-0-0\">\n<div class=\"_1mf _1mj\" data-offset-key=\"3ekqb-0-0\"><strong>\u00a0<\/strong><\/div>\n<\/div>\n<div class=\"\" style=\"text-align: justify;\" data-block=\"true\" data-editor=\"9f529\" data-offset-key=\"cvpck-0-0\">\n<div class=\"_1mf _1mj\" data-offset-key=\"cvpck-0-0\"><span data-offset-key=\"cvpck-0-0\"><strong><span style=\"vertical-align: inherit;\"><span style=\"vertical-align: inherit;\"><span style=\"vertical-align: inherit;\"><span style=\"vertical-align: inherit;\">32) Nota R. N\u00ba 663-HCD-18.-<\/span><\/span><\/span><\/span><\/strong><span style=\"vertical-align: inherit;\"><span style=\"vertical-align: inherit;\"><span style=\"vertical-align: inherit;\"><span style=\"vertical-align: inherit;\"> Presidente y Secretaria del Barrio los Cha\u00f1ares, solicitan Espacio, para ser usado como &#8220;Espacio de Recreaci\u00f3n&#8221; .-<\/span><\/span><\/span><\/span><\/span><\/div>\n<\/div>\n<div class=\"\" style=\"text-align: justify;\" data-block=\"true\" data-editor=\"9f529\" data-offset-key=\"b3l56-0-0\">\n<div class=\"_1mf _1mj\" data-offset-key=\"b3l56-0-0\"><span data-offset-key=\"b3l56-0-0\">\u00a0<\/span><\/div>\n<\/div>\n<div class=\"\" style=\"text-align: justify;\" data-block=\"true\" data-editor=\"9f529\" data-offset-key=\"40g75-0-0\">\n<div class=\"_1mf _1mj\" data-offset-key=\"40g75-0-0\"><span data-offset-key=\"40g75-0-0\"><strong><span style=\"vertical-align: inherit;\"><span style=\"vertical-align: inherit;\"><span style=\"vertical-align: inherit;\"><span style=\"vertical-align: inherit;\">33) Nota R. N\u00ba 671-HCD-18.-<\/span><\/span><\/span><\/span><\/strong><span style=\"vertical-align: inherit;\"><span style=\"vertical-align: inherit;\"><span style=\"vertical-align: inherit;\"><span style=\"vertical-align: inherit;\"> Asociaci\u00f3n de Taxis de la Villa de Merlo pone en conocimiento inconvenientes que est\u00e1n ocasionando los choferes de los m\u00f3viles 22 y 23.-<\/span><\/span><\/span><\/span><\/span><\/div>\n<\/div>\n<div class=\"\" style=\"text-align: justify;\" data-block=\"true\" data-editor=\"9f529\" data-offset-key=\"f3gbv-0-0\">\n<div class=\"_1mf _1mj\" data-offset-key=\"f3gbv-0-0\"><span data-offset-key=\"f3gbv-0-0\">\u00a0<\/span><\/div>\n<\/div>\n<div class=\"\" data-block=\"true\" data-editor=\"9f529\" data-offset-key=\"175s3-0-0\">\n<div class=\"_1mf _1mj\" style=\"text-align: justify;\" data-offset-key=\"175s3-0-0\"><span data-offset-key=\"175s3-0-0\"><strong><span style=\"vertical-align: inherit;\"><span style=\"vertical-align: inherit;\"><span style=\"vertical-align: inherit;\"><span style=\"vertical-align: inherit;\">34) Nota R. N\u00ba 672-HCD-18.-<\/span><\/span><\/span><\/span><\/strong><span style=\"vertical-align: inherit;\"><span style=\"vertical-align: inherit;\"><span style=\"vertical-align: inherit;\"><span style=\"vertical-align: inherit;\"> Asociaci\u00f3n de Remisos de la Villa de Merlo, elevaci\u00f3n de la nota enviada al Director de Transporte, Sr. Mario Jofr\u00e9, fin de informar sobre el mal de la Asociaci\u00f3n sobre m\u00f3viles de taxis N\u00ba 22 y 23.-<\/span><\/span><\/span><\/span><\/span><\/div>\n<\/div>\n","protected":false},"excerpt":{"rendered":"<p>ORDEN DEL D\u00cdA &#8211; SESI\u00d3N ORDINARIA FECHA: 13 DE SETIEMBRE DE 2018 ACTA N\u00ba 025-HCD-2018.- \u00a0 BANCA DEL VECINO: Agrupaci\u00f3n Juvennat, para la preocupaci\u00f3n por el destino que le est\u00e1 dando a los espacios p\u00fablicos.- \u00a0 De las Actas: 1) Lectura y Aprobaci\u00f3n de Actas Anteriores.- \u2022 Acta N\u00ba 022 del d\u00eda 23 de Agosto<\/p><\/div>\n<div class=\"blog-btn\"><a href=\"https:\/\/hcdvillademerlo.com\/index.php\/2018\/09\/13\/orden-del-dia-sesion-ordinaria-fecha-13-de-setiembre-de-2018-acta-no-25-hcd-2018\/\" class=\"home-blog-btn\">Leer m\u00e1s<\/a><\/p>\n","protected":false},"author":1,"featured_media":0,"comment_status":"closed","ping_status":"closed","sticky":false,"template":"","format":"standard","meta":{"footnotes":""},"categories":[7],"tags":[],"class_list":["post-3623","post","type-post","status-publish","format-standard","hentry","category-orden-del-dia"],"_links":{"self":[{"href":"https:\/\/hcdvillademerlo.com\/index.php\/wp-json\/wp\/v2\/posts\/3623","targetHints":{"allow":["GET"]}}],"collection":[{"href":"https:\/\/hcdvillademerlo.com\/index.php\/wp-json\/wp\/v2\/posts"}],"about":[{"href":"https:\/\/hcdvillademerlo.com\/index.php\/wp-json\/wp\/v2\/types\/post"}],"author":[{"embeddable":true,"href":"https:\/\/hcdvillademerlo.com\/index.php\/wp-json\/wp\/v2\/users\/1"}],"replies":[{"embeddable":true,"href":"https:\/\/hcdvillademerlo.com\/index.php\/wp-json\/wp\/v2\/comments?post=3623"}],"version-history":[{"count":0,"href":"https:\/\/hcdvillademerlo.com\/index.php\/wp-json\/wp\/v2\/posts\/3623\/revisions"}],"wp:attachment":[{"href":"https:\/\/hcdvillademerlo.com\/index.php\/wp-json\/wp\/v2\/media?parent=3623"}],"wp:term":[{"taxonomy":"category","embeddable":true,"href":"https:\/\/hcdvillademerlo.com\/index.php\/wp-json\/wp\/v2\/categories?post=3623"},{"taxonomy":"post_tag","embeddable":true,"href":"https:\/\/hcdvillademerlo.com\/index.php\/wp-json\/wp\/v2\/tags?post=3623"}],"curies":[{"name":"wp","href":"https:\/\/api.w.org\/{rel}","templated":true}]}}